{"id":390446,"date":"2025-09-14T14:49:24","date_gmt":"2025-09-14T14:49:24","guid":{"rendered":"https:\/\/www.europesays.com\/fr\/390446\/"},"modified":"2025-09-14T14:49:24","modified_gmt":"2025-09-14T14:49:24","slug":"direct-ligue-1-suivez-le-match-brest-paris-fc-avec-ici-breizh-izel","status":"publish","type":"post","link":"https:\/\/www.europesays.com\/fr\/390446\/","title":{"rendered":"DIRECT &#8211; Ligue 1 : Suivez le match Brest-Paris FC avec ICI Breizh Izel"},"content":{"rendered":"<p>Scotch\u00e9 en bas de classement, le Stade Brestois esp\u00e8re d\u00e9crocher sa premi\u00e8re victoire de la saison ce dimanche au stade Francis-Le Bl\u00e9 face au Paris FC. Cette rencontre de la 4e journ\u00e9e de Ligue 1 est \u00e0 vivre en direct sur ICI Breizh Izel, \u00e0 partir de 17h15.<\/p>\n<p>Le Stade Brestois 29 retrouve son public dimanche, pr\u00e8s d&rsquo;un mois apr\u00e8s son nul inaugural face \u00e0 Lille (3-3) au stade Francis-Le Bl\u00e9. Entretemps, les Ti Zefs ont subi deux revers cons\u00e9cutifs \u00e0 Toulouse (2-0) et \u00e0 Lens (3-1). Il y a donc urgence \u00e0 renouer avec la victoire pour lancer enfin la saison et s&rsquo;extirper de la zone rouge.<\/p>\n<p>Mais si la fin du mercato a permis de renforcer l&rsquo;effectif, c&rsquo;est une \u00e9quipe bretonne diminu\u00e9e qui accueille l&rsquo;ambitieux promu parisien. Rados\u0142aw Majecki et\u00a0Hugo Magnetti sont suspendus.\u00a0<a class=\"IciLink ici-link IciArticleLink g-ici-body-regular-1 underline brand svelte-lu7k6w\" href=\"https:\/\/www.francebleu.fr\/sports\/football\/c-est-un-club-qui-me-correspond-lucas-tousart-revient-sur-son-arrivee-au-stade-brestois-7159641\" rel=\"nofollow noopener\" target=\"_blank\">Lucas Tousart est bless\u00e9<\/a>, et Eric-Junior Dina-Ebimbe voire\u00a0Ludovic Ajorque sont incertains. Avec d\u00e9j\u00e0 8 buts encaiss\u00e9s, Brest et le Paris FC sont les pires d\u00e9fenses du championnat apr\u00e8s Lorient.<\/p>\n<p>Les deux \u00e9quipes se sont affront\u00e9es 8 fois dans leur histoire (entre 2014 et 2019) mais jamais en Premi\u00e8re division. Ce match marque aussi le retour \u00e0 Le Bl\u00e9 de Pierre Lees-Melou,\u00a0<a class=\"IciLink ici-link IciArticleLink g-ici-body-regular-1 underline brand svelte-lu7k6w\" href=\"https:\/\/www.francebleu.fr\/sports\/football\/mercato-ligue-1-pierre-lees-melou-quitte-le-stade-brestois-et-rejoint-le-paris-fc-7729630\" rel=\"nofollow noopener\" target=\"_blank\">qui a sign\u00e9 au PFC en fin de mercato<\/a>.<\/p>\n<p>\u00c9coutez le match en direct <\/p>\n<p>loading<\/p>\n<p>loading<\/p>\n<p>loading<\/p>\n<p>loading<\/p>\n","protected":false},"excerpt":{"rendered":"Scotch\u00e9 en bas de classement, le Stade Brestois esp\u00e8re d\u00e9crocher sa premi\u00e8re victoire de la saison ce dimanche&hellip;\n","protected":false},"author":2,"featured_media":390447,"comment_status":"","ping_status":"","sticky":false,"template":"","format":"standard","meta":{"footnotes":""},"categories":[1888],"tags":[11,1777,674,1011,27,12,626,25],"class_list":{"0":"post-390446","1":"post","2":"type-post","3":"status-publish","4":"format-standard","5":"has-post-thumbnail","7":"category-paris","8":"tag-actualites","9":"tag-eu","10":"tag-europe","11":"tag-fr","12":"tag-france","13":"tag-news","14":"tag-paris","15":"tag-republique-francaise"},"share_on_mastodon":{"url":"https:\/\/pubeurope.com\/@fr\/115203208989199153","error":""},"_links":{"self":[{"href":"https:\/\/www.europesays.com\/fr\/wp-json\/wp\/v2\/posts\/390446","targetHints":{"allow":["GET"]}}],"collection":[{"href":"https:\/\/www.europesays.com\/fr\/wp-json\/wp\/v2\/posts"}],"about":[{"href":"https:\/\/www.europesays.com\/fr\/wp-json\/wp\/v2\/types\/post"}],"author":[{"embeddable":true,"href":"https:\/\/www.europesays.com\/fr\/wp-json\/wp\/v2\/users\/2"}],"replies":[{"embeddable":true,"href":"https:\/\/www.europesays.com\/fr\/wp-json\/wp\/v2\/comments?post=390446"}],"version-history":[{"count":0,"href":"https:\/\/www.europesays.com\/fr\/wp-json\/wp\/v2\/posts\/390446\/revisions"}],"wp:featuredmedia":[{"embeddable":true,"href":"https:\/\/www.europesays.com\/fr\/wp-json\/wp\/v2\/media\/390447"}],"wp:attachment":[{"href":"https:\/\/www.europesays.com\/fr\/wp-json\/wp\/v2\/media?parent=390446"}],"wp:term":[{"taxonomy":"category","embeddable":true,"href":"https:\/\/www.europesays.com\/fr\/wp-json\/wp\/v2\/categories?post=390446"},{"taxonomy":"post_tag","embeddable":true,"href":"https:\/\/www.europesays.com\/fr\/wp-json\/wp\/v2\/tags?post=390446"}],"curies":[{"name":"wp","href":"https:\/\/api.w.org\/{rel}","templated":true}]}}