{"id":390448,"date":"2025-09-14T14:50:19","date_gmt":"2025-09-14T14:50:19","guid":{"rendered":"https:\/\/www.europesays.com\/fr\/390448\/"},"modified":"2025-09-14T14:50:19","modified_gmt":"2025-09-14T14:50:19","slug":"un-nouveau-defi-pour-la-securite-et-la-stabilite-regionales-denonce-le-ministere-de-la-defense-roumain","status":"publish","type":"post","link":"https:\/\/www.europesays.com\/fr\/390448\/","title":{"rendered":"\u00ab\u00a0Un nouveau d\u00e9fi pour la s\u00e9curit\u00e9 et la stabilit\u00e9 r\u00e9gionales\u00a0\u00bb, d\u00e9nonce le minist\u00e8re de la D\u00e9fense roumain"},"content":{"rendered":"\n<p class=\"c-chapo \">\n  La Roumanie avait signal\u00e9 samedi soir que son espace a\u00e9rien avait \u00e9t\u00e9 viol\u00e9 par un drone lors d&rsquo;une attaque russe contre des infrastructures ukrainiennes.\n<\/p>\n<p>            lire plus tard<\/p>\n<p id=\"dialog__title\" class=\"dialog__title\">Pour sauvegarder cet article, connectez-vous ou cr\u00e9ez un compte franceinfo<\/p>\n<p class=\"dialog__description\">Sans paiement. Sans abonnement.<\/p>\n<p>        Fermer la fen\u00eatre d\u2019activation des notifications France Info<\/p>\n<p>            cr\u00e9er votre compte<\/p>\n<p>            se connecter<\/p>\n<p>        Fermer la fen\u00eatre de pr\u00e9sentation<\/p>\n<p>    <img loading=\"lazy\" decoding=\"async\" class=\"signature__image lazyload\" width=\"100\" height=\"100\" data- alt=\"\" src=\"https:\/\/www.europesays.com\/fr\/wp-content\/uploads\/2025\/05\/64a68815cd1a7_placeholder-36b69ec8.png\"\/><\/p>\n<p>    Publi\u00e9 le 14\/09\/2025 16:30<\/p>\n<p>      Mis \u00e0 jour le 14\/09\/2025 16:48<\/p>\n<p>        Temps de lecture : 2min<\/p>\n<p>    <img decoding=\"async\"  alt=\"Un avion F-16 en Roumanie, le 13 novembre 2023. (KEIGO SAKAI \/ YOMIURI \/ AFP)\" width=\"432\" height=\"243\" src=\"https:\/\/www.europesays.com\/fr\/wp-content\/uploads\/2025\/09\/053-ar-23115romania0106-68c6d08e1b56a865812225.jpg\" fetchpriority=\"high\"\/><\/p>\n<p>      Un avion F-16 en Roumanie, le 13 novembre 2023. (KEIGO SAKAI \/ YOMIURI \/ AFP)<\/p>\n<p>Les provocations de la Russie se multiplient. <a href=\"https:\/\/www.franceinfo.fr\/monde\/europe\/manifestations-en-ukraine\/guerre-en-ukraine-la-pologne-et-la-roumanie-deploient-leurs-avions-face-a-la-menace-de-drones-russes_7490467.html\" rel=\"nofollow noopener\" target=\"_blank\">La Roumanie<\/a> a condamn\u00e9, dimanche 14\u00a0septembre, l&rsquo;intrusion d&rsquo;un drone russe dans son espace a\u00e9rien lors d&rsquo;une attaque contre l&rsquo;Ukraine voisine samedi. La Roumanie \u00ab\u00a0condamne fermement les actions irresponsables de la F\u00e9d\u00e9ration de Russie et souligne qu&rsquo;elles repr\u00e9sentent un nouveau d\u00e9fi pour la s\u00e9curit\u00e9 et la stabilit\u00e9 r\u00e9gionales dans la r\u00e9gion de la mer Noire\u00a0\u00bb, a d\u00e9clar\u00e9 le minist\u00e8re de la D\u00e9fense.<\/p>\n<p>La Roumanie avait signal\u00e9 samedi soir que son espace a\u00e9rien avait \u00e9t\u00e9 viol\u00e9 par un drone lors d&rsquo;une attaque russe contre des infrastructures ukrainiennes. D&rsquo;apr\u00e8s le communiqu\u00e9 de dimanche, il s&rsquo;agissait d&rsquo;un drone \u00ab\u00a0Geran\u00a0\u00bb, utilis\u00e9 par la Russie dans ses attaques contre l&rsquo;Ukraine. \u00ab\u00a0La violation de l&rsquo;espace a\u00e9rien roumain par des drones russes est une autre violation inacceptable de la souverainet\u00e9 d&rsquo;un Etat membre de l&rsquo;UE\u00a0\u00bb, a \u00e9crit la cheffe de la diplomatie europ\u00e9enne, Kaja Kallas, sur X. \u00ab\u00a0Cette escalade imprudente menace la s\u00e9curit\u00e9 r\u00e9gionale. Nous exprimons notre solidarit\u00e9 avec la Roumanie\u00a0\u00bb.<\/p>\n<p>La Roumanie, membre de l&rsquo;Otan, a d\u00e9p\u00each\u00e9 deux avions de combats F-16 samedi soir pour surveiller la situation. Les avions ont \u00ab\u00a0d\u00e9tect\u00e9 un drone dans l&rsquo;espace a\u00e9rien national\u00a0\u00bb, qui a survol\u00e9 pendant environ 50 minutes l&rsquo;est du pays, depuis le village de Chilia Veche, avant de quitter l&rsquo;espace a\u00e9rien national pr\u00e8s de la ville de Pardina, en direction de l&rsquo;Ukraine, selon le communiqu\u00e9. \u00ab\u00a0Les pilotes ont re\u00e7u l&rsquo;autorisation d&rsquo;abattre la cible, mais au moment o\u00f9 ils avaient un contact direct, ils ont \u00e9valu\u00e9 les risques collat\u00e9raux et ont d\u00e9cid\u00e9 de ne pas ouvrir le feu\u00a0\u00bb.<\/p>\n<p>Les avions roumains ont re\u00e7u l&rsquo;aide de leurs alli\u00e9s allemands avec \u00ab\u00a0deux avions Eurofighter Typhoon\u00a0\u00bb qui ont surveill\u00e9 la zone. L&rsquo;intrusion s&rsquo;est d\u00e9roul\u00e9e quatre jours apr\u00e8s <a href=\"https:\/\/www.franceinfo.fr\/monde\/europe\/manifestations-en-ukraine\/incursion-de-drones-russes-en-pologne-un-cas-d-attaque-sans-precedent-qui-s-inscrit-dans-une-multiplication-de-provocations-du-kremlin_7485901.html\" target=\"_blank\" rel=\"noopener nofollow\">celle de 19 drones russes dans le ciel polonais<\/a>, la premi\u00e8re de ce genre depuis le d\u00e9but de l&rsquo;invasion russe de l&rsquo;Ukraine en f\u00e9vrier 2022. Depuis, la Pologne et les pays de l&rsquo;Alliance atlantique ayant une pr\u00e9sence militaire sur son sol sont en \u00e9tat d&rsquo;alerte.<\/p>\n","protected":false},"excerpt":{"rendered":"La Roumanie avait signal\u00e9 samedi soir que son espace a\u00e9rien avait \u00e9t\u00e9 viol\u00e9 par un drone lors d&rsquo;une&hellip;\n","protected":false},"author":2,"featured_media":390449,"comment_status":"","ping_status":"","sticky":false,"template":"","format":"standard","meta":{"footnotes":""},"categories":[1591],"tags":[11,1887,12,1885,1886,132],"class_list":{"0":"post-390448","1":"post","2":"type-post","3":"status-publish","4":"format-standard","5":"has-post-thumbnail","7":"category-russie","8":"tag-actualites","9":"tag-federation-de-russie","10":"tag-news","11":"tag-russia","12":"tag-russian-federation","13":"tag-russie"},"share_on_mastodon":{"url":"https:\/\/pubeurope.com\/@fr\/115203213558486818","error":""},"_links":{"self":[{"href":"https:\/\/www.europesays.com\/fr\/wp-json\/wp\/v2\/posts\/390448","targetHints":{"allow":["GET"]}}],"collection":[{"href":"https:\/\/www.europesays.com\/fr\/wp-json\/wp\/v2\/posts"}],"about":[{"href":"https:\/\/www.europesays.com\/fr\/wp-json\/wp\/v2\/types\/post"}],"author":[{"embeddable":true,"href":"https:\/\/www.europesays.com\/fr\/wp-json\/wp\/v2\/users\/2"}],"replies":[{"embeddable":true,"href":"https:\/\/www.europesays.com\/fr\/wp-json\/wp\/v2\/comments?post=390448"}],"version-history":[{"count":0,"href":"https:\/\/www.europesays.com\/fr\/wp-json\/wp\/v2\/posts\/390448\/revisions"}],"wp:featuredmedia":[{"embeddable":true,"href":"https:\/\/www.europesays.com\/fr\/wp-json\/wp\/v2\/media\/390449"}],"wp:attachment":[{"href":"https:\/\/www.europesays.com\/fr\/wp-json\/wp\/v2\/media?parent=390448"}],"wp:term":[{"taxonomy":"category","embeddable":true,"href":"https:\/\/www.europesays.com\/fr\/wp-json\/wp\/v2\/categories?post=390448"},{"taxonomy":"post_tag","embeddable":true,"href":"https:\/\/www.europesays.com\/fr\/wp-json\/wp\/v2\/tags?post=390448"}],"curies":[{"name":"wp","href":"https:\/\/api.w.org\/{rel}","templated":true}]}}