{"id":390454,"date":"2025-09-14T14:53:10","date_gmt":"2025-09-14T14:53:10","guid":{"rendered":"https:\/\/www.europesays.com\/fr\/390454\/"},"modified":"2025-09-14T14:53:10","modified_gmt":"2025-09-14T14:53:10","slug":"wikipedia-decide-de-ne-pas-faire-appel-contre-la-loi-britannique-sur-la-securite-en-ligne-business-am","status":"publish","type":"post","link":"https:\/\/www.europesays.com\/fr\/390454\/","title":{"rendered":"Wikip\u00e9dia d\u00e9cide de ne pas faire appel contre la loi britannique sur la s\u00e9curit\u00e9 en ligne &#8211; Business AM"},"content":{"rendered":"<p>Principaux renseignements<\/p>\n<ul class=\"wp-block-list\">\n<li><strong>La Wikimedia Foundation, qui g\u00e8re Wikip\u00e9dia, ne fera pas appel de sa r\u00e9cente d\u00e9faite judiciaire concernant la loi britannique sur la s\u00e9curit\u00e9 en ligne.<\/strong><\/li>\n<li><strong>La classification potentielle de Wikip\u00e9dia comme plateforme de cat\u00e9gorie 1 suscite des inqui\u00e9tudes. Cela impliquerait en effet une v\u00e9rification de l\u2019identit\u00e9 des contributeurs et pourrait limiter l\u2019acc\u00e8s des utilisateurs britanniques.<\/strong><\/li>\n<li><strong>La Wikimedia Foundation insiste sur la n\u00e9cessit\u00e9 d\u2019une application souple de la r\u00e9glementation afin de ne pas entraver la participation en ligne et l\u2019acc\u00e8s \u00e0 l\u2019information.<\/strong><\/li>\n<\/ul>\n<p>La Wikimedia Foundation, responsable de Wikip\u00e9dia, a d\u00e9cid\u00e9 de ne pas faire appel d\u2019une r\u00e9cente perte juridique concernant <a href=\"https:\/\/fr.businessam.be\/la-loi-britannique-sur-les-contenus-sensibles-augmente-la-demande-pour-proton-vpn\/\" target=\"_blank\" rel=\"noopener\">la loi britannique sur la s\u00e9curit\u00e9 en ligne (Online Safety Act)<\/a>. Cette loi impose des r\u00e8gles plus strictes aux plateformes en ligne, suscitant un d\u00e9bat sur les menaces potentielles pour la libert\u00e9 d\u2019expression. Le gouvernement am\u00e9ricain et la Fondation Wikimedia ont fait part de leurs inqui\u00e9tudes, \u00e0 la suite de discussions similaires sur la r\u00e9glementation en ligne dans l\u2019Union europ\u00e9enne.<\/p>\n<p>Inqui\u00e9tudes concernant la classification<\/p>\n<p>L\u2019un des principaux points de discorde est la possibilit\u00e9 que Wikip\u00e9dia soit class\u00e9e comme plateforme de cat\u00e9gorie 1 en vertu de la loi. Cette classification rendrait obligatoire la v\u00e9rification de l\u2019identit\u00e9 des contributeurs, ce qui pourrait entraver l\u2019acc\u00e8s des utilisateurs au Royaume-Uni. La Fondation Wikimedia a invoqu\u00e9 cet argument dans son recours judiciaire.<\/p>\n<p>Le juge Jeremy Johnson a soulign\u00e9 que l\u2019Ofcom, l\u2019autorit\u00e9 britannique de r\u00e9gulation des communications, a le pouvoir de d\u00e9terminer quelles plateformes rel\u00e8vent de la cat\u00e9gorie 1.<\/p>\n<p>Vigilance et flexibilit\u00e9<\/p>\n<p>La Wikimedia Foundation reste vigilante face \u00e0 la situation. Un juriste senior de l\u2019organisation a soulign\u00e9 que les r\u00e8gles doivent \u00eatre appliqu\u00e9es avec souplesse. Ainsi, les utilisateurs conservent leur capacit\u00e9 \u00e0 participer en ligne et gardent un acc\u00e8s complet \u00e0 l\u2019information. (jv)<\/p>\n<p><a href=\"https:\/\/portalfr.businessam.be\/plans\/business-am-fr-offre-dete\/\" target=\"_blank\" rel=\"noreferrer noopener\">Si vous souhaitez acc\u00e9der \u00e0 tous les articles, abonnez-vous ici!<\/a><\/p>\n","protected":false},"excerpt":{"rendered":"Principaux renseignements La Wikimedia Foundation, qui g\u00e8re Wikip\u00e9dia, ne fera pas appel de sa r\u00e9cente d\u00e9faite judiciaire concernant&hellip;\n","protected":false},"author":2,"featured_media":390455,"comment_status":"","ping_status":"","sticky":false,"template":"","format":"standard","meta":{"footnotes":""},"categories":[1588],"tags":[11,1777,674,12,43000,473,1853,1851,1850,1852,52263,52264],"class_list":{"0":"post-390454","1":"post","2":"type-post","3":"status-publish","4":"format-standard","5":"has-post-thumbnail","7":"category-royaume-uni","8":"tag-actualites","9":"tag-eu","10":"tag-europe","11":"tag-news","12":"tag-online-safety-act","13":"tag-royaume-uni","14":"tag-royaume-uni-de-grande-bretagne-et-dirlande-du-nord","15":"tag-uk","16":"tag-united-kingdom","17":"tag-united-kingdom-of-great-britain-and-northern-ireland","18":"tag-wikimedia","19":"tag-wikipedia"},"share_on_mastodon":{"url":"https:\/\/pubeurope.com\/@fr\/115203224931855575","error":""},"_links":{"self":[{"href":"https:\/\/www.europesays.com\/fr\/wp-json\/wp\/v2\/posts\/390454","targetHints":{"allow":["GET"]}}],"collection":[{"href":"https:\/\/www.europesays.com\/fr\/wp-json\/wp\/v2\/posts"}],"about":[{"href":"https:\/\/www.europesays.com\/fr\/wp-json\/wp\/v2\/types\/post"}],"author":[{"embeddable":true,"href":"https:\/\/www.europesays.com\/fr\/wp-json\/wp\/v2\/users\/2"}],"replies":[{"embeddable":true,"href":"https:\/\/www.europesays.com\/fr\/wp-json\/wp\/v2\/comments?post=390454"}],"version-history":[{"count":0,"href":"https:\/\/www.europesays.com\/fr\/wp-json\/wp\/v2\/posts\/390454\/revisions"}],"wp:featuredmedia":[{"embeddable":true,"href":"https:\/\/www.europesays.com\/fr\/wp-json\/wp\/v2\/media\/390455"}],"wp:attachment":[{"href":"https:\/\/www.europesays.com\/fr\/wp-json\/wp\/v2\/media?parent=390454"}],"wp:term":[{"taxonomy":"category","embeddable":true,"href":"https:\/\/www.europesays.com\/fr\/wp-json\/wp\/v2\/categories?post=390454"},{"taxonomy":"post_tag","embeddable":true,"href":"https:\/\/www.europesays.com\/fr\/wp-json\/wp\/v2\/tags?post=390454"}],"curies":[{"name":"wp","href":"https:\/\/api.w.org\/{rel}","templated":true}]}}