{"id":390459,"date":"2025-09-14T14:56:15","date_gmt":"2025-09-14T14:56:15","guid":{"rendered":"https:\/\/www.europesays.com\/fr\/390459\/"},"modified":"2025-09-14T14:56:15","modified_gmt":"2025-09-14T14:56:15","slug":"nous-avons-eu-plus-de-1-000-spectateurs-en-une-journee-a-carcassonne-le-tournoi-de-petanque-trouve-son-public","status":"publish","type":"post","link":"https:\/\/www.europesays.com\/fr\/390459\/","title":{"rendered":"\u00ab\u00a0Nous avons eu plus de 1\u00a0000 spectateurs en une journ\u00e9e\u00a0\u00bb, \u00e0 Carcassonne le tournoi de p\u00e9tanque trouve son public"},"content":{"rendered":"<p>\n                                                                La 4e \u00e9dition du tournoi de p\u00e9tanque organis\u00e9 par\u00a0le club de Villemoustaussou et l\u2019Entente de P\u00e9tanque de Carcassonne rassemble 456 \u00e9quipes et fait le plein c\u00f4t\u00e9 spectateurs.\n                            <\/p>\n<p>\u00c0 l\u2019espace Jean Cau, pr\u00e8s du stade Albert Domec de Carcassonne, les effluves des friteuses qui fr\u00e9tillent traversent les terrains de p\u00e9tanque. Il est 10\u00a0h\u00a030, ce dimanche 14\u00a0septembre, deuxi\u00e8me jour de comp\u00e9tition du tournoi \u00e9v\u00e9nementiel organis\u00e9 par le club de Villemoustaussou en collaboration avec l\u2019Entente de P\u00e9tanque de Carcassonne.<\/p>\n<p>        <img decoding=\"async\" class=\"std-img__img responsive-img\" src=\"https:\/\/www.europesays.com\/fr\/wp-content\/uploads\/2025\/09\/1757861774_638_image.jpg\" alt=\"456 \u00e9quipes ont particip\u00e9 \u00e0 la quatri\u00e8me \u00e9dition du tournoi de p\u00e9tanque de Carcassonne.\"\/><\/p>\n<p>                456 \u00e9quipes ont particip\u00e9 \u00e0 la quatri\u00e8me \u00e9dition du tournoi de p\u00e9tanque de Carcassonne.<br \/>\n                                    L&rsquo;Ind\u00e9pendant &#8211; NATHALIE AMEN VALS<\/p>\n<p>Au total, 456 \u00e9quipes se sont affront\u00e9es dans le cadre de la quatri\u00e8me \u00e9dition de cet \u00e9v\u00e9nement sportif. Mais ce deuxi\u00e8me jour de comp\u00e9tition, pour ceux qui manient les boules \u00e0 la quasi-perfection, laisse place aux professionnels qui s\u2019affrontent dans le carr\u00e9 d\u2019or devant le public. \u00ab\u00a0Ce matin, ce sont les quarts de finale. La finale a lieu en fin d\u2019apr\u00e8s-midi, suivie de la remise des prix quelques instants plus tard. Aujourd\u2019hui, ce sont 63 \u00e9quipes qui s\u2019affrontent\u00a0\u00bb, souligne Bernard Surroque, l\u2019un des organisateurs de cet \u00e9v\u00e9nement.<\/p>\n<p>312 \u00e9quipes de triplette et 128 de doublette<\/p>\n<p>La veille, le tournoi battait son plein avec des \u00e9quipes venues des quatre coins de l\u2019Hexagone. \u00ab\u00a0Il y a des gens qui viennent du nord de la France, mais aussi du sud-ouest et d\u2019ailleurs. C\u2019est aussi pour \u00e7a que l\u2019on aime faire ces deux journ\u00e9es\u00a0\u00bb, ajoute Bernard Surroque. \u00ab\u00a0Nous avons, sur les deux jours, 328 \u00e9quipes masculines et 128 \u00e9quipes f\u00e9minines, r\u00e9parties sur 163 terrains install\u00e9s sur le parking du stade\u00a0\u00bb, pr\u00e9cise-t-il. Un nombre d\u2019\u00e9quipes sup\u00e9rieur \u00e0 celui de l\u2019an dernier.<\/p>\n<p>        <img decoding=\"async\" class=\"std-img__img responsive-img\" src=\"https:\/\/www.europesays.com\/fr\/wp-content\/uploads\/2025\/09\/1757861775_658_image.jpg\" alt=\"456 \u00e9quipes ont particip\u00e9 \u00e0 la quatri\u00e8me \u00e9dition du tournoi de p\u00e9tanque de Carcassonne.\"\/><\/p>\n<p>                456 \u00e9quipes ont particip\u00e9 \u00e0 la quatri\u00e8me \u00e9dition du tournoi de p\u00e9tanque de Carcassonne.<br \/>\n                                    L&rsquo;Ind\u00e9pendant &#8211; NATHALIE AMEN VALS<\/p>\n<p>Plus loin, derri\u00e8re le terrain principal, les autres \u00e9quipes continuent d\u2019encha\u00eener les parties de p\u00e9tanque. \u00ab\u00a0On fait \u00e7a pour le plaisir. Nous avons pass\u00e9 un bon week-end \u00e0 Carcassonne. On \u00e9tait d\u00e9j\u00e0 venus l\u2019an pass\u00e9, mais la comp\u00e9tition ne s\u2019\u00e9tait pas d\u00e9roul\u00e9e \u00e0 cet endroit\u00a0\u00bb, confie J\u00e9r\u00f4me. En effet, celle-ci avait eu lieu pr\u00e8s de la Cit\u00e9 de Carcassonne.<\/p>\n<p>De son c\u00f4t\u00e9, Bernard Surroque abonde\u00a0: \u00ab\u00a0Tout le monde est content. Samedi, nous avons eu plus de 1\u00a0000 spectateurs, sans compter la pr\u00e9sence essentielle des b\u00e9n\u00e9voles qui \u0153uvrent tout au long du week-end.\u00a0\u00bb<\/p>\n","protected":false},"excerpt":{"rendered":"La 4e \u00e9dition du tournoi de p\u00e9tanque organis\u00e9 par\u00a0le club de Villemoustaussou et l\u2019Entente de P\u00e9tanque de Carcassonne&hellip;\n","protected":false},"author":2,"featured_media":390460,"comment_status":"","ping_status":"","sticky":false,"template":"","format":"standard","meta":{"footnotes":""},"categories":[1586],"tags":[11,1777,674,1779,1011,27,12,25,1778,364],"class_list":{"0":"post-390459","1":"post","2":"type-post","3":"status-publish","4":"format-standard","5":"has-post-thumbnail","7":"category-europe","8":"tag-actualites","9":"tag-eu","10":"tag-europe","11":"tag-european-union","12":"tag-fr","13":"tag-france","14":"tag-news","15":"tag-republique-francaise","16":"tag-ue","17":"tag-union-europeenne"},"share_on_mastodon":{"url":"https:\/\/pubeurope.com\/@fr\/115203237283516912","error":""},"_links":{"self":[{"href":"https:\/\/www.europesays.com\/fr\/wp-json\/wp\/v2\/posts\/390459","targetHints":{"allow":["GET"]}}],"collection":[{"href":"https:\/\/www.europesays.com\/fr\/wp-json\/wp\/v2\/posts"}],"about":[{"href":"https:\/\/www.europesays.com\/fr\/wp-json\/wp\/v2\/types\/post"}],"author":[{"embeddable":true,"href":"https:\/\/www.europesays.com\/fr\/wp-json\/wp\/v2\/users\/2"}],"replies":[{"embeddable":true,"href":"https:\/\/www.europesays.com\/fr\/wp-json\/wp\/v2\/comments?post=390459"}],"version-history":[{"count":0,"href":"https:\/\/www.europesays.com\/fr\/wp-json\/wp\/v2\/posts\/390459\/revisions"}],"wp:featuredmedia":[{"embeddable":true,"href":"https:\/\/www.europesays.com\/fr\/wp-json\/wp\/v2\/media\/390460"}],"wp:attachment":[{"href":"https:\/\/www.europesays.com\/fr\/wp-json\/wp\/v2\/media?parent=390459"}],"wp:term":[{"taxonomy":"category","embeddable":true,"href":"https:\/\/www.europesays.com\/fr\/wp-json\/wp\/v2\/categories?post=390459"},{"taxonomy":"post_tag","embeddable":true,"href":"https:\/\/www.europesays.com\/fr\/wp-json\/wp\/v2\/tags?post=390459"}],"curies":[{"name":"wp","href":"https:\/\/api.w.org\/{rel}","templated":true}]}}