{"id":390470,"date":"2025-09-14T15:05:21","date_gmt":"2025-09-14T15:05:21","guid":{"rendered":"https:\/\/www.europesays.com\/fr\/390470\/"},"modified":"2025-09-14T15:05:21","modified_gmt":"2025-09-14T15:05:21","slug":"motogp-musele-par-son-contrat-zarco-ne-dit-mot-mais-de-puniet-dezingue-pour-lui-honda","status":"publish","type":"post","link":"https:\/\/www.europesays.com\/fr\/390470\/","title":{"rendered":"MotoGP Musel\u00e9 par son contrat, Zarco ne dit mot, mais De Puniet d\u00e9zingue (pour lui) Honda !"},"content":{"rendered":"<p>C\u2019est une situation assez clair, concernant Johann Zarco, dont le contrat impose une certaine discr\u00e9tion, quant aux d\u00e9tails techniques, chez Honda, en MotoGP. Si bien que le tricolore ne peut dire clairement qu\u2019il est d\u00e9favoris\u00e9 par son employeur et que sa moto ne dispose pas des derni\u00e8res pi\u00e8ces. Et lorsque cela se produit, s\u2019il devient trop performant, on lui retire \u00e0 nouveau la nouveaut\u00e9 en question. Injuste, oui, mais le Fran\u00e7ais semble prendre cela avec philosophie.<\/p>\n<p>MotoGP : Randy de Puniet sans langue de bois et nous abandons dans son sens !<\/p>\n<p>Pourtant, il pourrait vivre la m\u00eame chose durant les deux prochaines ann\u00e9es. Et donc, tout espoir de finir \u00e0 une belle place au classement g\u00e9n\u00e9ral, avant la fin de sa carri\u00e8re. Dur. Et d\u2019ailleurs, <a href=\"https:\/\/lemagsportauto.ouest-france.fr\/tag\/randy-de-puniet\/\" target=\"_blank\" rel=\"noopener\">Randy de Puniet<\/a>, lui, est agac\u00e9 par cette situation (et \u00e0 titre personnel, je partage son indignation !) et n\u2019h\u00e9site pas \u00e0 le dire, au micro de Canal+. En affirmant clairement que pour le HRC, terminer derri\u00e8re LCR -ce fut d\u2019ailleurs le cas l\u2019an pass\u00e9- n\u2019est pas acceptable.<\/p>\n<p>Retour sur cet entretien entre l\u2019ancien pilote MotoGP et son compatriote, aupr\u00e8s de nos confr\u00e8res.<\/p>\n<blockquote class=\"twitter-tweet\">\n<p dir=\"ltr\" lang=\"fr\">\u201cIl n\u2019a pas la m\u00eame moto\u201d<br \/>\u201cHonda veut m\u2019aider mais \u00e7a ne se passe pas de cette m\u00eame mani\u00e8re. C\u2019est le sport m\u00e9canique, c\u2019est comme \u00e7a\u201d<\/p>\n<p>Johann Zarco et Randy de Puniet font le point sur la situation du Fran\u00e7ais chez LCR.<\/p>\n<p>Quel est votre avis ? <a href=\"https:\/\/twitter.com\/hashtag\/SanMarinoGP?src=hash&amp;ref_src=twsrc%5Etfw\" target=\"_blank\" rel=\"noopener\">#SanMarinoGP<\/a> | <a href=\"https:\/\/twitter.com\/hashtag\/MotoGP?src=hash&amp;ref_src=twsrc%5Etfw\" target=\"_blank\" rel=\"noopener\">#MotoGP<\/a> <a href=\"https:\/\/t.co\/lwTkGTiTbo\">pic.twitter.com\/lwTkGTiTbo<\/a><\/p>\n<p>\u2014 CANAL+ MotoGP\u2122 (@CanalplusMotoGP) <a href=\"https:\/\/twitter.com\/CanalplusMotoGP\/status\/1966869955862831468?ref_src=twsrc%5Etfw\" target=\"_blank\" rel=\"noopener\">September 13, 2025<\/a><\/p>\n<\/blockquote>\n<p>Article publi\u00e9 le 14\/09\/2025 \u00e0 5h55<\/p>\n<p>                                                            <script async src=\"https:\/\/platform.twitter.com\/widgets.js\" charset=\"utf-8\"><\/script><\/p>\n","protected":false},"excerpt":{"rendered":"C\u2019est une situation assez clair, concernant Johann Zarco, dont le contrat impose une certaine discr\u00e9tion, quant aux d\u00e9tails&hellip;\n","protected":false},"author":2,"featured_media":390471,"comment_status":"","ping_status":"","sticky":false,"template":"","format":"standard","meta":{"footnotes":""},"categories":[1413],"tags":[1011,27,1741,1457,1456,1458,52276,60],"class_list":{"0":"post-390470","1":"post","2":"type-post","3":"status-publish","4":"format-standard","5":"has-post-thumbnail","7":"category-moto","8":"tag-fr","9":"tag-france","10":"tag-johann-zarco","11":"tag-moto","12":"tag-motocycle","13":"tag-motogp","14":"tag-randy-de-puniet","15":"tag-sports"},"share_on_mastodon":{"url":"https:\/\/pubeurope.com\/@fr\/115203271795323587","error":""},"_links":{"self":[{"href":"https:\/\/www.europesays.com\/fr\/wp-json\/wp\/v2\/posts\/390470","targetHints":{"allow":["GET"]}}],"collection":[{"href":"https:\/\/www.europesays.com\/fr\/wp-json\/wp\/v2\/posts"}],"about":[{"href":"https:\/\/www.europesays.com\/fr\/wp-json\/wp\/v2\/types\/post"}],"author":[{"embeddable":true,"href":"https:\/\/www.europesays.com\/fr\/wp-json\/wp\/v2\/users\/2"}],"replies":[{"embeddable":true,"href":"https:\/\/www.europesays.com\/fr\/wp-json\/wp\/v2\/comments?post=390470"}],"version-history":[{"count":0,"href":"https:\/\/www.europesays.com\/fr\/wp-json\/wp\/v2\/posts\/390470\/revisions"}],"wp:featuredmedia":[{"embeddable":true,"href":"https:\/\/www.europesays.com\/fr\/wp-json\/wp\/v2\/media\/390471"}],"wp:attachment":[{"href":"https:\/\/www.europesays.com\/fr\/wp-json\/wp\/v2\/media?parent=390470"}],"wp:term":[{"taxonomy":"category","embeddable":true,"href":"https:\/\/www.europesays.com\/fr\/wp-json\/wp\/v2\/categories?post=390470"},{"taxonomy":"post_tag","embeddable":true,"href":"https:\/\/www.europesays.com\/fr\/wp-json\/wp\/v2\/tags?post=390470"}],"curies":[{"name":"wp","href":"https:\/\/api.w.org\/{rel}","templated":true}]}}