{"id":390472,"date":"2025-09-14T15:06:14","date_gmt":"2025-09-14T15:06:14","guid":{"rendered":"https:\/\/www.europesays.com\/fr\/390472\/"},"modified":"2025-09-14T15:06:14","modified_gmt":"2025-09-14T15:06:14","slug":"en-direct-multiplex-ligue-1-le-psg-accueille-lens-le-paris-fc-a-rendez-vous-a-brest","status":"publish","type":"post","link":"https:\/\/www.europesays.com\/fr\/390472\/","title":{"rendered":"EN DIRECT &#8211; Multiplex Ligue 1 : le PSG accueille Lens, le Paris FC a rendez-vous \u00e0 Brest"},"content":{"rendered":"<p class=\"fig-paragraph\">Pour ce qui est du 11 de d\u00e9part du PSG, \u00abLucho\u00bb fait tourner derri\u00e8re et au milieu. N\u00e9anmoins, Achraf Hakimi et Vitinha encha\u00eenent.\u00a0<a href=\"http:\/\/www.lefigaro.fr\/sports\/football\/ligue-1\/psg-programme-hierarchie-risques-la-vie-sans-dembele-et-doue-en-cinq-questions-20250913\" target=\"_blank\" data-fig-type=\"NewsFlash\" rel=\"noopener\" data-gtm-custom-categorie=\"navigation\" data-gtm-custom-action=\"crossclick\" data-gtm-custom-label=\"Contextuel\" data-gtm-event=\"customEventSPE\" data-fig-domain=\"LEFIGARO\">Kang-in Lee ou Gon\u00e7alo Ramos devant<\/a>\u00a0? \u00c0 voir, mais les deux jouent. Le Sud-Cor\u00e9en \u00e9voluera sans doute au milieu, tandis que le Portugais sera associ\u00e9 \u00e0 Bradley Barcola et Khvicha Kvaratskhelia devant.<\/p>\n<p class=\"fig-paragraph\">Du c\u00f4t\u00e9 des Sang et Or, on soulignera la premi\u00e8re titularisation d\u2019un ancien de la maison PSG, Odsonne \u00c9douard, recrut\u00e9 \u00e0 la toute fin du mercato estival. Le titi de 27 sera notamment associ\u00e9 \u00e0 Morgan Guilavogui et au champion du monde 2018 Florian Thauvin dans le secteur offensif des Lensois, sixi\u00e8mes\u00a0<a href=\"https:\/\/www.lefigaro.fr\/sports\/football\/ligue-1\/classement\" target=\"_blank\" rel=\"noopener\" data-gtm-custom-categorie=\"navigation\" data-gtm-custom-action=\"crossclick\" data-gtm-custom-label=\"Contextuel\" data-gtm-event=\"customEventSPE\">au classement<\/a>\u00a0avant la quatri\u00e8me journ\u00e9e et qui restent sur deux victoires.<\/p>\n","protected":false},"excerpt":{"rendered":"Pour ce qui est du 11 de d\u00e9part du PSG, \u00abLucho\u00bb fait tourner derri\u00e8re et au milieu. N\u00e9anmoins,&hellip;\n","protected":false},"author":2,"featured_media":390473,"comment_status":"","ping_status":"","sticky":false,"template":"","format":"standard","meta":{"footnotes":""},"categories":[1412],"tags":[3450,525,1981,814,1451,2257,63,1452,1453,1454,1455,1011,27,3309,4447,66,1307,955,1176,978,445,93,2264,4448,1980,60],"class_list":{"0":"post-390472","1":"post","2":"type-post","3":"status-publish","4":"format-standard","5":"has-post-thumbnail","7":"category-f1","8":"tag-brest","9":"tag-calendrier","10":"tag-classement","11":"tag-direct","12":"tag-f1","13":"tag-foot","14":"tag-football","15":"tag-formula-1","16":"tag-formula1","17":"tag-formule-1","18":"tag-formule1","19":"tag-fr","20":"tag-france","21":"tag-l1","22":"tag-le-havre-ac","23":"tag-ligue-1","24":"tag-lille","25":"tag-match","26":"tag-olympique-de-marseille","27":"tag-olympique-lyonnais","28":"tag-paris-fc","29":"tag-psg","30":"tag-rc-lens","31":"tag-rc-strasbourg","32":"tag-resultats","33":"tag-sports"},"share_on_mastodon":{"url":"https:\/\/pubeurope.com\/@fr\/115203275867543266","error":""},"_links":{"self":[{"href":"https:\/\/www.europesays.com\/fr\/wp-json\/wp\/v2\/posts\/390472","targetHints":{"allow":["GET"]}}],"collection":[{"href":"https:\/\/www.europesays.com\/fr\/wp-json\/wp\/v2\/posts"}],"about":[{"href":"https:\/\/www.europesays.com\/fr\/wp-json\/wp\/v2\/types\/post"}],"author":[{"embeddable":true,"href":"https:\/\/www.europesays.com\/fr\/wp-json\/wp\/v2\/users\/2"}],"replies":[{"embeddable":true,"href":"https:\/\/www.europesays.com\/fr\/wp-json\/wp\/v2\/comments?post=390472"}],"version-history":[{"count":0,"href":"https:\/\/www.europesays.com\/fr\/wp-json\/wp\/v2\/posts\/390472\/revisions"}],"wp:featuredmedia":[{"embeddable":true,"href":"https:\/\/www.europesays.com\/fr\/wp-json\/wp\/v2\/media\/390473"}],"wp:attachment":[{"href":"https:\/\/www.europesays.com\/fr\/wp-json\/wp\/v2\/media?parent=390472"}],"wp:term":[{"taxonomy":"category","embeddable":true,"href":"https:\/\/www.europesays.com\/fr\/wp-json\/wp\/v2\/categories?post=390472"},{"taxonomy":"post_tag","embeddable":true,"href":"https:\/\/www.europesays.com\/fr\/wp-json\/wp\/v2\/tags?post=390472"}],"curies":[{"name":"wp","href":"https:\/\/api.w.org\/{rel}","templated":true}]}}