{"id":390478,"date":"2025-09-14T15:09:14","date_gmt":"2025-09-14T15:09:14","guid":{"rendered":"https:\/\/www.europesays.com\/fr\/390478\/"},"modified":"2025-09-14T15:09:14","modified_gmt":"2025-09-14T15:09:14","slug":"bruce-willis-atteint-de-demence-sa-femme-revele-avoir-developpe-une-methode-pour-communiquer-avec-lacteur","status":"publish","type":"post","link":"https:\/\/www.europesays.com\/fr\/390478\/","title":{"rendered":"Bruce Willis atteint de d\u00e9mence : sa femme r\u00e9v\u00e8le avoir d\u00e9velopp\u00e9 une m\u00e9thode pour communiquer avec l\u2019acteur"},"content":{"rendered":"<p data-start=\"442\" data-end=\"1384\">Bruce Willis, 70 ans, vit<br \/>\ndepuis 2023 avec <strong>une d\u00e9mence frontotemporale<\/strong>. Ce<br \/>\ndiagnostic a boulevers\u00e9 son quotidien, son couple et toute sa<br \/>\nfamille. Retir\u00e9 d\u2019Hollywood, le h\u00e9ros de Die Hard affronte <a href=\"https:\/\/www.closermag.fr\/people\/bruce-willis-muet-a-cause-de-la-maladie-les-dechirantes-revelations-de-sa-femme-3578917#:~:text=En%20mars%202022%2C%20l&#039;acteur,trouble%20qui%20affecte%20la%20communication.\" target=\"_blank\" rel=\"noopener\"><br \/>\nune maladie<\/a> qui alt\u00e8re le langage, la personnalit\u00e9 et les<br \/>\nrep\u00e8res. Son \u00e9pouse <a href=\"https:\/\/www.closermag.fr\/people\/bruce-willis-separe-de-sa-femme-et-ses-filles-emma-heming-evoque-sa-mort-et-le-deuil-terrible-a-venir-3578455\" target=\"_blank\" rel=\"noopener\"><br \/>\nEmma Heming<\/a>, mari\u00e9e \u00e0 l\u2019acteur <strong>depuis seize<br \/>\nans<\/strong> et m\u00e8re de leurs deux filles, <a href=\"https:\/\/www.closermag.fr\/people\/bruce-willis-malade-cette-photo-sublime-prise-par-sa-petite-fille-mabel-ray-1546972\" target=\"_blank\" rel=\"noopener\"><br \/>\nMabel et Evelyn<\/a>, s\u2019est confi\u00e9e sur <strong>ce combat<br \/>\nintime<\/strong>.<\/p>\n<p data-start=\"442\" data-end=\"1384\">Dans une interview au<br \/>\nSunday Times, elle a<br \/>\nexpliqu\u00e9 avoir pris <strong>une d\u00e9cision douloureuse<\/strong> mais<br \/>\nsalvatrice : installer <a href=\"https:\/\/www.telestar.fr\/people\/bruce-willis-marcher-lire-parler-sa-maladie-gagne-encore-du-terrain-1732273\" target=\"_blank\" rel=\"noopener\"><br \/>\nBruce Willis<\/a> dans <strong>une r\u00e9sidence secondaire<br \/>\nadapt\u00e9e<\/strong>, avec une \u00e9quipe m\u00e9dicale disponible jour et nuit.<br \/>\n\u00ab\u00a0Mais malgr\u00e9 la tristesse et le malaise, <strong>c&rsquo;\u00e9tait la<br \/>\nbonne d\u00e9cision<\/strong> \u2013 pour lui, pour nos filles, pour moi.<br \/>\nFinalement, je pouvais redevenir sa femme. Et c&rsquo;est un tel<br \/>\ncadeau.\u00a0\u00bb Ce choix difficile lui a permis de ne plus \u00eatre<br \/>\nuniquement soignante, mais de retrouver la douceur et la tendresse<br \/>\nd\u2019un couple.<\/p>\n<p>Bruce Willis atteint de<br \/>\nd\u00e9mence : une nouvelle fa\u00e7on de se parler<\/p>\n<p data-start=\"1425\" data-end=\"2445\">Emma Heming a r\u00e9v\u00e9l\u00e9 que<br \/>\n<strong>ce d\u00e9m\u00e9nagement<\/strong> avait transform\u00e9 leurs moments<br \/>\nensemble, offrant \u00e0 Bruce Willis davantage d\u2019ind\u00e9pendance et<br \/>\npermettant aux proches de partager <strong>des instants<br \/>\npr\u00e9cieux<\/strong> sans contrainte. <a href=\"https:\/\/www.closermag.fr\/people\/mon-visage-tombe-demi-moore-62-ans-lucide-sur-le-temps-qui-passe-3539146\" target=\"_blank\" rel=\"noopener\"><br \/>\nL&rsquo;ex de Demi Moore<\/a> aime toujours recevoir ses amis le vendredi<br \/>\nsoir, entre rires et souvenirs. Sa famille continue de s\u2019adapter,<br \/>\nnotamment ses filles. \u00ab\u00a0On voit la tendresse de la situation.<br \/>\nLes filles n&rsquo;ont pas besoin qu&rsquo;il soit ceci ou cela. Elles se sont<br \/>\nvraiment adapt\u00e9es \u00e0 sa maladie et savent comment l&rsquo;entourer. C&rsquo;est<br \/>\nbeau, mais c&rsquo;est dur pour elles. <strong>Il leur<br \/>\nmanque<\/strong>.\u00a0\u00bb<\/p>\n<p data-start=\"1425\" data-end=\"2445\">Loin du star-system, les<br \/>\nWillis ont d\u00e9velopp\u00e9 <strong>un langage<\/strong> qui n\u2019appartient<br \/>\nqu\u2019\u00e0 eux, <strong>fait de gestes, de regards et de rituels<br \/>\nsimples<\/strong>. \u00ab\u00a0Nous avons d\u00e9sormais <strong>notre propre<br \/>\nlangage<\/strong>, notre propre fa\u00e7on d&rsquo;\u00eatre l&rsquo;un avec<br \/>\nl&rsquo;autre\u00a0\u00bb, a confi\u00e9 son \u00e9pouse. Dans cette r\u00e9sidence<br \/>\nsecondaire, ils partagent encore des repas, des films ou des<br \/>\nmoments dehors. \u00ab\u00a0C&rsquo;est une maison remplie d&rsquo;amour, de chaleur,<br \/>\nd&rsquo;attention et de rires.\u00a0\u00bb Malgr\u00e9 <strong>la douleur<\/strong>,<br \/>\nchaque instant devient un tr\u00e9sor.<\/p>\n<p>Bruce<br \/>\nWillis : entre douleur et espoir<\/p>\n<p data-start=\"2478\" data-end=\"3619\">Emma Heming ne cache pas<br \/>\ncombien cette \u00e9preuve est \u00e9prouvante. \u00ab\u00a0Apr\u00e8s tout, c&rsquo;est mon<br \/>\nmari, et l&rsquo;avoir dans un autre foyer ne faisait pas partie de<br \/>\nl&rsquo;avenir que nous avions planifi\u00e9 ensemble. On ne peut vraiment pas<br \/>\nimaginer \u00e7a.\u00a0\u00bb Elle reconna\u00eet aussi avoir d\u00fb faire face aux<br \/>\n<strong>critiques sur son choix<\/strong>, notamment de la part de<br \/>\ncertains internautes. Invit\u00e9e sur Good Morning America, elle a r\u00e9pondu avec calme :<br \/>\n\u00ab\u00a0C\u2019\u00e9tait <strong>la d\u00e9cision la plus s\u00fbre et la plus<br \/>\njudicieuse<\/strong>, non seulement pour Bruce, mais aussi pour nos<br \/>\ndeux jeunes filles. Et, vous savez, ce n\u2019est vraiment pas sujet \u00e0<br \/>\nd\u00e9bat.\u00a0\u00bb<\/p>\n<p data-start=\"2478\" data-end=\"3619\">Si la d\u00e9mence est une bataille<br \/>\nlongue et sans rem\u00e8de, <a href=\"https:\/\/www.closermag.fr\/people\/emma-heming-mine-fermee-et-air-preoccupe-la-femme-de-bruce-willis-esseulee-dans-les-rues-de-los-angeles-photos-3575802\" target=\"_blank\" rel=\"noopener\"><br \/>\nle top<\/a> veut briser le silence et aider les autres familles<br \/>\nconfront\u00e9es \u00e0 ce drame. Dans son livre The Unexpected Journey, elle partage<br \/>\n<strong>ses peurs, ses doutes<\/strong> mais aussi ses forces.<br \/>\n\u00ab\u00a0Je ne suis pas une rat\u00e9e parce que <strong>j&rsquo;ai besoin<br \/>\nd&rsquo;aide<\/strong>. J&rsquo;ai le droit de lever la main. Je ne m&rsquo;en rendais<br \/>\npas compte\u00a0\u00bb, \u00e9crit-elle. Et de conclure avec \u00e9motion :<br \/>\n\u00ab\u00a0Nous avons <strong>une fa\u00e7on diff\u00e9rente de<br \/>\ncommuniquer<\/strong> avec lui, mais je lui en suis reconnaissante.<br \/>\nJe suis reconnaissante que mon mari soit toujours l\u00e0.\u00a0\u00bb<\/p>\n","protected":false},"excerpt":{"rendered":"Bruce Willis, 70 ans, vit depuis 2023 avec une d\u00e9mence frontotemporale. Ce diagnostic a boulevers\u00e9 son quotidien, son&hellip;\n","protected":false},"author":2,"featured_media":390479,"comment_status":"","ping_status":"","sticky":false,"template":"","format":"standard","meta":{"footnotes":""},"categories":[1359],"tags":[548,4422,58,31696,847,59,652,1011,27,226,973],"class_list":{"0":"post-390478","1":"post","2":"type-post","3":"status-publish","4":"format-standard","5":"has-post-thumbnail","7":"category-people","8":"tag-article-simple","9":"tag-bruce-willis","10":"tag-divertissement","11":"tag-emma-heming","12":"tag-enfant","13":"tag-entertainment","14":"tag-famille","15":"tag-fr","16":"tag-france","17":"tag-maladie","18":"tag-people"},"share_on_mastodon":{"url":"https:\/\/pubeurope.com\/@fr\/115203287580633965","error":""},"_links":{"self":[{"href":"https:\/\/www.europesays.com\/fr\/wp-json\/wp\/v2\/posts\/390478","targetHints":{"allow":["GET"]}}],"collection":[{"href":"https:\/\/www.europesays.com\/fr\/wp-json\/wp\/v2\/posts"}],"about":[{"href":"https:\/\/www.europesays.com\/fr\/wp-json\/wp\/v2\/types\/post"}],"author":[{"embeddable":true,"href":"https:\/\/www.europesays.com\/fr\/wp-json\/wp\/v2\/users\/2"}],"replies":[{"embeddable":true,"href":"https:\/\/www.europesays.com\/fr\/wp-json\/wp\/v2\/comments?post=390478"}],"version-history":[{"count":0,"href":"https:\/\/www.europesays.com\/fr\/wp-json\/wp\/v2\/posts\/390478\/revisions"}],"wp:featuredmedia":[{"embeddable":true,"href":"https:\/\/www.europesays.com\/fr\/wp-json\/wp\/v2\/media\/390479"}],"wp:attachment":[{"href":"https:\/\/www.europesays.com\/fr\/wp-json\/wp\/v2\/media?parent=390478"}],"wp:term":[{"taxonomy":"category","embeddable":true,"href":"https:\/\/www.europesays.com\/fr\/wp-json\/wp\/v2\/categories?post=390478"},{"taxonomy":"post_tag","embeddable":true,"href":"https:\/\/www.europesays.com\/fr\/wp-json\/wp\/v2\/tags?post=390478"}],"curies":[{"name":"wp","href":"https:\/\/api.w.org\/{rel}","templated":true}]}}