{"id":390498,"date":"2025-09-14T15:20:10","date_gmt":"2025-09-14T15:20:10","guid":{"rendered":"https:\/\/www.europesays.com\/fr\/390498\/"},"modified":"2025-09-14T15:20:10","modified_gmt":"2025-09-14T15:20:10","slug":"guerre-en-ukraine-apres-la-pologne-la-russie-teste-les-limites-de-lotan-en-lancant-ses-drones-sur-la-roumanie","status":"publish","type":"post","link":"https:\/\/www.europesays.com\/fr\/390498\/","title":{"rendered":"Guerre en Ukraine\u00a0: apr\u00e8s la Pologne, la Russie teste les limites de l\u2019OTAN en lan\u00e7ant ses drones sur la Roumanie"},"content":{"rendered":"<p>Apr\u00e8s la Pologne, la Roumanie a \u00e0 son tour d\u00e9nonc\u00e9 la violation de son espace a\u00e9rien par un drone pr\u00e9sum\u00e9 russe. L\u2019engin n\u2019aurait pas directement vis\u00e9 le territoire roumain mais \u00e9tait destin\u00e9 \u00e0 une attaque contre des infrastructures en Ukraine et aurait ainsi \u00e9t\u00e9 escort\u00e9 par deux avions de combat F-16 jusqu\u2019\u00e0 sa disparition des radars.<\/p>\n<p>L\u2019appareil \u00ab\u00a0n\u2019a pas survol\u00e9 de zones habit\u00e9es et n\u2019a pas constitu\u00e9 une menace imminente pour la s\u00e9curit\u00e9 de la population\u00a0\u00bb, a insist\u00e9 le minist\u00e8re roumain de la D\u00e9fense dans une volont\u00e9 d\u2019apaisement. Ce n\u2019est pas tout \u00e0 fait la tonalit\u00e9 employ\u00e9e par le pr\u00e9sident ukrainien Volodymyr Zelensky qui a imm\u00e9diatement soulign\u00e9 que le drone a \u00ab\u00a0op\u00e9r\u00e9 dans l\u2019espace a\u00e9rien de l\u2019Otan pendant environ cinquante minutes\u00a0\u00bb&#8230;.<\/p>\n","protected":false},"excerpt":{"rendered":"Apr\u00e8s la Pologne, la Roumanie a \u00e0 son tour d\u00e9nonc\u00e9 la violation de son espace a\u00e9rien par un&hellip;\n","protected":false},"author":2,"featured_media":390499,"comment_status":"","ping_status":"","sticky":false,"template":"","format":"standard","meta":{"footnotes":""},"categories":[5],"tags":[11,1011,27,131,14,12,136,4868,132,770,135,28],"class_list":{"0":"post-390498","1":"post","2":"type-post","3":"status-publish","4":"format-standard","5":"has-post-thumbnail","7":"category-international","8":"tag-actualites","9":"tag-fr","10":"tag-france","11":"tag-guerre-en-ukraine","12":"tag-international","13":"tag-news","14":"tag-otan","15":"tag-roumanie","16":"tag-russie","17":"tag-u00e9tats-unis","18":"tag-vladimir-poutine","19":"tag-world"},"share_on_mastodon":{"url":"https:\/\/pubeurope.com\/@fr\/115203330767072345","error":""},"_links":{"self":[{"href":"https:\/\/www.europesays.com\/fr\/wp-json\/wp\/v2\/posts\/390498","targetHints":{"allow":["GET"]}}],"collection":[{"href":"https:\/\/www.europesays.com\/fr\/wp-json\/wp\/v2\/posts"}],"about":[{"href":"https:\/\/www.europesays.com\/fr\/wp-json\/wp\/v2\/types\/post"}],"author":[{"embeddable":true,"href":"https:\/\/www.europesays.com\/fr\/wp-json\/wp\/v2\/users\/2"}],"replies":[{"embeddable":true,"href":"https:\/\/www.europesays.com\/fr\/wp-json\/wp\/v2\/comments?post=390498"}],"version-history":[{"count":0,"href":"https:\/\/www.europesays.com\/fr\/wp-json\/wp\/v2\/posts\/390498\/revisions"}],"wp:featuredmedia":[{"embeddable":true,"href":"https:\/\/www.europesays.com\/fr\/wp-json\/wp\/v2\/media\/390499"}],"wp:attachment":[{"href":"https:\/\/www.europesays.com\/fr\/wp-json\/wp\/v2\/media?parent=390498"}],"wp:term":[{"taxonomy":"category","embeddable":true,"href":"https:\/\/www.europesays.com\/fr\/wp-json\/wp\/v2\/categories?post=390498"},{"taxonomy":"post_tag","embeddable":true,"href":"https:\/\/www.europesays.com\/fr\/wp-json\/wp\/v2\/tags?post=390498"}],"curies":[{"name":"wp","href":"https:\/\/api.w.org\/{rel}","templated":true}]}}