{"id":390508,"date":"2025-09-14T15:26:16","date_gmt":"2025-09-14T15:26:16","guid":{"rendered":"https:\/\/www.europesays.com\/fr\/390508\/"},"modified":"2025-09-14T15:26:16","modified_gmt":"2025-09-14T15:26:16","slug":"quatre-infirmieres-jugees-pour-homicide-involontaire","status":"publish","type":"post","link":"https:\/\/www.europesays.com\/fr\/390508\/","title":{"rendered":"quatre infirmi\u00e8res jug\u00e9es pour homicide involontaire"},"content":{"rendered":"<p>\u00a0\u00ab Voil\u00e0 huit ans que l\u2019on attend ce proc\u00e8s. C\u2019est long, tr\u00e8s long. C\u2019est une satisfaction et en m\u00eame temps, une angoisse car il va falloir se replonger dans ces moments extr\u00eamement douloureux. \u00bb<\/p>\n<p>Pour Micha\u00ebl et \u00c9l\u00e9onore, les parents d\u2019Abiga\u00eblle, le 25 avril 2017 reste une date tatou\u00e9e au fer rouge. Jusqu\u2019ici, il a fallu vivre avec. Avec l\u2019indicible. Avec la mort dans des conditions tragiques de l\u2019une de leurs trois petites filles, toutes n\u00e9es trop t\u00f4t, \u00e0 29 semaines et demie de grossesse,&#8230;<\/p>\n","protected":false},"excerpt":{"rendered":"\u00a0\u00ab Voil\u00e0 huit ans que l\u2019on attend ce proc\u00e8s. C\u2019est long, tr\u00e8s long. C\u2019est une satisfaction et en&hellip;\n","protected":false},"author":2,"featured_media":390509,"comment_status":"","ping_status":"","sticky":false,"template":"","format":"standard","meta":{"footnotes":""},"categories":[9635],"tags":[1111,11,9223,271,272,1704,1777,674,274,1011,27,775,3457,198,1702,1703,12,3456,25,71,104],"class_list":{"0":"post-390508","1":"post","2":"type-post","3":"status-publish","4":"format-standard","5":"has-post-thumbnail","7":"category-nancy","8":"tag-actu","9":"tag-actualites","10":"tag-carnet-du-jour","11":"tag-crime","12":"tag-delit-et-contravention","13":"tag-edition-nancy-et-agglomeration","14":"tag-eu","15":"tag-europe","16":"tag-faits-divers-justice","17":"tag-fr","18":"tag-france","19":"tag-grand-est","20":"tag-meurthe-et-moselle","21":"tag-naissance","22":"tag-nancy","23":"tag-nancy-ville-54b","24":"tag-news","25":"tag-region-lorraine","26":"tag-republique-francaise","27":"tag-sante","28":"tag-societe"},"share_on_mastodon":{"url":"https:\/\/pubeurope.com\/@fr\/115203354316421609","error":""},"_links":{"self":[{"href":"https:\/\/www.europesays.com\/fr\/wp-json\/wp\/v2\/posts\/390508","targetHints":{"allow":["GET"]}}],"collection":[{"href":"https:\/\/www.europesays.com\/fr\/wp-json\/wp\/v2\/posts"}],"about":[{"href":"https:\/\/www.europesays.com\/fr\/wp-json\/wp\/v2\/types\/post"}],"author":[{"embeddable":true,"href":"https:\/\/www.europesays.com\/fr\/wp-json\/wp\/v2\/users\/2"}],"replies":[{"embeddable":true,"href":"https:\/\/www.europesays.com\/fr\/wp-json\/wp\/v2\/comments?post=390508"}],"version-history":[{"count":0,"href":"https:\/\/www.europesays.com\/fr\/wp-json\/wp\/v2\/posts\/390508\/revisions"}],"wp:featuredmedia":[{"embeddable":true,"href":"https:\/\/www.europesays.com\/fr\/wp-json\/wp\/v2\/media\/390509"}],"wp:attachment":[{"href":"https:\/\/www.europesays.com\/fr\/wp-json\/wp\/v2\/media?parent=390508"}],"wp:term":[{"taxonomy":"category","embeddable":true,"href":"https:\/\/www.europesays.com\/fr\/wp-json\/wp\/v2\/categories?post=390508"},{"taxonomy":"post_tag","embeddable":true,"href":"https:\/\/www.europesays.com\/fr\/wp-json\/wp\/v2\/tags?post=390508"}],"curies":[{"name":"wp","href":"https:\/\/api.w.org\/{rel}","templated":true}]}}