{"id":390521,"date":"2025-09-14T15:35:11","date_gmt":"2025-09-14T15:35:11","guid":{"rendered":"https:\/\/www.europesays.com\/fr\/390521\/"},"modified":"2025-09-14T15:35:11","modified_gmt":"2025-09-14T15:35:11","slug":"pas-de-titre-pour-wawrinka-a-rennes","status":"publish","type":"post","link":"https:\/\/www.europesays.com\/fr\/390521\/","title":{"rendered":"Pas de titre pour Wawrinka \u00e0 Rennes"},"content":{"rendered":"\n<p>Wawrinka (40 ans) n&rsquo;a pas r\u00e9ussi \u00e0 prendre sa revanche sur le Fran\u00e7ais de 24 ans, qui s&rsquo;\u00e9tait r\u00e9v\u00e9l\u00e9 aux yeux du grand public en remportant leur pr\u00e9c\u00e9dent et unique duel au 3e tour de Roland-Garros en 2020. Il s&rsquo;est cette fois inclin\u00e9 6-4 6-4, manquant l&rsquo;occasion de soulever un premier troph\u00e9e depuis celui remport\u00e9 au Challenger de Prague en 2020.<\/p>\n<p>L&rsquo;ex-no 3 mondial peut regretter ce jeu de service mal n\u00e9goci\u00e9 \u00e0 3-3 dans la premi\u00e8re manche. Il n&rsquo;a pas r\u00e9ussi \u00e0 sauver une deuxi\u00e8me balle de break sur laquelle Gaston a su capitaliser. La perte de sa mise en jeu \u00e0 2-2 dans le deuxi\u00e8me set, juste apr\u00e8s s&rsquo;\u00eatre battu pour revenir \u00e0 hauteur du Toulousain, lui a \u00e9galement co\u00fbt\u00e9 cher.<\/p>\n<p>Feldbausch et Waltert s&rsquo;inclinent aussi<\/p>\n<p>Kilian Feldbausch (ATP 386) n&rsquo;a pas connu plus de succ\u00e8s en finale du tournoi Challenger de Biella. Sur la terre battue italienne, le Genevois de 20 ans s&rsquo;est inclin\u00e9 7-5 6-3 face au local Stefano Napolitano (ATP 650).<\/p>\n<p>La Grisonne Simona Waltert (WTA 102) a connu le m\u00eame sort en Slov\u00e9nie. Elle a perdu la finale du tournoi WTA 125 de Ljubljana, l&rsquo;\u00e9quivalent f\u00e9minin des Challengers, contre la Slov\u00e8ne Kaja Juvan (WTA 154), sur le score de 6-4 6-4.<\/p>\n","protected":false},"excerpt":{"rendered":"Wawrinka (40 ans) n&rsquo;a pas r\u00e9ussi \u00e0 prendre sa revanche sur le Fran\u00e7ais de 24 ans, qui s&rsquo;\u00e9tait&hellip;\n","protected":false},"author":2,"featured_media":390522,"comment_status":"","ping_status":"","sticky":false,"template":"","format":"standard","meta":{"footnotes":""},"categories":[2821],"tags":[1111,11,829,1777,674,1011,27,12,584,25],"class_list":{"0":"post-390521","1":"post","2":"type-post","3":"status-publish","4":"format-standard","5":"has-post-thumbnail","7":"category-rennes","8":"tag-actu","9":"tag-actualites","10":"tag-bretagne","11":"tag-eu","12":"tag-europe","13":"tag-fr","14":"tag-france","15":"tag-news","16":"tag-rennes","17":"tag-republique-francaise"},"share_on_mastodon":{"url":"https:\/\/pubeurope.com\/@fr\/115203389701166254","error":""},"_links":{"self":[{"href":"https:\/\/www.europesays.com\/fr\/wp-json\/wp\/v2\/posts\/390521","targetHints":{"allow":["GET"]}}],"collection":[{"href":"https:\/\/www.europesays.com\/fr\/wp-json\/wp\/v2\/posts"}],"about":[{"href":"https:\/\/www.europesays.com\/fr\/wp-json\/wp\/v2\/types\/post"}],"author":[{"embeddable":true,"href":"https:\/\/www.europesays.com\/fr\/wp-json\/wp\/v2\/users\/2"}],"replies":[{"embeddable":true,"href":"https:\/\/www.europesays.com\/fr\/wp-json\/wp\/v2\/comments?post=390521"}],"version-history":[{"count":0,"href":"https:\/\/www.europesays.com\/fr\/wp-json\/wp\/v2\/posts\/390521\/revisions"}],"wp:featuredmedia":[{"embeddable":true,"href":"https:\/\/www.europesays.com\/fr\/wp-json\/wp\/v2\/media\/390522"}],"wp:attachment":[{"href":"https:\/\/www.europesays.com\/fr\/wp-json\/wp\/v2\/media?parent=390521"}],"wp:term":[{"taxonomy":"category","embeddable":true,"href":"https:\/\/www.europesays.com\/fr\/wp-json\/wp\/v2\/categories?post=390521"},{"taxonomy":"post_tag","embeddable":true,"href":"https:\/\/www.europesays.com\/fr\/wp-json\/wp\/v2\/tags?post=390521"}],"curies":[{"name":"wp","href":"https:\/\/api.w.org\/{rel}","templated":true}]}}