{"id":390529,"date":"2025-09-14T15:39:11","date_gmt":"2025-09-14T15:39:11","guid":{"rendered":"https:\/\/www.europesays.com\/fr\/390529\/"},"modified":"2025-09-14T15:39:11","modified_gmt":"2025-09-14T15:39:11","slug":"des-etudes-complementaires-doivent-etre-conduites-sur-le-versant-des-travaux-mais-pas-de-reouverture-pour-ce-chemin-ferme-depuis-2014-a-cagnes-sur-mer","status":"publish","type":"post","link":"https:\/\/www.europesays.com\/fr\/390529\/","title":{"rendered":"\u00ab\u00a0Des \u00e9tudes compl\u00e9mentaires doivent \u00eatre conduites sur le versant\u00a0\u00bb: des travaux mais pas de r\u00e9ouverture pour ce chemin ferm\u00e9 depuis 2014 \u00e0 Cagnes-sur-Mer"},"content":{"rendered":"<p>L\u2019histoire ne date pas d\u2019hier: une partie du chemin du Collet des Grailles \u2013 une petite art\u00e8re pr\u00e8s de la route de Grasse, non loin de Shopping Promenade (ex-Polygone Riviera) \u2013 surplomb\u00e9 par une mena\u00e7ante colline arbor\u00e9e, est ferm\u00e9e \u00e0 la circulation depuis 2014.<\/p>\n<p>\u00c0 l\u2019\u00e9poque, de fortes intemp\u00e9ries avaient provoqu\u00e9 un glissement de terrain, <a href=\"https:\/\/www.nicematin.com\/vie-locale\/le-recit-poignant-dune-famille-obligee-de-fuir-sa-maison-apres-les-intemperies-a-cagnes-sur-mer-435080\" target=\"_blank\" rel=\"noopener\">for\u00e7ant des familles \u00e0 quitter leurs maisons<\/a>. D\u00e9j\u00e0, \u00e0 la fin des ann\u00e9es 90, un glissement de terrain avait emport\u00e9 un mur. Et plus r\u00e9cemment, <a href=\"https:\/\/www.nicematin.com\/faits-divers\/un-mur-et-des-voitures-menacent-de-seffondrer-sur-leur-residence-des-dizaines-de-personnes-evacuees-222881\" target=\"_blank\" rel=\"noopener\">en 2018, une partie de la route s\u2019\u00e9tait affaiss\u00e9e sur la r\u00e9sidence du domaine de l\u2019Oasis,<\/a> situ\u00e9e en contrebas&#8230;<\/p>\n<p>Si les voitures sont toujours interdites \u00e0 la circulation, les pi\u00e9tons, en revanche, peuvent se balader sur la route, les barri\u00e8res se situant au niveau de la cr\u00e8che municipale Jardin d\u2019enfants Oasis \u00e9tant plus ou moins ouvertes. En haut du chemin, deux maisons abandonn\u00e9es par leurs occupants depuis des ann\u00e9es paraissent squatt\u00e9es. La for\u00eat qui surplombe la route, elle, conserve un aspect patibulaire.<\/p>\n<p>              <img ci-src=\"https:\/\/www.nicematin.com\/vie-locale\/protec\/DATA_ART_16233139-TsWVNjyt.jpg?vh=0e36bf&amp;ci_seal=dcdb77facc\" alt=\"\"\/><\/p>\n<p>              <img ci-src=\"https:\/\/www.nicematin.com\/vie-locale\/protec\/DATA_ART_16232136-yvMRRK7C.jpg?vh=8bfbd6&amp;ci_seal=34b4bb60cb\" alt=\"\"\/><br \/>\n        Ce mur de la r\u00e9sidence du domaine de l\u2019Oasis s\u2019\u00e9tait effondr\u00e9 en 2018. Il vient d\u2019\u00eatre reconstruit. Photo Cyril Dodergny <strong>Photo Ro. B..<\/strong> <\/p>\n<p>                                Pas de r\u00e9ouverture \u00e0 la circulation envisag\u00e9e<\/p>\n<p>Un r\u00e9sident du domaine de l\u2019Oasis, qui prom\u00e8ne son chien sur le chemin interdit \u00e0 la circulation ce vendredi 12 septembre, n\u2019est pas inquiet. \u00ab\u00a0\u00c7a n\u2019a pas vraiment boug\u00e9 depuis 2018, il y a quelques mottes de terre qui sont tomb\u00e9es sur la route mais rien d\u2019\u00e9norme, m\u00eame quand il a beaucoup plu, raconte-t-il. Et au pire, \u00e7a n\u2019ira pas plus loin que la route, la r\u00e9sidence est assez loin.\u00a0\u00bb<\/p>\n<p>Vingt et une familles avaient tout de m\u00eame \u00e9t\u00e9 \u00e9vacu\u00e9es de cette m\u00eame r\u00e9sidence en 2018, par mesure de pr\u00e9caution, quand une partie de la route s\u2019\u00e9tait effondr\u00e9e.<\/p>\n<p>La M\u00e9tropole Nice C\u00f4te d\u2019Azur et la Ville de Cagnes-sur-Mer ont annonc\u00e9 des travaux sur le rev\u00eatement de la chauss\u00e9e ce lundi 15 septembre, \u00ab\u00a0\u00e0 la suite de la reconstruction d\u2019un mur de la r\u00e9sidence du Domaine de l\u2019Oasis.\u00a0\u00bb Ce m\u00eame mur de sout\u00e8nement qui s\u2019\u00e9tait effondr\u00e9 en 2018.<\/p>\n<p>Est-ce \u00e0 dire que le chemin du Collet des Grailles va rouvrir? Que nenni. Les travaux visent \u00e0 \u00ab\u00a0emp\u00eacher des infiltrations d\u2019eau dans le talus\u00a0\u00bb, pr\u00e9cise la Ville de Cagnes. \u00ab\u00a0Une r\u00e9ouverture \u00e0 la circulation n\u2019est pas envisag\u00e9e \u00e0 ce jour. Des \u00e9tudes compl\u00e9mentaires doivent \u00eatre conduites sur le versant.\u00a0\u00bb<\/p>\n<p>Les travaux doivent durer une journ\u00e9e. Co\u00fbt estimatif: 23.000 euros TTC. Un autre habitant de la r\u00e9sidence du domaine de l\u2019Oasis, lui, esp\u00e8re que la route ne rouvrira jamais. \u00ab\u00a0Avant, c\u2019\u00e9tait le bordel sur ce chemin, les gens se garaient n\u2019importe o\u00f9, et \u00e7a circulait pas mal quand l\u2019avenue de Grasse \u00e9tait bouch\u00e9e. Et le soir, comme c\u2019est un peu recul\u00e9, il y avait du deal. Donc tout le quartier esp\u00e8re que la route restera ferm\u00e9e, \u00e7a c\u2019est s\u00fbr.\u00a0\u00bb<\/p>\n","protected":false},"excerpt":{"rendered":"L\u2019histoire ne date pas d\u2019hier: une partie du chemin du Collet des Grailles \u2013 une petite art\u00e8re pr\u00e8s&hellip;\n","protected":false},"author":2,"featured_media":390530,"comment_status":"","ping_status":"","sticky":false,"template":"","format":"standard","meta":{"footnotes":""},"categories":[2819],"tags":[1111,11,646,1777,674,1011,27,12,2401,882,25,1352,3366],"class_list":{"0":"post-390529","1":"post","2":"type-post","3":"status-publish","4":"format-standard","5":"has-post-thumbnail","7":"category-nice","8":"tag-actu","9":"tag-actualites","10":"tag-automobile","11":"tag-eu","12":"tag-europe","13":"tag-fr","14":"tag-france","15":"tag-news","16":"tag-nice","17":"tag-provence-alpes-cote-dazur","18":"tag-republique-francaise","19":"tag-urbanisme","20":"tag-vie-locale"},"share_on_mastodon":{"url":"https:\/\/pubeurope.com\/@fr\/115203405545533824","error":""},"_links":{"self":[{"href":"https:\/\/www.europesays.com\/fr\/wp-json\/wp\/v2\/posts\/390529","targetHints":{"allow":["GET"]}}],"collection":[{"href":"https:\/\/www.europesays.com\/fr\/wp-json\/wp\/v2\/posts"}],"about":[{"href":"https:\/\/www.europesays.com\/fr\/wp-json\/wp\/v2\/types\/post"}],"author":[{"embeddable":true,"href":"https:\/\/www.europesays.com\/fr\/wp-json\/wp\/v2\/users\/2"}],"replies":[{"embeddable":true,"href":"https:\/\/www.europesays.com\/fr\/wp-json\/wp\/v2\/comments?post=390529"}],"version-history":[{"count":0,"href":"https:\/\/www.europesays.com\/fr\/wp-json\/wp\/v2\/posts\/390529\/revisions"}],"wp:featuredmedia":[{"embeddable":true,"href":"https:\/\/www.europesays.com\/fr\/wp-json\/wp\/v2\/media\/390530"}],"wp:attachment":[{"href":"https:\/\/www.europesays.com\/fr\/wp-json\/wp\/v2\/media?parent=390529"}],"wp:term":[{"taxonomy":"category","embeddable":true,"href":"https:\/\/www.europesays.com\/fr\/wp-json\/wp\/v2\/categories?post=390529"},{"taxonomy":"post_tag","embeddable":true,"href":"https:\/\/www.europesays.com\/fr\/wp-json\/wp\/v2\/tags?post=390529"}],"curies":[{"name":"wp","href":"https:\/\/api.w.org\/{rel}","templated":true}]}}