{"id":390553,"date":"2025-09-14T15:51:12","date_gmt":"2025-09-14T15:51:12","guid":{"rendered":"https:\/\/www.europesays.com\/fr\/390553\/"},"modified":"2025-09-14T15:51:12","modified_gmt":"2025-09-14T15:51:12","slug":"la-ville-accusee-de-bloquer-lacces-aux-cameras","status":"publish","type":"post","link":"https:\/\/www.europesays.com\/fr\/390553\/","title":{"rendered":"la Ville accus\u00e9e de bloquer l\u2019acc\u00e8s aux cam\u00e9ras"},"content":{"rendered":"<p itemprop=\"description\"><strong>Nouvelle sc\u00e8ne de violence \u00e0 Lyon.<\/strong><\/p>\n<p>Dans la nuit de samedi \u00e0 dimanche, aux alentours de 2h30, un homme a \u00e9t\u00e9 pris pour cible rue Philippe Fabia dans le 8e arrondissement alors qu\u2019il entrait dans le v\u00e9hicule de son ami. Plusieurs coups de feu ont \u00e9t\u00e9 tir\u00e9s, touchant la victime \u00e0 la jambe. Son pronostic vital n\u2019est pas engag\u00e9, mais selon nos informations, les enqu\u00eateurs ont relev\u00e9 plusieurs impacts de balles sur la voiture.<\/p>\n<p>Au-del\u00e0 de ce fait divers, le syndicat de police Alliance d\u00e9nonce de mani\u00e8re plus globale une situation s\u00e9curitaire aggrav\u00e9e notamment par l\u2019absence de coop\u00e9ration avec la municipalit\u00e9 concernant l&rsquo;utilisation en temps r\u00e9el des cam\u00e9ras. Il s\u2019indigne : \u00ab\u00a0Alors que nos forces de l\u2019ordre risquent leur vie chaque jour, la Ville de Lyon refuse toujours de donner \u00e0 la Police Nationale l\u2019utilisation en temps r\u00e9el des cam\u00e9ras de surveillance urbaine.\u00a0\u00bb<\/p>\n<p>Selon le syndicat, ce blocage prive les policiers d\u2019un \u00ab\u00a0outil indispensable pour coordonner les interventions et prot\u00e9ger efficacement les habitants.\u00a0\u00bb Et d\u2019avertir : \u00ab\u00a0Pas de volont\u00e9 politique sur la s\u00e9curit\u00e9 = plus d&rsquo;ins\u00e9curit\u00e9. Les policiers comme les Lyonnais n\u2019ont pas \u00e0 payer de leur s\u00e9curit\u00e9 une id\u00e9ologie compl\u00e8tement d\u00e9connect\u00e9e de la r\u00e9alit\u00e9 du terrain.\u00a0\u00bb<\/p>\n","protected":false},"excerpt":{"rendered":"Nouvelle sc\u00e8ne de violence \u00e0 Lyon. Dans la nuit de samedi \u00e0 dimanche, aux alentours de 2h30, un&hellip;\n","protected":false},"author":2,"featured_media":390554,"comment_status":"","ping_status":"","sticky":false,"template":"","format":"standard","meta":{"footnotes":""},"categories":[1889],"tags":[1111,11,2813,2190,2430,1109,251,1112,2811,1777,674,118,1011,27,1922,1110,1114,2428,2810,12,241,316,25,2812,517,800],"class_list":{"0":"post-390553","1":"post","2":"type-post","3":"status-publish","4":"format-standard","5":"has-post-thumbnail","7":"category-lyon","8":"tag-actu","9":"tag-actualites","10":"tag-article","11":"tag-asvel","12":"tag-auvergne-rhone-alpes","13":"tag-breves","14":"tag-culture","15":"tag-depeches","16":"tag-economique","17":"tag-eu","18":"tag-europe","19":"tag-faits-divers","20":"tag-fr","21":"tag-france","22":"tag-info","23":"tag-informations","24":"tag-infos","25":"tag-lyon","26":"tag-lyonmag","27":"tag-news","28":"tag-ol","29":"tag-politique","30":"tag-republique-francaise","31":"tag-sociale","32":"tag-sport","33":"tag-transports"},"share_on_mastodon":{"url":"https:\/\/pubeurope.com\/@fr\/115203452726223518","error":""},"_links":{"self":[{"href":"https:\/\/www.europesays.com\/fr\/wp-json\/wp\/v2\/posts\/390553","targetHints":{"allow":["GET"]}}],"collection":[{"href":"https:\/\/www.europesays.com\/fr\/wp-json\/wp\/v2\/posts"}],"about":[{"href":"https:\/\/www.europesays.com\/fr\/wp-json\/wp\/v2\/types\/post"}],"author":[{"embeddable":true,"href":"https:\/\/www.europesays.com\/fr\/wp-json\/wp\/v2\/users\/2"}],"replies":[{"embeddable":true,"href":"https:\/\/www.europesays.com\/fr\/wp-json\/wp\/v2\/comments?post=390553"}],"version-history":[{"count":0,"href":"https:\/\/www.europesays.com\/fr\/wp-json\/wp\/v2\/posts\/390553\/revisions"}],"wp:featuredmedia":[{"embeddable":true,"href":"https:\/\/www.europesays.com\/fr\/wp-json\/wp\/v2\/media\/390554"}],"wp:attachment":[{"href":"https:\/\/www.europesays.com\/fr\/wp-json\/wp\/v2\/media?parent=390553"}],"wp:term":[{"taxonomy":"category","embeddable":true,"href":"https:\/\/www.europesays.com\/fr\/wp-json\/wp\/v2\/categories?post=390553"},{"taxonomy":"post_tag","embeddable":true,"href":"https:\/\/www.europesays.com\/fr\/wp-json\/wp\/v2\/tags?post=390553"}],"curies":[{"name":"wp","href":"https:\/\/api.w.org\/{rel}","templated":true}]}}