{"id":390561,"date":"2025-09-14T15:56:10","date_gmt":"2025-09-14T15:56:10","guid":{"rendered":"https:\/\/www.europesays.com\/fr\/390561\/"},"modified":"2025-09-14T15:56:10","modified_gmt":"2025-09-14T15:56:10","slug":"oursons-bagarreurs-colere-au-nepal-et-paris-nouveau-metro-decouvrez-les-plus-belles-photos-de-la-semaine","status":"publish","type":"post","link":"https:\/\/www.europesays.com\/fr\/390561\/","title":{"rendered":"Oursons bagarreurs, col\u00e8re au N\u00e9pal et Paris, nouveau m\u00e9tro\u2026 D\u00e9couvrez les plus belles photos de la semaine"},"content":{"rendered":"<p class=\"mb-4 text-lg md:leading-8 break-words\"><strong>1.\u00a0Le m\u00e9tro en beaut\u00e9<\/strong><\/p>\n<p class=\"mb-4 text-lg md:leading-8 break-words\">\u00c0 Naples, la station Monte Sant\u2019Angelo (ligne 7) ouvre enfin ses portes le 11\u00a0septembre 2025, apr\u00e8s plus de 20\u00a0ans de travaux. L\u2019artiste britannique d\u2019origine indienne, laur\u00e9at du Turner Prize en 1991, la d\u00e9crit comme \u00ab\u00a0une sculpture dans laquelle on peut marcher\u00a0\u00bb. (Cr\u00e9dits\u00a0: ABACA)<\/p>\n<p class=\"mb-4 text-lg md:leading-8 break-words\"><strong>2.\u00a0Une M\u00e1xima royale<\/strong><\/p>\n<p class=\"mb-4 text-lg md:leading-8 break-words\">La reine M\u00e1xima des Pays-Bas inaugure le mus\u00e9e du Tapis restaur\u00e9 \u00e0 Genemuiden, le 11\u00a0septembre 2025, et met en lumi\u00e8re le savoir-faire artisanal de la r\u00e9gion. (Cr\u00e9dits\u00a0: ABACA)<\/p>\n<p class=\"mb-4 text-lg md:leading-8 break-words\">\u00c0 lire aussi <a href=\"https:\/\/www.parismatch.com\/Royal-Blog\/bravant-la-pluie-dans-sa-robe-rose-maxima-des-pays-bas-se-la-joue-mary-poppins-pour-les-etudiants-256792\" rel=\"nofollow noopener\" target=\"_blank\" data-ylk=\"slk:Bravant la pluie dans sa robe rose, Maxima des Pays-Bas se la joue Mary Poppins pour les \u00e9tudiants;elm:context_link;itc:0;sec:content-canvas\" class=\"link \">Bravant la pluie dans sa robe rose, Maxima des Pays-Bas se la joue Mary Poppins pour les \u00e9tudiants <\/a><\/p>\n<p class=\"mb-4 text-lg md:leading-8 break-words\"><strong>3.\u00a0Passation \u00e0 Matignon<\/strong><\/p>\n<p class=\"mb-4 text-lg md:leading-8 break-words\">\u00c0 Paris, S\u00e9bastien Lecornu succ\u00e8de \u00e0 Fran\u00e7ois Bayrou \u00e0 l\u2019H\u00f4tel de Matignon, le 10\u00a0septembre 2025. Nomm\u00e9 par Emmanuel Macron, le nouveau Premier ministre prend ses fonctions en pleine crise politique. (Cr\u00e9dits\u00a0: AFP)<\/p>\n<p class=\"mb-4 text-lg md:leading-8 break-words\">\u00c0 lire aussi <a href=\"https:\/\/www.parismatch.com\/actu\/politique\/la-photo-du-diner-qui-a-tout-change-pour-sebastien-lecornu-257004\" rel=\"nofollow noopener\" target=\"_blank\" data-ylk=\"slk:La photo du d\u00eener qui a tout chang\u00e9 pour S\u00e9bastien Lecornu;elm:context_link;itc:0;sec:content-canvas\" class=\"link \">La photo du d\u00eener qui a tout chang\u00e9 pour S\u00e9bastien Lecornu <\/a><\/p>\n<p class=\"mb-4 text-lg md:leading-8 break-words\"><strong>4.\u00a0Les oursons joueurs<\/strong><\/p>\n<p class=\"mb-4 text-lg md:leading-8 break-words\">En Finlande, deux oursons \u00e2g\u00e9s de quelques mois ont \u00e9t\u00e9 aper\u00e7us en plein jeu sous l\u2019\u0153il du photographe animalier Andy Rouse. Des images captur\u00e9es d\u00e9but septembre\u00a02025. (Cr\u00e9dits\u00a0: ABACA)<\/p>\n<p class=\"mb-4 text-lg md:leading-8 break-words\"><strong>5.\u00a0Col\u00e8re au N\u00e9pal<\/strong><\/p>\n<p class=\"mb-4 text-lg md:leading-8 break-words\">\u00c0 Katmandou, le 9\u00a0septembre 2025, un manifestant brandit le drapeau national apr\u00e8s avoir investi le complexe gouvernemental de Singha Durbar, lors de violentes protestations contre la corruption et la censure. (Cr\u00e9dits\u00a0: REUTERS)<\/p>\n<p class=\"mb-4 text-lg md:leading-8 break-words\">\u00c0 lire aussi <a href=\"https:\/\/www.parismatch.com\/actu\/international\/exclusif-emeutes-au-nepal-mathieu-ricard-les-jeunes-veulent-quelque-chose-de-completement-nouveau-256968\" rel=\"nofollow noopener\" target=\"_blank\" data-ylk=\"slk:Exclusif - \u00c9meutes au N\u00e9pal - Matthieu Ricard\u00a0: \u00ab\u00a0Les jeunes v...;elm:context_link;itc:0;sec:content-canvas\" class=\"link \">Exclusif &#8211; \u00c9meutes au N\u00e9pal &#8211; Matthieu Ricard\u00a0: \u00ab\u00a0Les jeunes v&#8230;<\/a><\/p>\n<p class=\"mb-4 text-lg md:leading-8 break-words\"><a href=\"https:\/\/www.parismatch.com\/actu\/international\/des-oursons-bagarreurs-la-colere-a-nepal-et-paris-un-nouveau-metro-decouvrez-les-plus-belles-photos-257020?at_medium=affiliate&amp;at_campaign=Yahoo\" rel=\"nofollow noopener\" target=\"_blank\" data-ylk=\"slk:Lire la suite sur ParisMatch;elm:context_link;itc:0;sec:content-canvas\" class=\"link \">Lire la suite sur ParisMatch<\/a><\/p>\n","protected":false},"excerpt":{"rendered":"1.\u00a0Le m\u00e9tro en beaut\u00e9 \u00c0 Naples, la station Monte Sant\u2019Angelo (ligne 7) ouvre enfin ses portes le 11\u00a0septembre&hellip;\n","protected":false},"author":2,"featured_media":390562,"comment_status":"","ping_status":"","sticky":false,"template":"","format":"standard","meta":{"footnotes":""},"categories":[1888],"tags":[6873,1111,1928,11,1927,1777,674,1011,27,52280,52279,12,1926,626,1925,25,11067],"class_list":{"0":"post-390561","1":"post","2":"type-post","3":"status-publish","4":"format-standard","5":"has-post-thumbnail","7":"category-paris","8":"tag-20-ans","9":"tag-actu","10":"tag-actu-paris","11":"tag-actualites","12":"tag-actualites-paris","13":"tag-eu","14":"tag-europe","15":"tag-fr","16":"tag-france","17":"tag-le-metro","18":"tag-monte-santangelo","19":"tag-news","20":"tag-news-paris","21":"tag-paris","22":"tag-paris-news","23":"tag-republique-francaise","24":"tag-sebastien-lecornu"},"share_on_mastodon":{"url":"https:\/\/pubeurope.com\/@fr\/115203472361705697","error":""},"_links":{"self":[{"href":"https:\/\/www.europesays.com\/fr\/wp-json\/wp\/v2\/posts\/390561","targetHints":{"allow":["GET"]}}],"collection":[{"href":"https:\/\/www.europesays.com\/fr\/wp-json\/wp\/v2\/posts"}],"about":[{"href":"https:\/\/www.europesays.com\/fr\/wp-json\/wp\/v2\/types\/post"}],"author":[{"embeddable":true,"href":"https:\/\/www.europesays.com\/fr\/wp-json\/wp\/v2\/users\/2"}],"replies":[{"embeddable":true,"href":"https:\/\/www.europesays.com\/fr\/wp-json\/wp\/v2\/comments?post=390561"}],"version-history":[{"count":0,"href":"https:\/\/www.europesays.com\/fr\/wp-json\/wp\/v2\/posts\/390561\/revisions"}],"wp:featuredmedia":[{"embeddable":true,"href":"https:\/\/www.europesays.com\/fr\/wp-json\/wp\/v2\/media\/390562"}],"wp:attachment":[{"href":"https:\/\/www.europesays.com\/fr\/wp-json\/wp\/v2\/media?parent=390561"}],"wp:term":[{"taxonomy":"category","embeddable":true,"href":"https:\/\/www.europesays.com\/fr\/wp-json\/wp\/v2\/categories?post=390561"},{"taxonomy":"post_tag","embeddable":true,"href":"https:\/\/www.europesays.com\/fr\/wp-json\/wp\/v2\/tags?post=390561"}],"curies":[{"name":"wp","href":"https:\/\/api.w.org\/{rel}","templated":true}]}}