{"id":390567,"date":"2025-09-14T15:59:14","date_gmt":"2025-09-14T15:59:14","guid":{"rendered":"https:\/\/www.europesays.com\/fr\/390567\/"},"modified":"2025-09-14T15:59:14","modified_gmt":"2025-09-14T15:59:14","slug":"guerre-en-ukraine-deux-trains-deraillent-en-russie-kiev-revendique-des-attaques-sur-le-reseau-ferroviaire","status":"publish","type":"post","link":"https:\/\/www.europesays.com\/fr\/390567\/","title":{"rendered":"Guerre en Ukraine. Deux trains d\u00e9raillent en Russie, Kiev revendique des attaques sur le r\u00e9seau ferroviaire"},"content":{"rendered":"<p>Deux trains ont d\u00e9raill\u00e9 t\u00f4t ce dimanche, en Russie, dans la r\u00e9gion de Leningrad (ouest). Le conducteur a \u00e9t\u00e9 tu\u00e9.\u00a0Il \u00e9tait coinc\u00e9 dans la cabine et est d\u00e9c\u00e9d\u00e9 dans l&rsquo;ambulance apr\u00e8s avoir \u00e9t\u00e9 d\u00e9sincarc\u00e9r\u00e9. Un train de marchandises transportant 15 wagons-citernes vides a \u00e9galement d\u00e9raill\u00e9 sur une section de voie plus au sud, sans faire de victime.<\/p>\n<p>Ces incidents surviennent quelques heures apr\u00e8s l&rsquo;explosion samedi soir d&rsquo;un engin sur une section de chemin de fer dans la r\u00e9gion occidentale d&rsquo;Oriol, qui avait fait trois morts.<\/p>\n<p>Ce dimanche apr\u00e8s-midi, Kiev a revendiqu\u00e9 deux op\u00e9rations de sabotage sur le r\u00e9seau ferroviaire russe, celle men\u00e9e samedi dans la r\u00e9gion russe d&rsquo;Oriol, et celle de ce dimanche matin dans la r\u00e9gion de L\u00e9ningrad.<\/p>\n<p>Plus d&rsquo;informations \u00e0 suivre<\/p>\n","protected":false},"excerpt":{"rendered":"Deux trains ont d\u00e9raill\u00e9 t\u00f4t ce dimanche, en Russie, dans la r\u00e9gion de Leningrad (ouest). Le conducteur a&hellip;\n","protected":false},"author":2,"featured_media":390568,"comment_status":"","ping_status":"","sticky":false,"template":"","format":"standard","meta":{"footnotes":""},"categories":[1591],"tags":[11,3206,1887,107,329,12,1885,1886,132,220],"class_list":{"0":"post-390567","1":"post","2":"type-post","3":"status-publish","4":"format-standard","5":"has-post-thumbnail","7":"category-russie","8":"tag-actualites","9":"tag-defense-guerre-conflit","10":"tag-federation-de-russie","11":"tag-fil-info","12":"tag-france-monde","13":"tag-news","14":"tag-russia","15":"tag-russian-federation","16":"tag-russie","17":"tag-ukraine"},"share_on_mastodon":{"url":"https:\/\/pubeurope.com\/@fr\/115203484125005688","error":""},"_links":{"self":[{"href":"https:\/\/www.europesays.com\/fr\/wp-json\/wp\/v2\/posts\/390567","targetHints":{"allow":["GET"]}}],"collection":[{"href":"https:\/\/www.europesays.com\/fr\/wp-json\/wp\/v2\/posts"}],"about":[{"href":"https:\/\/www.europesays.com\/fr\/wp-json\/wp\/v2\/types\/post"}],"author":[{"embeddable":true,"href":"https:\/\/www.europesays.com\/fr\/wp-json\/wp\/v2\/users\/2"}],"replies":[{"embeddable":true,"href":"https:\/\/www.europesays.com\/fr\/wp-json\/wp\/v2\/comments?post=390567"}],"version-history":[{"count":0,"href":"https:\/\/www.europesays.com\/fr\/wp-json\/wp\/v2\/posts\/390567\/revisions"}],"wp:featuredmedia":[{"embeddable":true,"href":"https:\/\/www.europesays.com\/fr\/wp-json\/wp\/v2\/media\/390568"}],"wp:attachment":[{"href":"https:\/\/www.europesays.com\/fr\/wp-json\/wp\/v2\/media?parent=390567"}],"wp:term":[{"taxonomy":"category","embeddable":true,"href":"https:\/\/www.europesays.com\/fr\/wp-json\/wp\/v2\/categories?post=390567"},{"taxonomy":"post_tag","embeddable":true,"href":"https:\/\/www.europesays.com\/fr\/wp-json\/wp\/v2\/tags?post=390567"}],"curies":[{"name":"wp","href":"https:\/\/api.w.org\/{rel}","templated":true}]}}