{"id":390575,"date":"2025-09-14T16:03:09","date_gmt":"2025-09-14T16:03:09","guid":{"rendered":"https:\/\/www.europesays.com\/fr\/390575\/"},"modified":"2025-09-14T16:03:09","modified_gmt":"2025-09-14T16:03:09","slug":"en-allemagne-un-petit-village-resiste-a-lenvahisseur-europa-park-et-dit-stop","status":"publish","type":"post","link":"https:\/\/www.europesays.com\/fr\/390575\/","title":{"rendered":"En Allemagne, un petit village r\u00e9siste \u00e0 l&rsquo;envahisseur Europa Park et dit \u00ab\u00a0stop\u00a0\u00bb"},"content":{"rendered":"<p>            Par<br \/>\n        <strong><br \/>\n            <a href=\"https:\/\/actu.fr\/auteur\/ivan-capecchi\" title=\"Consulter tous les articles de Ivan CAPECCHI\" rel=\"nofollow noopener\" target=\"_blank\">Ivan CAPECCHI<\/a><br \/>\n        <\/strong><\/p>\n<p>        Publi\u00e9 le<\/p>\n<p>            14 sept. 2025 \u00e0 18h02        <\/p>\n<p>\u00c0 <strong>Rust<\/strong>, commune allemande de 5 000 habitants o\u00f9 est implant\u00e9 <a href=\"https:\/\/actu.fr\/tag\/europa-park\" rel=\"nofollow noopener\" target=\"_blank\">Europa Park<\/a>, une initiative citoyenne baptis\u00e9e \u00ab\u00a0<strong>Un village plut\u00f4t qu\u2019un complexe touristique<\/strong>\u00a0\u00bb s\u2019\u00e9l\u00e8ve contre la <strong>multiplication des r\u00e9sidences de vacances<\/strong>. Environ <strong>900 logements<\/strong> de ce type existeraient d\u00e9j\u00e0, selon des chiffres donn\u00e9s dans les colonnes de nos confr\u00e8res allemands <a href=\"https:\/\/www.swr.de\/swraktuell\/baden-wuerttemberg\/suedbaden\/buergerinititaive-gegen-mehr-ferienwohnungen-in-rust-100.html\" rel=\"nofollow noopener\" target=\"_blank\">SWR<\/a>. Les habitants redoutent que le<strong> tourisme de masse<\/strong> transforme leur village en <strong>annexe du parc d\u2019attractions<\/strong>, r\u00e9cemment sacr\u00e9 <a href=\"https:\/\/actu.fr\/loisirs-culture\/europa-park-elu-pour-la-dixieme-fois-meilleur-parc-de-loisirs-du-monde_63128474.html\" rel=\"nofollow noopener\" target=\"_blank\">meilleur parc de loisirs du monde pour la dixi\u00e8me fois<\/a>.<\/p>\n<p>La mairie de Rust se dit solidaire<\/p>\n<p class=\" wall-content\">La mairie se dit solidaire de l\u2019initiative.<\/p>\n<p class=\" wall-content\">\u00ab\u00a0Nous voulons aussi <strong>limiter le nombre de r\u00e9sidences de vacances<\/strong>\u00ab\u00a0, a indiqu\u00e9 son porte-parole, cit\u00e9 par le journal allemand.<\/p>\n<p class=\" wall-content\">Des <strong>contr\u00f4les<\/strong> sont \u00e9galement pr\u00e9vus pour identifier les locations ill\u00e9gales.<\/p>\n<p>Europa Park r\u00e9agit<\/p>\n<p class=\" wall-content\">\u00ab\u00a0Nous <strong>\u00e9changeons<\/strong> \u00e9troitement avec la commune de Rust sur tous les sujets relatifs \u00e0 la politique touristique et<strong> r\u00e9alisons des enqu\u00eates publiques participatives<\/strong> concernant les projets directement li\u00e9s \u00e0 Europa Park\u00a0\u00bb, r\u00e9agit le parc, sollicit\u00e9 par nos soins.<\/p>\n<blockquote class=\"ac-article-quote wall-content\">\n<p>En tant qu\u2019entreprise familiale ancr\u00e9e dans la r\u00e9gion, nous accordons une grande importance \u00e0 un d\u00e9veloppement durable en phase avec la commune et ses habitants.\u00a0<\/p>\n<p>    <strong>Europa Park<\/strong>\n            <\/p><\/blockquote>\n<p class=\" wall-content\">\u00ab\u00a0L\u2019initiative citoyenne mentionn\u00e9e porte sur le d\u00e9veloppement de r\u00e9sidences de vacances \u00e0 Rust. Les questions relatives \u00e0 l\u2019urbanisme <strong>rel\u00e8vent du conseil municipal et de l\u2019administration communale<\/strong>\u00ab\u00a0, ajoute Europa Park.<\/p>\n<p>Votre r\u00e9gion, votre actu !<\/p>\n<p>Recevez chaque jour les infos qui comptent pour vous.<\/p>\n<p>\t<a href=\"https:\/\/actu.fr\/newsletter\" class=\"ac-btn ac-btn--corner ac-btn--medium ac-btn--blue800\" rel=\"nofollow noopener\" target=\"_blank\">S&rsquo;incrire<\/a><br \/>\nEn Alsace, un projet d\u2019extension fait aussi grincer des dents<\/p>\n<p class=\" wall-content\">Cette contestation locale fait \u00e9cho aux r\u00e9sistances observ\u00e9es en <a href=\"https:\/\/actu.fr\/tag\/alsace\" rel=\"nofollow noopener\" target=\"_blank\">Alsace<\/a>, o\u00f9 un projet d\u2019extension du parc sur des terres agricoles suscite des critiques.<\/p>\n<p class=\" wall-content\"><strong>Europa Vall\u00e9e<\/strong>, c\u2019est son nom, prendrait la forme d\u2019un\u00a0complexe h\u00f4telier type <strong>Center Parcs<\/strong> de plus de 150 hectares <strong>entre Sundhouse et Diebolsheim (Bas-Rhin)<\/strong>, comme l\u2019avaient r\u00e9v\u00e9l\u00e9 nos confr\u00e8res de <a href=\"https:\/\/www.rue89strasbourg.com\/en-alsace-centrale-europa-park-espere-construire-un-complexe-hotelier-sur-plus-de-150-hectares-de-terres-agricoles-169711\" rel=\"nofollow noopener\" target=\"_blank\">Rue89 Strasbourg<\/a>.<\/p>\n<p class=\" wall-content\">Personnalisez votre actualit\u00e9 en ajoutant vos villes et m\u00e9dias en favori avec <a href=\"https:\/\/moncompte.actu.fr\" title=\"D\u00e9couvez Mon Actu\" rel=\"nofollow noopener\" data-trk=\"{&quot;cta&quot;:{&quot;action&quot;:&quot;https:\\\/\\\/moncompte.actu.fr&quot;,&quot;category&quot;:&quot;mon compte&quot;,&quot;from&quot;:&quot;article footer&quot;,&quot;name&quot;:&quot;Mon actu&quot;,&quot;type&quot;:&quot;cta&quot;}}\" target=\"_blank\">Mon Actu<\/a>.<\/p>\n","protected":false},"excerpt":{"rendered":"Par Ivan CAPECCHI Publi\u00e9 le 14 sept. 2025 \u00e0 18h02 \u00c0 Rust, commune allemande de 5 000 habitants&hellip;\n","protected":false},"author":2,"featured_media":390576,"comment_status":"","ping_status":"","sticky":false,"template":"","format":"standard","meta":{"footnotes":""},"categories":[1587],"tags":[11,672,1804,1805,1803,1777,44252,674,1801,1652,12,1802],"class_list":{"0":"post-390575","1":"post","2":"type-post","3":"status-publish","4":"format-standard","5":"has-post-thumbnail","7":"category-allemagne","8":"tag-actualites","9":"tag-allemagne","10":"tag-bundesrepublik-deutschland","11":"tag-de","12":"tag-deutschland","13":"tag-eu","14":"tag-europa-park","15":"tag-europe","16":"tag-germany","17":"tag-loisirs-culture","18":"tag-news","19":"tag-republique-federale-dallemagne"},"share_on_mastodon":{"url":"https:\/\/pubeurope.com\/@fr\/115203499955451182","error":""},"_links":{"self":[{"href":"https:\/\/www.europesays.com\/fr\/wp-json\/wp\/v2\/posts\/390575","targetHints":{"allow":["GET"]}}],"collection":[{"href":"https:\/\/www.europesays.com\/fr\/wp-json\/wp\/v2\/posts"}],"about":[{"href":"https:\/\/www.europesays.com\/fr\/wp-json\/wp\/v2\/types\/post"}],"author":[{"embeddable":true,"href":"https:\/\/www.europesays.com\/fr\/wp-json\/wp\/v2\/users\/2"}],"replies":[{"embeddable":true,"href":"https:\/\/www.europesays.com\/fr\/wp-json\/wp\/v2\/comments?post=390575"}],"version-history":[{"count":0,"href":"https:\/\/www.europesays.com\/fr\/wp-json\/wp\/v2\/posts\/390575\/revisions"}],"wp:featuredmedia":[{"embeddable":true,"href":"https:\/\/www.europesays.com\/fr\/wp-json\/wp\/v2\/media\/390576"}],"wp:attachment":[{"href":"https:\/\/www.europesays.com\/fr\/wp-json\/wp\/v2\/media?parent=390575"}],"wp:term":[{"taxonomy":"category","embeddable":true,"href":"https:\/\/www.europesays.com\/fr\/wp-json\/wp\/v2\/categories?post=390575"},{"taxonomy":"post_tag","embeddable":true,"href":"https:\/\/www.europesays.com\/fr\/wp-json\/wp\/v2\/tags?post=390575"}],"curies":[{"name":"wp","href":"https:\/\/api.w.org\/{rel}","templated":true}]}}