{"id":39060,"date":"2025-04-20T14:15:08","date_gmt":"2025-04-20T14:15:08","guid":{"rendered":"https:\/\/www.europesays.com\/fr\/39060\/"},"modified":"2025-04-20T14:15:08","modified_gmt":"2025-04-20T14:15:08","slug":"ce-controle-routier-pres-de-lyon-devait-etre-banal-le-resultat-glace-les-gendarmes","status":"publish","type":"post","link":"https:\/\/www.europesays.com\/fr\/39060\/","title":{"rendered":"Ce contr\u00f4le routier pr\u00e8s de Lyon devait \u00eatre banal\u2026 le r\u00e9sultat glace les gendarmes"},"content":{"rendered":"<p itemprop=\"description\"><strong>En seulement deux heures, les gendarmes du Rh\u00f4ne ont relev\u00e9 une cinquantaine d\u2019infractions sur les routes de Vernaison, Solaize et S\u00e9r\u00e9zin-du-Rh\u00f4ne. Alcool, stup\u00e9fiants, t\u00e9l\u00e9phone au volant\u2026 Le constat est sans appel.<\/strong><\/p>\n<p>Ce 15 avril, entre 14h30 et 17h30, les militaires de l\u2019Escadron D\u00e9partemental de S\u00e9curit\u00e9 Routi\u00e8re (EDSR) du Rh\u00f4ne ont men\u00e9 une op\u00e9ration anti-d\u00e9linquance sur trois communes du sud lyonnais. Vernaison, Solaize et S\u00e9r\u00e9zin ont \u00e9t\u00e9 le th\u00e9\u00e2tre d\u2019un contr\u00f4le d\u2019ampleur\u2026 aux r\u00e9sultats \u201caffligeants\u201d.<\/p>\n<p>En deux heures seulement,\u00a0<strong>50 infractions ont \u00e9t\u00e9 constat\u00e9es<\/strong>, dont plusieurs d\u00e9lits graves. \u00a0Parmi eux : trois conducteurs \u00e9taient sous l\u2019empire de stup\u00e9fiants, deux autres avaient consomm\u00e9 de l\u2019alcool au volant. Cinq v\u00e9hicules circulaient sans assurance, un conducteur roulait sans permis, tandis qu\u2019un autre se retrouvait au volant avec un solde de points nul.<\/p>\n<p>Au-del\u00e0 de ces d\u00e9lits, les gendarmes ont \u00e9galement constat\u00e9 une s\u00e9rie de comportements \u00e0 risque : vingt-deux usagers utilisaient leur t\u00e9l\u00e9phone ou des oreillettes en conduisant, sept ne portaient pas leur ceinture de s\u00e9curit\u00e9, plusieurs v\u00e9hicules pr\u00e9sentaient des d\u00e9fauts techniques \u2014 pneus lisses, plaques illisibles, contr\u00f4le technique non effectu\u00e9 \u2014 et certains contrevenaient \u00e0 la r\u00e9glementation en mati\u00e8re de transport de d\u00e9chets ou circulaient sur des axes interdits, notamment sur le pont de Vernaison.\u00a0<\/p>\n<p>Les gendarmes rappellent une r\u00e9alit\u00e9 trop souvent oubli\u00e9e :\u00a0\u201cSur la route, une seconde d&rsquo;inattention peut co\u00fbter la vie. La v\u00f4tre\u2026 ou celle d\u2019un autre.\u201d<\/p>\n<p>En diffusant les chiffres de cette op\u00e9ration sur les r\u00e9seaux sociaux, l\u2019EDSR du Rh\u00f4ne cherche \u00e0 provoquer une prise de conscience. \u00ab\u00a0Ce n&rsquo;est pas juste un chiffre. C\u2019est le reflet d\u2019un comportement routier inqui\u00e9tant. Trop de risques, trop d\u2019inconscience. Et toujours les m\u00eames cons\u00e9quences\u00a0\u00bb, expliquent les\u00a0militaires.<\/p>\n<blockquote class=\"twitter-tweet\"><p>&#13;<\/p>\n<p dir=\"ltr\" lang=\"fr\">OAD<br \/>&#13;<br \/>\nLe 1\ufe0f\u20e35\ufe0f\u20e3 avril, une op\u00e9ration anti-d\u00e9linquance est men\u00e9e par l&rsquo;EDSR du Rh\u00f4ne sur les communes de Vernaison, Solaize et Serezin du Rh\u00f4ne.<br \/>&#13;<br \/>\n\u26a0\ufe0fChangeons les comportements\u26a0\ufe0f.<br \/>&#13;<br \/>\nUne seconde d&rsquo;inattention peut co\u00fbter une vie.<br \/>&#13;<br \/>\nLes r\u00e9sultats sont \u00e9loquents: 5\ufe0f\u20e30\ufe0f\u20e3 infractions relev\u00e9es \u2935\ufe0f<\/p>\n<p>&#13;<br \/>\n\u2014 Gendarmerie du Rh\u00f4ne (@Gendarmerie_069) <a href=\"https:\/\/twitter.com\/Gendarmerie_069\/status\/1913852727920050469?ref_src=twsrc%5Etfw\" rel=\"nofollow noopener\" target=\"_blank\">April 20, 2025<\/a><\/p><\/blockquote>\n<p>\t\t  <script async src=\"https:\/\/platform.twitter.com\/widgets.js\" charset=\"utf-8\"><\/script><\/p>\n","protected":false},"excerpt":{"rendered":"En seulement deux heures, les gendarmes du Rh\u00f4ne ont relev\u00e9 une cinquantaine d\u2019infractions sur les routes de Vernaison,&hellip;\n","protected":false},"author":2,"featured_media":39061,"comment_status":"","ping_status":"","sticky":false,"template":"","format":"standard","meta":{"footnotes":""},"categories":[1889],"tags":[1111,11,2813,2190,2430,1109,251,1112,2811,1777,674,118,1011,27,1922,1110,1114,2428,2810,12,241,316,25,2812,517,800],"class_list":{"0":"post-39060","1":"post","2":"type-post","3":"status-publish","4":"format-standard","5":"has-post-thumbnail","7":"category-lyon","8":"tag-actu","9":"tag-actualites","10":"tag-article","11":"tag-asvel","12":"tag-auvergne-rhone-alpes","13":"tag-breves","14":"tag-culture","15":"tag-depeches","16":"tag-economique","17":"tag-eu","18":"tag-europe","19":"tag-faits-divers","20":"tag-fr","21":"tag-france","22":"tag-info","23":"tag-informations","24":"tag-infos","25":"tag-lyon","26":"tag-lyonmag","27":"tag-news","28":"tag-ol","29":"tag-politique","30":"tag-republique-francaise","31":"tag-sociale","32":"tag-sport","33":"tag-transports"},"share_on_mastodon":{"url":"https:\/\/pubeurope.com\/@fr\/114370715560648005","error":""},"_links":{"self":[{"href":"https:\/\/www.europesays.com\/fr\/wp-json\/wp\/v2\/posts\/39060","targetHints":{"allow":["GET"]}}],"collection":[{"href":"https:\/\/www.europesays.com\/fr\/wp-json\/wp\/v2\/posts"}],"about":[{"href":"https:\/\/www.europesays.com\/fr\/wp-json\/wp\/v2\/types\/post"}],"author":[{"embeddable":true,"href":"https:\/\/www.europesays.com\/fr\/wp-json\/wp\/v2\/users\/2"}],"replies":[{"embeddable":true,"href":"https:\/\/www.europesays.com\/fr\/wp-json\/wp\/v2\/comments?post=39060"}],"version-history":[{"count":0,"href":"https:\/\/www.europesays.com\/fr\/wp-json\/wp\/v2\/posts\/39060\/revisions"}],"wp:featuredmedia":[{"embeddable":true,"href":"https:\/\/www.europesays.com\/fr\/wp-json\/wp\/v2\/media\/39061"}],"wp:attachment":[{"href":"https:\/\/www.europesays.com\/fr\/wp-json\/wp\/v2\/media?parent=39060"}],"wp:term":[{"taxonomy":"category","embeddable":true,"href":"https:\/\/www.europesays.com\/fr\/wp-json\/wp\/v2\/categories?post=39060"},{"taxonomy":"post_tag","embeddable":true,"href":"https:\/\/www.europesays.com\/fr\/wp-json\/wp\/v2\/tags?post=39060"}],"curies":[{"name":"wp","href":"https:\/\/api.w.org\/{rel}","templated":true}]}}