{"id":390603,"date":"2025-09-14T16:20:18","date_gmt":"2025-09-14T16:20:18","guid":{"rendered":"https:\/\/www.europesays.com\/fr\/390603\/"},"modified":"2025-09-14T16:20:18","modified_gmt":"2025-09-14T16:20:18","slug":"cest-comme-ca-depuis-une-semaine","status":"publish","type":"post","link":"https:\/\/www.europesays.com\/fr\/390603\/","title":{"rendered":"\u00ab\u00a0C\u2019est comme \u00e7a depuis une semaine\u00a0\u00bb"},"content":{"rendered":"<p>En ce d\u00e9but de septembre, la librairie Pleine lune \u00e0 Tassin-la-Demi-Lune ressemble \u00e0 une v\u00e9ritable fourmili\u00e8re. Les trois libraires jonglent entre les listes scolaires \u00e0 honorer et les clients avides de conseils, alors que la rentr\u00e9e litt\u00e9raire propose cette ann\u00e9e pas moins de 484 nouveaux romans. D\u00e8s l\u2019ouverture, les clients poussent d\u00e9j\u00e0 la porte. <\/p>\n<p>\u00ab\u00a0C\u2019est comme \u00e7a depuis une semaine\u00a0\u00bb, sourit Sophie Gros, libraire tassilunoise, qui passe de la caisse au t\u00e9l\u00e9phone sans rel\u00e2che.<\/p>\n<p>Une double rentr\u00e9e<\/p>\n<p>\u00ab\u00a0En ce moment, nous avons vraiment un m\u00e9lange de rentr\u00e9e scolaire et de rentr\u00e9e litt\u00e9raire\u00a0\u00bb, explique-t-elle. Les parents affluent avec leurs listes d\u2019achats,&#8230;<\/p>\n","protected":false},"excerpt":{"rendered":"En ce d\u00e9but de septembre, la librairie Pleine lune \u00e0 Tassin-la-Demi-Lune ressemble \u00e0 une v\u00e9ritable fourmili\u00e8re. Les trois&hellip;\n","protected":false},"author":2,"featured_media":390604,"comment_status":"","ping_status":"","sticky":false,"template":"","format":"standard","meta":{"footnotes":""},"categories":[1357],"tags":[1379,1687,58,3153,59,1011,27,1380,2410,20283,20284],"class_list":{"0":"post-390603","1":"post","2":"type-post","3":"status-publish","4":"format-standard","5":"has-post-thumbnail","7":"category-livres","8":"tag-books","9":"tag-culture-loisirs","10":"tag-divertissement","11":"tag-edition-ouest-lyonnais","12":"tag-entertainment","13":"tag-fr","14":"tag-france","15":"tag-livres","16":"tag-livres-bd","17":"tag-tassin-la-demi-lune","18":"tag-tassin-la-demi-lune-bassin"},"share_on_mastodon":{"url":"https:\/\/pubeurope.com\/@fr\/115203566758942908","error":""},"_links":{"self":[{"href":"https:\/\/www.europesays.com\/fr\/wp-json\/wp\/v2\/posts\/390603","targetHints":{"allow":["GET"]}}],"collection":[{"href":"https:\/\/www.europesays.com\/fr\/wp-json\/wp\/v2\/posts"}],"about":[{"href":"https:\/\/www.europesays.com\/fr\/wp-json\/wp\/v2\/types\/post"}],"author":[{"embeddable":true,"href":"https:\/\/www.europesays.com\/fr\/wp-json\/wp\/v2\/users\/2"}],"replies":[{"embeddable":true,"href":"https:\/\/www.europesays.com\/fr\/wp-json\/wp\/v2\/comments?post=390603"}],"version-history":[{"count":0,"href":"https:\/\/www.europesays.com\/fr\/wp-json\/wp\/v2\/posts\/390603\/revisions"}],"wp:featuredmedia":[{"embeddable":true,"href":"https:\/\/www.europesays.com\/fr\/wp-json\/wp\/v2\/media\/390604"}],"wp:attachment":[{"href":"https:\/\/www.europesays.com\/fr\/wp-json\/wp\/v2\/media?parent=390603"}],"wp:term":[{"taxonomy":"category","embeddable":true,"href":"https:\/\/www.europesays.com\/fr\/wp-json\/wp\/v2\/categories?post=390603"},{"taxonomy":"post_tag","embeddable":true,"href":"https:\/\/www.europesays.com\/fr\/wp-json\/wp\/v2\/tags?post=390603"}],"curies":[{"name":"wp","href":"https:\/\/api.w.org\/{rel}","templated":true}]}}