{"id":390605,"date":"2025-09-14T16:21:13","date_gmt":"2025-09-14T16:21:13","guid":{"rendered":"https:\/\/www.europesays.com\/fr\/390605\/"},"modified":"2025-09-14T16:21:13","modified_gmt":"2025-09-14T16:21:13","slug":"telematin-ecourtee-les-animateurs-sortent-du-silence","status":"publish","type":"post","link":"https:\/\/www.europesays.com\/fr\/390605\/","title":{"rendered":"\u00ab\u00a0T\u00e9l\u00e9matin\u00a0\u00bb \u00e9court\u00e9e, les animateurs sortent du silence"},"content":{"rendered":"<p>      R\u00e9sum\u00e9<\/p>\n<p>Ce dimanche 14 septembre, T\u00e9l\u00e9matin a \u00e9t\u00e9 \u00e9court\u00e9e pour laisser place \u00e0 une c\u00e9r\u00e9monie importante, M\u00e9lanie Taravant et Samuel Ollivier ont expliqu\u00e9 directement cette interruption aux t\u00e9l\u00e9spectateurs.<\/p>\n<p>        Sommaire<\/p>\n<p>Chaque week-end, les <strong>fid\u00e8les de <a href=\"https:\/\/www.public.fr\/telematin-maya-lauque-balance-un-wesh-mon-frere-en-direct-pour-son-premier-jour\" rel=\"nofollow noopener\" target=\"_blank\">T\u00e9l\u00e9matin <\/a><\/strong>s\u2019installent devant leur \u00e9cran d\u00e8s 6h30, pr\u00eats \u00e0 profiter d\u2019un m\u00e9lange de <strong>bonne humeur matinale<\/strong> et <strong>d\u2019infos pratiques<\/strong> pour bien commencer la journ\u00e9e. Mais ce <strong>dimanche 14 septembre<\/strong>, petite surprise : l\u2019\u00e9mission a \u00e9t\u00e9 interrompue beaucoup plus t\u00f4t que pr\u00e9vu. \u00c0 la t\u00eate du programme, le tout nouveau duo compos\u00e9 de <strong>M\u00e9lanie Taravant et Samuel Ollivier<\/strong> a d\u00fb dire au revoir \u00e0 ses t\u00e9l\u00e9spectateurs d\u00e8s 7h15.<\/p>\n<p>Une coupure qui n\u2019a pas manqu\u00e9 de <strong>d\u00e9stabiliser les habitu\u00e9s<\/strong>. Mais pas de panique, ce n\u2019\u00e9tait pas une panne technique ni un bug myst\u00e9rieux : les<strong> deux animateurs ont pris le temps d\u2019expliquer<\/strong>, en direct, pourquoi T\u00e9l\u00e9matin avait d\u00fb rendre l\u2019antenne plus rapidement que d\u2019ordinaire.<\/p>\n<p>Un au revoir plus rapide que pr\u00e9vu sur T\u00e9l\u00e9matin<\/p>\n<p>Face cam\u00e9ra, M\u00e9lanie Taravant a lanc\u00e9 avec un petit sourire : \u00ab\u00a0Alors, vous savez quoi ?<strong> C\u2019est d\u00e9j\u00e0 l\u2019heure de dire au revoir<\/strong>. Je sais, vous vous dites \u2018Quoi ? D\u00e9j\u00e0 ? Pourquoi ?\u2019\u00a0\u00bb. Une annonce qui a fait r\u00e9agir les t\u00e9l\u00e9spectateurs de T\u00e9l\u00e9matin encore \u00e0 moiti\u00e9 endormis et qui ont \u00e9t\u00e9 bouscul\u00e9s dans leurs routines. \u00c0 ses c\u00f4t\u00e9s, Samuel Ollivier a pris le relais pour pr\u00e9ciser les raisons de cette interruption inhabituelle.<\/p>\n<p>\u00ab\u00a0Alors pourquoi ? Parce que les <strong>programmes religieux passent d\u2019abord<\/strong>, suivis de la <strong>c\u00e9r\u00e9monie en hommage aux d\u00e9port\u00e9s et victimes de la Shoah<\/strong>, qui se d\u00e9roulera depuis la Grande Synagogue de la Victoire \u00e0 Paris\u00a0\u00bb, a-t-il expliqu\u00e9. Une fa\u00e7on de montrer les priorit\u00e9s de la cha\u00eene.<\/p>\n<p>Pour rassurer tout le monde, les deux animateurs ont aussi gliss\u00e9 une petite <strong>note positive<\/strong>. \u00ab\u00a0En revanche, la bonne nouvelle, c\u2019est qu\u2019on se<strong> retrouve tous demain \u00e0 la m\u00eame heure, sur la m\u00eame cha\u00eene<\/strong>\u00ab\u00a0, a conclu le duo, histoire de rappeler que T\u00e9l\u00e9matin ne comptait pas s\u2019absenter bien longtemps. Et cela a permis de calmer les esprits qui sont habitu\u00e9s \u00e0 leur rituel du caf\u00e9 devant France 2.<\/p>\n<p>T\u00e9l\u00e9matin, le nouveau duo du week-end<\/p>\n<p>Ce l\u00e9ger contretemps a permis aussi de mettre en lumi\u00e8re le tout nouveau visage du week-end de T\u00e9l\u00e9matin. <strong>M\u00e9lanie Taravant et Samuel Ollivier<\/strong> ont en effet pris les <strong>commandes de l\u2019\u00e9mission en cette rentr\u00e9e 2025<\/strong>. Un tandem qui allie fra\u00eecheur et exp\u00e9rience : Samuel Ollivier, d\u00e9j\u00e0 bien connu des t\u00e9l\u00e9spectateurs, a longtemps offici\u00e9 comme <strong>chroniqueur sportif<\/strong> et<strong> joker \u00e0 la pr\u00e9sentation<\/strong>. M\u00e9lanie Taravant, quant \u00e0 elle, faisait jusqu\u2019\u00e0 pr\u00e9sent les beaux jours de<strong> France 5 avec C M\u00e9diatique<\/strong>, l\u2019\u00e9mission d\u00e9di\u00e9e aux coulisses des m\u00e9dias.<\/p>\n<p>Cette nouvelle organisation est le fruit d\u2019un remaniement complet de la matinale de France 2. Du lundi au jeudi, ce sont d\u00e9sormais <strong>Maya Lauqu\u00e9 et Damien Th\u00e9venot<\/strong> qui m\u00e8nent la danse, apr\u00e8s le d\u00e9part de <a href=\"https:\/\/www.public.fr\/julien-arnaud-et-flavie-flament-evinces-de-telematin-la-prise-de-parole-inattendue-du-journaliste\" rel=\"nofollow noopener\" target=\"_blank\">Julien Arnaud et Flavie Flament<\/a>. Avec ces changements, la cha\u00eene esp\u00e8re redonner un coup de jeune \u00e0 l\u2019un de ses programmes phares, tout en gardant l\u2019esprit convivial qui fait son succ\u00e8s depuis des d\u00e9cennies.<\/p>\n<p>      Mentionn\u00e9s dans cet article<\/p>\n<p>      Sur le m\u00eame sujet<\/p>\n","protected":false},"excerpt":{"rendered":"R\u00e9sum\u00e9 Ce dimanche 14 septembre, T\u00e9l\u00e9matin a \u00e9t\u00e9 \u00e9court\u00e9e pour laisser place \u00e0 une c\u00e9r\u00e9monie importante, M\u00e9lanie Taravant&hellip;\n","protected":false},"author":2,"featured_media":390606,"comment_status":"","ping_status":"","sticky":false,"template":"","format":"standard","meta":{"footnotes":""},"categories":[1356],"tags":[58,59,1011,27,2400,594,12959,252,1364],"class_list":{"0":"post-390605","1":"post","2":"type-post","3":"status-publish","4":"format-standard","5":"has-post-thumbnail","7":"category-television","8":"tag-divertissement","9":"tag-entertainment","10":"tag-fr","11":"tag-france","12":"tag-france-televisions","13":"tag-france-2","14":"tag-telematin","15":"tag-television","16":"tag-tv"},"share_on_mastodon":{"url":"https:\/\/pubeurope.com\/@fr\/115203570822659584","error":""},"_links":{"self":[{"href":"https:\/\/www.europesays.com\/fr\/wp-json\/wp\/v2\/posts\/390605","targetHints":{"allow":["GET"]}}],"collection":[{"href":"https:\/\/www.europesays.com\/fr\/wp-json\/wp\/v2\/posts"}],"about":[{"href":"https:\/\/www.europesays.com\/fr\/wp-json\/wp\/v2\/types\/post"}],"author":[{"embeddable":true,"href":"https:\/\/www.europesays.com\/fr\/wp-json\/wp\/v2\/users\/2"}],"replies":[{"embeddable":true,"href":"https:\/\/www.europesays.com\/fr\/wp-json\/wp\/v2\/comments?post=390605"}],"version-history":[{"count":0,"href":"https:\/\/www.europesays.com\/fr\/wp-json\/wp\/v2\/posts\/390605\/revisions"}],"wp:featuredmedia":[{"embeddable":true,"href":"https:\/\/www.europesays.com\/fr\/wp-json\/wp\/v2\/media\/390606"}],"wp:attachment":[{"href":"https:\/\/www.europesays.com\/fr\/wp-json\/wp\/v2\/media?parent=390605"}],"wp:term":[{"taxonomy":"category","embeddable":true,"href":"https:\/\/www.europesays.com\/fr\/wp-json\/wp\/v2\/categories?post=390605"},{"taxonomy":"post_tag","embeddable":true,"href":"https:\/\/www.europesays.com\/fr\/wp-json\/wp\/v2\/tags?post=390605"}],"curies":[{"name":"wp","href":"https:\/\/api.w.org\/{rel}","templated":true}]}}