{"id":390607,"date":"2025-09-14T16:22:17","date_gmt":"2025-09-14T16:22:17","guid":{"rendered":"https:\/\/www.europesays.com\/fr\/390607\/"},"modified":"2025-09-14T16:22:17","modified_gmt":"2025-09-14T16:22:17","slug":"fianso-donne-rendez-vous-pour-le-dernier-concert-de-sa-carriere-en-2026-a-laccor-arena","status":"publish","type":"post","link":"https:\/\/www.europesays.com\/fr\/390607\/","title":{"rendered":"Fianso donne rendez-vous pour le dernier concert de sa carri\u00e8re en 2026\u00a0\u00e0 l\u2019Accor Arena"},"content":{"rendered":"<p>        <img decoding=\"async\" loading=\"lazy\" src=\"https:\/\/www.europesays.com\/fr\/wp-content\/uploads\/2025\/09\/4fdeacb_1719871911688-capture-d-a-cran-2024-07-02-001141.png\"  width=\"728\" height=\"410\" alt=\"Fianso dans le titre \u00ab\u00a0No Pasaran\u00a0\u00bb contre le RN, morceau sorti le 1er juillet 2024.\"\/>  <\/p>\n<p>Capture \u00e9cran YouTube<\/p>\n<p>Fianso dans le titre \u00ab\u00a0No Pasaran\u00a0\u00bb contre le RN, morceau sorti le 1er juillet 2024.<\/p>\n<p class=\"asset asset-text\">CONCERT &#8211; Un dernier show et puis s\u2019en va. <a href=\"https:\/\/www.huffingtonpost.fr\/culture\/article\/fianso-soso-maness-akhenaton-en-pleines-legislatives-et-contre-l-extreme-droite-la-scene-rap-sort-un-single_236251.html\" target=\"_blank\" rel=\"noopener\">Le rappeur Fianso <\/a>donne rendez-vous \u00e0 ses fans pour le dernier concert de sa carri\u00e8re. En octobre\u00a02024, il avait d\u00e9j\u00e0 annonc\u00e9 qu\u2019il ne sortirait plus d\u2019album, mais l\u2019artiste va franchir une nouvelle \u00e9tape.<\/p>\n<p class=\"asset asset-text\">L\u2019annonce a \u00e9t\u00e9 faite lors de la<a href=\"https:\/\/www.huffingtonpost.fr\/politique\/article\/a-la-fete-de-l-huma-l-illusion-d-une-union-de-la-gauche-qui-n-existe-plus_254741.html\" target=\"_blank\" rel=\"noopener\"> F\u00eate de l\u2019Humanit\u00e9<\/a>, samedi 13\u00a0septembre au soir, alors que <a href=\"https:\/\/www.huffingtonpost.fr\/culture\/article\/fianso-decu-de-la-campagne-presidentielle-digne-des-rappeurs-en-clash-toute-la-journee_192558.html\" target=\"_blank\" rel=\"noopener\">le rappeur <\/a>se produisait devant des milliers de spectateurs malgr\u00e9 la pluie. \u00ab\u00a0J\u2019ai une annonce \u00e0 vous faire. Je veux voir tous les flashs.\u00a0Le 12\u00a0novembre\u00a02026, je serai \u00e0 l\u2019Accor Arena de Bercy. Je vous y attends tous\u00a0\u00bb, a-t-il lanc\u00e9 \u00e0 ses fans. Ce qu\u2019il ne leur dit pas, c\u2019est que ce sera la der des ders pour lui.<\/p>\n<p class=\"asset asset-text\">C\u2019est son entourage qui a confirm\u00e9 la nouvelle au<a href=\"https:\/\/www.leparisien.fr\/culture-loisirs\/musique\/je-vous-y-attends-tous-fianso-mettra-fin-a-sa-carriere-rap-en-2026-apres-un-dernier-concert-a-bercy-13-09-2025-JXB3R5XV2VD4FJETQ2PQPUL5DU.php\" target=\"_blank\" rel=\"noopener\" title=\"Nouvelle fen\u00eatre\"> Parisien<\/a>. Apr\u00e8s 20\u00a0ans de carri\u00e8re, il marque ainsi un tournant final.<\/p>\n<p> La lecture de ce contenu est susceptible d\u2019entra\u00eener un d\u00e9p\u00f4t de cookies de la part de l\u2019op\u00e9rateur tiers qui l\u2019h\u00e9berge. Compte-tenu des choix que vous avez exprim\u00e9s en mati\u00e8re de d\u00e9p\u00f4t de cookies, nous avons bloqu\u00e9 l\u2019affichage de ce contenu. Si vous souhaitez y acc\u00e9der, vous devez accepter la cat\u00e9gorie de cookies \u201cContenus tiers\u201d en cliquant sur le bouton ci-dessous. <\/p>\n<p> Lire la Vid\u00e9o        <\/p>\n<p class=\"asset asset-text\">\u00ab\u00a0Je n\u2019aime pas tra\u00eener sur sc\u00e8ne, j\u2019aime encha\u00eener les chansons, explique-t-il \u00e0 son public. Moi sur sc\u00e8ne, je ne suis pas une arnaque. J\u2019ai tout donn\u00e9, je fais mon cardio\u00a0\u00bb, avait-il dit, cit\u00e9 par le quotidien.<\/p>\n<p class=\"asset asset-text\">Mais que ses fans se rassurent, ils pourront toujours voir leur artiste. Sofiane Zermani, de son vrai nom, a \u00e9galement une carri\u00e8re au cin\u00e9ma, au th\u00e9\u00e2tre et dans le doublage. Depuis deux ans, il est apparu dans une quinzaine de films et t\u00e9l\u00e9films. Il est d\u2019ailleurs \u00e0 l\u2019affiche du Roi Soleil avec Pio Marma\u00ef et Lucie Zhang.<\/p>\n<p class=\"asset asset-text\">Selon le quotidien, il n\u2019exclut pas \u00e0 l\u2019avenir de\u00a0se tourner vers la production cin\u00e9matographique. Un programme charg\u00e9 dans lequel le rap doit laisser sa place.<\/p>\n","protected":false},"excerpt":{"rendered":"Capture \u00e9cran YouTube Fianso dans le titre \u00ab\u00a0No Pasaran\u00a0\u00bb contre le RN, morceau sorti le 1er juillet 2024.&hellip;\n","protected":false},"author":2,"featured_media":390608,"comment_status":"","ping_status":"","sticky":false,"template":"","format":"standard","meta":{"footnotes":""},"categories":[1355],"tags":[1697,251,58,59,1011,27,1361,873,3616],"class_list":{"0":"post-390607","1":"post","2":"type-post","3":"status-publish","4":"format-standard","5":"has-post-thumbnail","7":"category-musique","8":"tag-concert","9":"tag-culture","10":"tag-divertissement","11":"tag-entertainment","12":"tag-fr","13":"tag-france","14":"tag-music","15":"tag-musique","16":"tag-rap"},"share_on_mastodon":{"url":"https:\/\/pubeurope.com\/@fr\/115203575075359278","error":""},"_links":{"self":[{"href":"https:\/\/www.europesays.com\/fr\/wp-json\/wp\/v2\/posts\/390607","targetHints":{"allow":["GET"]}}],"collection":[{"href":"https:\/\/www.europesays.com\/fr\/wp-json\/wp\/v2\/posts"}],"about":[{"href":"https:\/\/www.europesays.com\/fr\/wp-json\/wp\/v2\/types\/post"}],"author":[{"embeddable":true,"href":"https:\/\/www.europesays.com\/fr\/wp-json\/wp\/v2\/users\/2"}],"replies":[{"embeddable":true,"href":"https:\/\/www.europesays.com\/fr\/wp-json\/wp\/v2\/comments?post=390607"}],"version-history":[{"count":0,"href":"https:\/\/www.europesays.com\/fr\/wp-json\/wp\/v2\/posts\/390607\/revisions"}],"wp:featuredmedia":[{"embeddable":true,"href":"https:\/\/www.europesays.com\/fr\/wp-json\/wp\/v2\/media\/390608"}],"wp:attachment":[{"href":"https:\/\/www.europesays.com\/fr\/wp-json\/wp\/v2\/media?parent=390607"}],"wp:term":[{"taxonomy":"category","embeddable":true,"href":"https:\/\/www.europesays.com\/fr\/wp-json\/wp\/v2\/categories?post=390607"},{"taxonomy":"post_tag","embeddable":true,"href":"https:\/\/www.europesays.com\/fr\/wp-json\/wp\/v2\/tags?post=390607"}],"curies":[{"name":"wp","href":"https:\/\/api.w.org\/{rel}","templated":true}]}}