{"id":390647,"date":"2025-09-14T16:47:13","date_gmt":"2025-09-14T16:47:13","guid":{"rendered":"https:\/\/www.europesays.com\/fr\/390647\/"},"modified":"2025-09-14T16:47:13","modified_gmt":"2025-09-14T16:47:13","slug":"a-seulement-11-ans-il-monte-sur-scene-et-met-le-feu-au-festival-la-flume-enchantee","status":"publish","type":"post","link":"https:\/\/www.europesays.com\/fr\/390647\/","title":{"rendered":"\u00e0 seulement 11 ans, il monte sur sc\u00e8ne et met le feu au festival La Fl\u00fbme Enchant\u00e9e"},"content":{"rendered":"<p>            Par<br \/>\n        <strong><br \/>\n            <a href=\"https:\/\/actu.fr\/auteur\/brian-legoff\" title=\"Consulter tous les articles de Brian Le Goff\" rel=\"nofollow noopener\" target=\"_blank\">Brian Le Goff<\/a><br \/>\n        <\/strong><\/p>\n<p>        Publi\u00e9 le<\/p>\n<p>            14 sept. 2025 \u00e0 18h40        <\/p>\n<p>Alors qu\u2019il assistait au <a href=\"https:\/\/actu.fr\/loisirs-culture\/concert\" rel=\"nofollow noopener\" target=\"_blank\">concert<\/a> de Boulevard des Airs avec ses parents et sa grande s\u0153ur, <strong>L\u00e9na\u00efc, 11\u00a0ans, originaire de Montreuil-sur-Ille,<\/strong> a surpris toute l\u2019assembl\u00e9e. Plac\u00e9 aux premi\u00e8res loges, il a r\u00e9clam\u00e9 \u00e0 plusieurs reprises une <strong>version rap du titre Allez reste<\/strong>, que le groupe venait d\u2019interpr\u00e9ter en version rock puis reggae.<\/p>\n<p>\u00ab\u2009On aurait dit qu\u2019il faisait partie du groupe\u2009\u00bb<\/p>\n<p class=\" wall-content\">S\u00e9duits par son enthousiasme, les musiciens l\u2019ont invit\u00e9 \u00e0 les rejoindre sur sc\u00e8ne. L\u00e9na\u00efc a aussit\u00f4t lanc\u00e9 un <strong>clapping, saut\u00e9 de longues minutes<\/strong> et transmis son \u00e9nergie \u00e0 plusieurs milliers de spectateurs conquis. \u00ab\u2009Il a mis une ambiance incroyable, on aurait dit qu\u2019il faisait partie du groupe\u2009\u00bb, s\u2019amusait un festivalier.<\/p>\n<blockquote class=\"tiktok-embed\" cite=\"https:\/\/www.tiktok.com\/@acturennes\/video\/7549689026580729110\" data-video-id=\"7549689026580729110\" data-embed-from=\"oembed\" style=\"max-width:605px; min-width:325px;\"><p>\n<a target=\"_blank\" title=\"@acturennes\" href=\"https:\/\/www.tiktok.com\/@acturennes?refer=embed\" rel=\"nofollow noopener\">@acturennes<\/a> <\/p>\n<p>\u00c0 seulement 11 ans, @Boulevard des airs le fait monter sur sc\u00e8ne : il met le feu au festival @La Flume Enchant\u00e9e \u00e0 G\u00e9vez\u00e9, pr\u00e8s de Rennes<\/p>\n<p> <a target=\"_blank\" title=\"\u266c son original - actuRennes\" href=\"https:\/\/www.tiktok.com\/music\/son-original-7549689028476635927?refer=embed\" rel=\"nofollow noopener\">\u266c son original \u2013 actuRennes<\/a> <\/p>\n<\/blockquote>\n<p class=\" wall-content\">Dans la foule, ses parents et sa grande s\u0153ur, \u00e0 la fois surpris et impressionn\u00e9s, ont assist\u00e9 \u00e0 la sc\u00e8ne avec fiert\u00e9. <strong>\u00ab\u2009On ne s\u2019attendait pas \u00e0 \u00e7a,<\/strong> mais il a v\u00e9cu un moment extraordinaire\u2009\u00bb, confient-ils.<\/p>\n<p>\u00ab\u2009Je me suis \u00e9clat\u00e9\u2009\u00bb<\/p>\n<p class=\" wall-content\">\u00c0 la fin du concert, on a retrouv\u00e9 L\u00e9na\u00efc encore<strong> sur un petit nuage<\/strong>. \u00ab\u2009C\u2019\u00e9tait trop bien. <strong>J\u2019ai eu super chaud,<\/strong> alors j\u2019ai lanc\u00e9 ma cape dans le public. Je me suis \u00e9clat\u00e9. <strong>Et le monde que l\u2019on voit, on ne se rend pas compte<\/strong> quand on est dans le public\u2009\u00bb, raconte-t-il, encore \u00e9merveill\u00e9.<\/p>\n<p class=\" wall-content\">Un instant de <strong>pure spontan\u00e9it\u00e9<\/strong> qui restera grav\u00e9 dans la m\u00e9moire du jeune gar\u00e7on\u2026 et dans celle du festival.<\/p>\n<p class=\" wall-content\">Personnalisez votre actualit\u00e9 en ajoutant vos villes et m\u00e9dias en favori avec <a href=\"https:\/\/moncompte.actu.fr\" title=\"D\u00e9couvez Mon Actu\" rel=\"nofollow noopener\" data-trk=\"{&quot;cta&quot;:{&quot;action&quot;:&quot;https:\\\/\\\/moncompte.actu.fr&quot;,&quot;category&quot;:&quot;mon compte&quot;,&quot;from&quot;:&quot;article footer&quot;,&quot;name&quot;:&quot;Mon actu&quot;,&quot;type&quot;:&quot;cta&quot;}}\" target=\"_blank\">Mon Actu<\/a>.<\/p>\n<p>                    <script async src=\"\/\/www.tiktok.com\/embed.js\"><\/script><\/p>\n","protected":false},"excerpt":{"rendered":"Par Brian Le Goff Publi\u00e9 le 14 sept. 2025 \u00e0 18h40 Alors qu\u2019il assistait au concert de Boulevard&hellip;\n","protected":false},"author":2,"featured_media":390648,"comment_status":"","ping_status":"","sticky":false,"template":"","format":"standard","meta":{"footnotes":""},"categories":[2821],"tags":[1111,11,829,1697,1777,674,849,1011,27,1757,51873,1652,12,584,25],"class_list":{"0":"post-390647","1":"post","2":"type-post","3":"status-publish","4":"format-standard","5":"has-post-thumbnail","7":"category-rennes","8":"tag-actu","9":"tag-actualites","10":"tag-bretagne","11":"tag-concert","12":"tag-eu","13":"tag-europe","14":"tag-festival","15":"tag-fr","16":"tag-france","17":"tag-insolite","18":"tag-la-flume-enchantee","19":"tag-loisirs-culture","20":"tag-news","21":"tag-rennes","22":"tag-republique-francaise"},"share_on_mastodon":{"url":"","error":""},"_links":{"self":[{"href":"https:\/\/www.europesays.com\/fr\/wp-json\/wp\/v2\/posts\/390647","targetHints":{"allow":["GET"]}}],"collection":[{"href":"https:\/\/www.europesays.com\/fr\/wp-json\/wp\/v2\/posts"}],"about":[{"href":"https:\/\/www.europesays.com\/fr\/wp-json\/wp\/v2\/types\/post"}],"author":[{"embeddable":true,"href":"https:\/\/www.europesays.com\/fr\/wp-json\/wp\/v2\/users\/2"}],"replies":[{"embeddable":true,"href":"https:\/\/www.europesays.com\/fr\/wp-json\/wp\/v2\/comments?post=390647"}],"version-history":[{"count":0,"href":"https:\/\/www.europesays.com\/fr\/wp-json\/wp\/v2\/posts\/390647\/revisions"}],"wp:featuredmedia":[{"embeddable":true,"href":"https:\/\/www.europesays.com\/fr\/wp-json\/wp\/v2\/media\/390648"}],"wp:attachment":[{"href":"https:\/\/www.europesays.com\/fr\/wp-json\/wp\/v2\/media?parent=390647"}],"wp:term":[{"taxonomy":"category","embeddable":true,"href":"https:\/\/www.europesays.com\/fr\/wp-json\/wp\/v2\/categories?post=390647"},{"taxonomy":"post_tag","embeddable":true,"href":"https:\/\/www.europesays.com\/fr\/wp-json\/wp\/v2\/tags?post=390647"}],"curies":[{"name":"wp","href":"https:\/\/api.w.org\/{rel}","templated":true}]}}