{"id":390651,"date":"2025-09-14T16:50:24","date_gmt":"2025-09-14T16:50:24","guid":{"rendered":"https:\/\/www.europesays.com\/fr\/390651\/"},"modified":"2025-09-14T16:50:24","modified_gmt":"2025-09-14T16:50:24","slug":"les-supporters-de-strasbourg-allument-le-president-marc-keller-et-reclament-son-depart","status":"publish","type":"post","link":"https:\/\/www.europesays.com\/fr\/390651\/","title":{"rendered":"les supporters de Strasbourg allument le pr\u00e9sident Marc Keller et r\u00e9clament son d\u00e9part"},"content":{"rendered":"<p class=\"mb-4 text-lg md:leading-8 break-words\">La fronde prend de l\u2019ampleur dans les tribunes de La Meinau. En marge de la r\u00e9ception du Havre ce dimanche en Ligue 1, la f\u00e9d\u00e9ration des supporters du <a href=\"https:\/\/fr.news.yahoo.com\/sport\/strasbourg-fausse-championnat-fastueux-mercato-090034754.html\" data-ylk=\"slk:Racing Club de Strasbourg;elm:context_link;itc:0;sec:content-canvas;outcm:mb_qualified_link;_E:mb_qualified_link;ct:story;\" class=\"link  yahoo-link\" target=\"_blank\" rel=\"noopener\">Racing Club de Strasbourg<\/a> a diffus\u00e9 un communiqu\u00e9 cinglant pour r\u00e9clamer le d\u00e9part du pr\u00e9sident Marc Keller. Les fans reprochent au dirigeant de 57 ans la situation du club alsacien depuis son rachat en juin 2023 par le consortium BlueCo et son patron am\u00e9ricain Todd Boehly, qui d\u00e9tiennent \u00e9galement <a href=\"https:\/\/fr.news.yahoo.com\/sport\/%C3%A7a-chauffe-chelsea-accus%C3%A9-74-113734868.html\" data-ylk=\"slk:Chelsea;elm:context_link;itc:0;sec:content-canvas;outcm:mb_qualified_link;_E:mb_qualified_link;ct:story;\" class=\"link  yahoo-link\" target=\"_blank\" rel=\"noopener\">Chelsea<\/a>.<\/p>\n<p class=\"mb-4 text-lg md:leading-8 break-words\">\u00ab\u00a0Il appara\u00eet d\u00e9sormais clair que le Racing est utilis\u00e9 comme une r\u00e9serve sp\u00e9culative, destin\u00e9 \u00e0 accumuler des joueurs surpay\u00e9s pour en tirer une plus-value ou alimenter Chelsea, v\u00e9ritable \u00e9quipe premi\u00e8re dans ce syst\u00e8me multipropri\u00e9taire\u00a0\u00bb, peut-on lire dans le communiqu\u00e9 des supporters. \u00ab\u00a0Le service de communication du club osait conclure ce sinistre mercato par le slogan: \u2018Cet effectif se construit autour de nos valeurs\u2019. Oui, autour des valeurs du football-buisness, de la d\u00e9pendance et de la sp\u00e9culation \u00e0 outrance. Non, pas autour de celles du Racing Club de Strasbourg: ind\u00e9pendance, identit\u00e9 forte, football populaire et diff\u00e9rence, qui nous sont ch\u00e8res depuis de nombreuses ann\u00e9es, contre vents et mar\u00e9es, et qui ont rendu \u00e0 Strasbourg ses lettres de noblesse.\u00a0\u00bb<\/p>\n<p>\u00ab\u00a0Le summum de l\u2019indignit\u00e9 a \u00e9t\u00e9 atteint\u00a0\u00bb avec le transfert annonc\u00e9 d\u2019Emegha \u00e0 Chelsea<\/p>\n<p class=\"mb-4 text-lg md:leading-8 break-words\">Les fans citent en exemple les cas de Mamadou Sarr et Ish\u00e9 Samuel-Smith, pass\u00e9s par le Racing avant de signer \u00e0 Chelsea, pour illustrer leur m\u00e9contentement. \u00ab\u00a0Le summum de l\u2019indignit\u00e9 a \u00e9t\u00e9 atteint le 12 septembre, quand Chelsea, le Racing et <a href=\"https:\/\/fr.news.yahoo.com\/sport\/laxe-chelsea-strasbourg-encore-frapp%C3%A9-142127086.html\" data-ylk=\"slk:Emegha;elm:context_link;itc:0;sec:content-canvas;outcm:mb_qualified_link;_E:mb_qualified_link;ct:story;\" class=\"link  yahoo-link\" target=\"_blank\" rel=\"noopener\">Emegha<\/a> ont annonc\u00e9 conjointement son transfert pour 2026&Prime;, appuient-ils. \u00ab\u00a0Comment accepter qu\u2019un capitaine du RCS pose avec le maillot de Chelsea, tout sourire, alors qu\u2019il est encore sous contrat et cens\u00e9 d\u00e9fendre ns couleurs toute la saison?\u00a0\u00bb<\/p>\n<p class=\"mb-4 text-lg md:leading-8 break-words\">\u00ab\u00a0Nous ne cautionnons pas ce que ce club devient. L\u2019institution est pi\u00e9tin\u00e9e par un fonds d\u2019investissement \u00e9tranger qui menace l\u2019int\u00e9grit\u00e9 m\u00eame du Racing\u00a0\u00bb, fustige le communiqu\u00e9, qui s\u2019en prend \u00e0 Marc Keller, \u00ab\u00a0un pseudo pr\u00e9sident\u00a0\u00bb, qui \u00ab\u00a0n\u2019est plus ma\u00eetre des d\u00e9cisions dans ce club qu\u2019il avait su reb\u00e2tir avec des bases solides il y a une d\u00e9cennie\u00a0\u00bb. \u00ab\u00a0Aujourd\u2019hui, il n\u2019est plus qu\u2019un communicant charg\u00e9 de d\u00e9fendre la politique de BlueCo. Il lui appartient d\u00e9sormais de prendre ses responsabilit\u00e9s: s\u2019en aller et laisser les vrais d\u00e9cideurs occuper son si\u00e8ge. La d\u00e9fense du club avec qui il a partag\u00e9 tant de choses n\u2019est visiblement plus de son ressort\u00a0\u00bb.<\/p>\n<p class=\"mb-4 text-lg md:leading-8 break-words\"><a href=\"https:\/\/rmcsport.bfmtv.com\/football\/clubs\/rc-strasbourg\/reserve-speculative-de-chelsea-institution-pietinee-les-supporters-de-strasbourg-allument-le-president-marc-keller-et-reclament-son-depart_AV-202509140294.html#xtor=AL-68\" rel=\"nofollow noopener\" target=\"_blank\" data-ylk=\"slk:Article original publi\u00e9 sur RMC Sport;elm:context_link;itc:0;sec:content-canvas\" class=\"link \">Article original publi\u00e9 sur RMC Sport<\/a><\/p>\n","protected":false},"excerpt":{"rendered":"La fronde prend de l\u2019ampleur dans les tribunes de La Meinau. En marge de la r\u00e9ception du Havre&hellip;\n","protected":false},"author":2,"featured_media":324826,"comment_status":"","ping_status":"","sticky":false,"template":"","format":"standard","meta":{"footnotes":""},"categories":[2820],"tags":[1111,11,7886,11871,52286,1777,674,1011,27,775,25323,12,2311,8708,25,52285,640],"class_list":{"0":"post-390651","1":"post","2":"type-post","3":"status-publish","4":"format-standard","5":"has-post-thumbnail","7":"category-strasbourg","8":"tag-actu","9":"tag-actualites","10":"tag-blueco","11":"tag-chelsea","12":"tag-emegha","13":"tag-eu","14":"tag-europe","15":"tag-fr","16":"tag-france","17":"tag-grand-est","18":"tag-marc-keller","19":"tag-news","20":"tag-racing","21":"tag-racing-club-de-strasbourg","22":"tag-republique-francaise","23":"tag-service-de-communication","24":"tag-strasbourg"},"share_on_mastodon":{"url":"https:\/\/pubeurope.com\/@fr\/115203684727291900","error":""},"_links":{"self":[{"href":"https:\/\/www.europesays.com\/fr\/wp-json\/wp\/v2\/posts\/390651","targetHints":{"allow":["GET"]}}],"collection":[{"href":"https:\/\/www.europesays.com\/fr\/wp-json\/wp\/v2\/posts"}],"about":[{"href":"https:\/\/www.europesays.com\/fr\/wp-json\/wp\/v2\/types\/post"}],"author":[{"embeddable":true,"href":"https:\/\/www.europesays.com\/fr\/wp-json\/wp\/v2\/users\/2"}],"replies":[{"embeddable":true,"href":"https:\/\/www.europesays.com\/fr\/wp-json\/wp\/v2\/comments?post=390651"}],"version-history":[{"count":0,"href":"https:\/\/www.europesays.com\/fr\/wp-json\/wp\/v2\/posts\/390651\/revisions"}],"wp:featuredmedia":[{"embeddable":true,"href":"https:\/\/www.europesays.com\/fr\/wp-json\/wp\/v2\/media\/324826"}],"wp:attachment":[{"href":"https:\/\/www.europesays.com\/fr\/wp-json\/wp\/v2\/media?parent=390651"}],"wp:term":[{"taxonomy":"category","embeddable":true,"href":"https:\/\/www.europesays.com\/fr\/wp-json\/wp\/v2\/categories?post=390651"},{"taxonomy":"post_tag","embeddable":true,"href":"https:\/\/www.europesays.com\/fr\/wp-json\/wp\/v2\/tags?post=390651"}],"curies":[{"name":"wp","href":"https:\/\/api.w.org\/{rel}","templated":true}]}}