{"id":390662,"date":"2025-09-14T16:56:18","date_gmt":"2025-09-14T16:56:18","guid":{"rendered":"https:\/\/www.europesays.com\/fr\/390662\/"},"modified":"2025-09-14T16:56:18","modified_gmt":"2025-09-14T16:56:18","slug":"a-bordeaux-marine-le-pen-revendique-une-alternance-toujours-plus-liberale-et-autoritaire","status":"publish","type":"post","link":"https:\/\/www.europesays.com\/fr\/390662\/","title":{"rendered":"\u00c0 Bordeaux, Marine Le Pen revendique une \u00ab\u00a0alternance\u00a0\u00bb toujours plus lib\u00e9rale et autoritaire"},"content":{"rendered":"<p>Le m\u00e9pris pour seule r\u00e9ponse \u00e0 un peuple en col\u00e8re. Quelques jours apr\u00e8s avoir <a href=\"https:\/\/www.humanite.fr\/politique\/extreme-droite\/assoiffe-de-pouvoir-le-rn-courtise-riches-et-patrons\" target=\"_blank\" rel=\"noopener\">refus\u00e9 d\u2019apporter son soutien au mouvement social du 10\u00a0septembre<\/a>, Marine Le Pen l\u2019a, dimanche, d\u00e9nigr\u00e9 dans des termes injurieux. Pour la d\u00e9put\u00e9e du Rassemblement national, les promoteurs de cette mobilisation ne sont que des \u00ab\u00a0ch\u00e9gu\u00e9varistes de carnaval qui cherchent \u00e0 bloquer le pays en faisant br\u00fbler des poubelles par des petits-bourgeois encagoul\u00e9s\u00a0\u00bb. <\/p>\n<p>Des termes rappelant Nicolas Sarkozy <a href=\"https:\/\/www.humanite.fr\/politique\/10-septembre\/stephane-peu-depute-pcf-le-president-est-au-pied-du-mur-la-gauche-ne-peut-pas-sabimer-dans-des-divisions-inutiles\" target=\"_blank\" rel=\"noopener\">ou Emmanuel Macron<\/a>, de la part d\u2019une femme politique qui se pr\u00e9tend pourtant \u00ab\u00a0repr\u00e9sentante du peuple\u00a0\u00bb. Mots qu\u2019elle a encore employ\u00e9s ce dimanche, lors d\u2019un meeting organis\u00e9 \u00e0 Bordeaux. Esp\u00e9rant l\u2019organisation d\u2019\u00e9lections nationales dans un avenir proche, elle y a d\u00e9velopp\u00e9 une partie de son projet politique. <\/p>\n<p>Avec, parmi les priorit\u00e9s, \u00ab\u00a0relancer le pouvoir d\u2019achat et lib\u00e9rer la croissance\u00a0\u00bb. Or, elle n\u2019a ajout\u00e9 aucune proposition sur le premier point mais d\u00e9velopp\u00e9 le second, en revendiquant notamment \u00ab\u00a0r\u00e9duire la charge fiscale et les normes qui \u00e9touffent notre entreprise\u00a0\u00bb.<\/p>\n<p>Pas de censure a priori\u00a0?<\/p>\n<p>Le lib\u00e9ralisme d\u00e9sormais assum\u00e9 <a href=\"https:\/\/www.humanite.fr\/politique\/extreme-droite\/assoiffe-de-pouvoir-le-rn-courtise-riches-et-patrons\" target=\"_blank\" rel=\"noopener\">de Marine Le Pen<\/a> s\u2019est aussi exprim\u00e9 dans le d\u00e9veloppement de son projet budg\u00e9taire. Si elle n\u2019a pas fait r\u00e9f\u00e9rence \u00e0 la tron\u00e7onneuse de Javier Milei \u2013\u00a0contrairement \u00e0 son alli\u00e9 \u00c9ric Ciotti\u00a0\u2013, la cheffe de l\u2019extr\u00eame droite fran\u00e7aise promet de faire la guerre \u00e0 l\u2019\u00c9tat. <\/p>\n<p>Pour Marine Le Pen, les priorit\u00e9s doivent \u00eatre de supprimer \u00ab\u00a0les politiques dogmatiques et toxiques pour le pays et r\u00e9duire son train de vie dispendieux\u00a0\u00bb en mettant notamment fin \u00e0 \u00ab\u00a0des dizaines d\u2019agences, de comit\u00e9s, de r\u00e9gulateurs\u00a0\u00bb. Sans oublier, bien entendu, de \u00ab\u00a0r\u00e9aliser des \u00e9conomies massives sur l\u2019immigration de guichet social\u00a0\u00bb et \u00ab\u00a0instaurer la priorit\u00e9 nationale pour le logement, les prestations sociales, les allocations familiales\u00a0\u00bb.<\/p>\n<p>Pour cela, la d\u00e9put\u00e9e veut acc\u00e9der rapidement au pouvoir, si possible via des l\u00e9gislatives anticip\u00e9es avant la pr\u00e9sidentielle 2027 \u2013\u00a0\u00e0 laquelle elle ne pourra pas participer si, au printemps 2026, la cour d\u2019appel de Paris <a href=\"https:\/\/www.humanite.fr\/politique\/extreme-droite\/proces-du-rn-marine-le-pen-condamnee-et-ineligible-au-nom-de-la-democratie\" target=\"_blank\" rel=\"noopener\">confirme son in\u00e9ligibilit\u00e9<\/a>. <\/p>\n<p>\u00ab\u00a0Ce que nous commencerons demain depuis Matignon, nous l\u2019amplifierons plus tard \u00e0 l\u2019\u00c9lys\u00e9e\u00a0\u00bb, esp\u00e8re-t-elle. Tout en d\u00e9nigrant tout projet de VIe\u00a0R\u00e9publique, elle a plaid\u00e9 pour \u00ab\u00a0un retour \u00e0 l\u2019esprit et \u00e0 la lettre de la Ve\u00a0R\u00e9publique et donc un retour aux urnes\u00a0\u00bb.<\/p>\n<p>Mais, pour pr\u00e9cipiter une dissolution, va-t-elle intimer ses troupes \u00e0 l\u2019Assembl\u00e9e nationale de voter, a priori, la censure contre S\u00e9bastien Lecornu et son futur gouvernement\u00a0? Elle n\u2019y a pas r\u00e9pondu sur sc\u00e8ne et reste myst\u00e9rieuse en dehors. Car au Rassemblement national, tout est affaire de strat\u00e9gie \u00e9lectorale. <\/p>\n<p>Visant un vote <a href=\"https:\/\/www.humanite.fr\/en-debat\/fiscalite\/bourgeois-patrons-on-arrive-qui-a-peur-du-nouveau-front-populaire\" target=\"_blank\" rel=\"noopener\">bourgeois<\/a> venu de la droite, elle redoute, depuis plus d\u2019un an, d\u2019appara\u00eetre comme un facteur d\u2019instabilit\u00e9 institutionnelle. La censure pourrait alors n\u2019arriver qu\u2019avec le vote du budget, apr\u00e8s avoir mis en sc\u00e8ne une n\u00e9gociation avec les macronistes. <\/p>\n<p>\u00ab\u00a0Il y a 5\u00a0% de notre \u00e9lectorat qui a besoin d\u2019\u00eatre rassur\u00e9, de voir qu\u2019on tente de n\u00e9gocier. Pour les retrait\u00e9s notamment, cette coquetterie compte\u00a0\u00bb, l\u00e2che pour France Info un cadre du parti lep\u00e9niste. Qu\u2019importe l\u2019int\u00e9r\u00eat des Fran\u00e7ais.<\/p>\n<p>Il ne pourra plus se faire passer pour un aristocrate. Le d\u00e9put\u00e9 RN Emmanuel Tach\u00e9 a \u00e9t\u00e9 condamn\u00e9 par la justice pour avoir ajout\u00e9 \u00e0 son patronyme le nom \u00ab\u00a0de la Pagerie\u00a0\u00bb. Le parlementaire d\u2019extr\u00eame droite a expliqu\u00e9 avoir adopt\u00e9 ce nom, en 1994, \u00ab\u00a0afin de se d\u00e9marquer dans le milieu professionnel dans lequel il \u00e9voluait\u00a0\u00bb, celui de la haute couture et de l\u2019audiovisuel. Mais lorsqu\u2019il a \u00e9t\u00e9 \u00e9lu en 2022, la lign\u00e9e des Tascher de la Pagerie a saisi la justice, estimant que cet usage, \u00ab\u00a0\u00e0 des fins politiques\u00a0\u00bb, lui portait pr\u00e9judice. S\u2019il continue de porter ce faux nom, il sera sanctionn\u00e9 de 200\u00a0euros pour chaque infraction constat\u00e9e.<\/p>\n<p>Il ne pourra plus se faire passer pour un aristocrate. Le d\u00e9put\u00e9 RN Emmanuel Tach\u00e9 a \u00e9t\u00e9 condamn\u00e9 par la justice pour avoir ajout\u00e9 \u00e0 son patronyme le nom \u00ab\u00a0de la Pagerie\u00a0\u00bb. Le parlementaire d\u2019extr\u00eame droite a expliqu\u00e9 avoir adopt\u00e9 ce nom, en 1994, \u00ab\u00a0afin de se d\u00e9marquer dans le milieu professionnel dans lequel il \u00e9voluait\u00a0\u00bb, celui de la haute couture et de l\u2019audiovisuel. Mais lorsqu\u2019il a \u00e9t\u00e9 \u00e9lu en 2022, la lign\u00e9e des Tascher de la Pagerie a saisi la justice, estimant que cet usage, \u00ab\u00a0\u00e0 des fins politiques\u00a0\u00bb, lui portait pr\u00e9judice. S\u2019il continue de porter ce faux nom, il sera sanctionn\u00e9 de 200\u00a0euros pour chaque infraction constat\u00e9e.<\/p>\n<p>Il ne pourra plus se faire passer pour un aristocrate. Le d\u00e9put\u00e9 RN Emmanuel Tach\u00e9 a \u00e9t\u00e9 condamn\u00e9 par la justice pour avoir ajout\u00e9 \u00e0 son patronyme le nom \u00ab\u00a0de la Pagerie\u00a0\u00bb. Le parlementaire d\u2019extr\u00eame droite a expliqu\u00e9 avoir adopt\u00e9 ce nom, en 1994, \u00ab\u00a0afin de se d\u00e9marquer dans le milieu professionnel dans lequel il \u00e9voluait\u00a0\u00bb, celui de la haute couture et de l\u2019audiovisuel. Mais lorsqu\u2019il a \u00e9t\u00e9 \u00e9lu en 2022, la lign\u00e9e des Tascher de la Pagerie a saisi la justice, estimant que cet usage, \u00ab\u00a0\u00e0 des fins politiques\u00a0\u00bb, lui portait pr\u00e9judice. S\u2019il continue de porter ce faux nom, il sera sanctionn\u00e9 de 200\u00a0euros pour chaque infraction constat\u00e9e.<\/p>\n<p>Face \u00e0 l\u2019extr\u00eame droite, ne rien l\u00e2cher\u00a0!<\/p>\n<p>C\u2019est pied \u00e0 pied, argument contre argument qu\u2019il faut combattre l\u2019extr\u00eame droite. Et c\u2019est ce que nous faisons chaque jour dans l\u2019Humanit\u00e9.<\/p>\n<p>Face aux attaques incessantes des racistes et des porteurs de haine\u00a0: soutenez-nous\u00a0! Ensemble, faisons entendre une autre voix dans ce d\u00e9bat public toujours plus naus\u00e9abond.<br \/><a href=\"https:\/\/www.humanite.fr\/lhumanite-cest-vous\" target=\"_blank\" rel=\"noopener\">Je veux en savoir plus.<\/a><\/p>\n","protected":false},"excerpt":{"rendered":"Le m\u00e9pris pour seule r\u00e9ponse \u00e0 un peuple en col\u00e8re. Quelques jours apr\u00e8s avoir refus\u00e9 d\u2019apporter son soutien&hellip;\n","protected":false},"author":2,"featured_media":390663,"comment_status":"","ping_status":"","sticky":false,"template":"","format":"standard","meta":{"footnotes":""},"categories":[2817],"tags":[1111,11,1997,1777,674,6429,1011,27,430,12,2219,1078,25],"class_list":{"0":"post-390662","1":"post","2":"type-post","3":"status-publish","4":"format-standard","5":"has-post-thumbnail","7":"category-bordeaux","8":"tag-actu","9":"tag-actualites","10":"tag-bordeaux","11":"tag-eu","12":"tag-europe","13":"tag-extru00eame-droite","14":"tag-fr","15":"tag-france","16":"tag-marine-le-pen","17":"tag-news","18":"tag-nouvelle-aquitaine","19":"tag-rassemblement-national","20":"tag-republique-francaise"},"share_on_mastodon":{"url":"https:\/\/pubeurope.com\/@fr\/115203708359284913","error":""},"_links":{"self":[{"href":"https:\/\/www.europesays.com\/fr\/wp-json\/wp\/v2\/posts\/390662","targetHints":{"allow":["GET"]}}],"collection":[{"href":"https:\/\/www.europesays.com\/fr\/wp-json\/wp\/v2\/posts"}],"about":[{"href":"https:\/\/www.europesays.com\/fr\/wp-json\/wp\/v2\/types\/post"}],"author":[{"embeddable":true,"href":"https:\/\/www.europesays.com\/fr\/wp-json\/wp\/v2\/users\/2"}],"replies":[{"embeddable":true,"href":"https:\/\/www.europesays.com\/fr\/wp-json\/wp\/v2\/comments?post=390662"}],"version-history":[{"count":0,"href":"https:\/\/www.europesays.com\/fr\/wp-json\/wp\/v2\/posts\/390662\/revisions"}],"wp:featuredmedia":[{"embeddable":true,"href":"https:\/\/www.europesays.com\/fr\/wp-json\/wp\/v2\/media\/390663"}],"wp:attachment":[{"href":"https:\/\/www.europesays.com\/fr\/wp-json\/wp\/v2\/media?parent=390662"}],"wp:term":[{"taxonomy":"category","embeddable":true,"href":"https:\/\/www.europesays.com\/fr\/wp-json\/wp\/v2\/categories?post=390662"},{"taxonomy":"post_tag","embeddable":true,"href":"https:\/\/www.europesays.com\/fr\/wp-json\/wp\/v2\/tags?post=390662"}],"curies":[{"name":"wp","href":"https:\/\/api.w.org\/{rel}","templated":true}]}}