{"id":390678,"date":"2025-09-14T17:04:17","date_gmt":"2025-09-14T17:04:17","guid":{"rendered":"https:\/\/www.europesays.com\/fr\/390678\/"},"modified":"2025-09-14T17:04:17","modified_gmt":"2025-09-14T17:04:17","slug":"leur-immeuble-est-envahi-de-cafards-les-locataires-sont-a-bout-de-nerfs","status":"publish","type":"post","link":"https:\/\/www.europesays.com\/fr\/390678\/","title":{"rendered":"leur immeuble est envahi de cafards, les locataires sont \u00e0 bout de nerfs"},"content":{"rendered":"<p>Le temps para\u00eet parfois para\u00eetre tr\u00e8s long. Surtout lorsque l\u2019on est impuissant face \u00e0 une situation compliqu\u00e9e. C\u2019est le cas des locataires d\u2019un immeuble g\u00e9r\u00e9 par Lyon M\u00e9tropole Habitat (LMH), dans le quartier du Prainet \u00e0 D\u00e9cines.<\/p>\n<p>Tout est parti d\u2019un appartement au 2e \u00e9tage du 10 rue Sully, semble-t-il inoccup\u00e9 depuis plusieurs jours, d\u00e9but septembre. Voyant sortir de dessous la porte des dizaines de cafards, les voisins de palier ont imm\u00e9diatement alert\u00e9 leur bailleur&#8230;<\/p>\n","protected":false},"excerpt":{"rendered":"Le temps para\u00eet parfois para\u00eetre tr\u00e8s long. Surtout lorsque l\u2019on est impuissant face \u00e0 une situation compliqu\u00e9e. C\u2019est&hellip;\n","protected":false},"author":2,"featured_media":390679,"comment_status":"","ping_status":"","sticky":false,"template":"","format":"standard","meta":{"footnotes":""},"categories":[1889],"tags":[1111,11,1867,2430,4624,3152,1777,674,107,1011,27,1908,2428,12,18283,25,2429,3151,104],"class_list":{"0":"post-390678","1":"post","2":"type-post","3":"status-publish","4":"format-standard","5":"has-post-thumbnail","7":"category-lyon","8":"tag-actu","9":"tag-actualites","10":"tag-animaux","11":"tag-auvergne-rhone-alpes","12":"tag-decines-charpieu","13":"tag-edition-est-lyonnais","14":"tag-eu","15":"tag-europe","16":"tag-fil-info","17":"tag-fr","18":"tag-france","19":"tag-logement","20":"tag-lyon","21":"tag-news","22":"tag-plaine-de-lest","23":"tag-republique-francaise","24":"tag-rhone","25":"tag-selection-de-la-redaction-69","26":"tag-societe"},"share_on_mastodon":{"url":"https:\/\/pubeurope.com\/@fr\/115203739676472108","error":""},"_links":{"self":[{"href":"https:\/\/www.europesays.com\/fr\/wp-json\/wp\/v2\/posts\/390678","targetHints":{"allow":["GET"]}}],"collection":[{"href":"https:\/\/www.europesays.com\/fr\/wp-json\/wp\/v2\/posts"}],"about":[{"href":"https:\/\/www.europesays.com\/fr\/wp-json\/wp\/v2\/types\/post"}],"author":[{"embeddable":true,"href":"https:\/\/www.europesays.com\/fr\/wp-json\/wp\/v2\/users\/2"}],"replies":[{"embeddable":true,"href":"https:\/\/www.europesays.com\/fr\/wp-json\/wp\/v2\/comments?post=390678"}],"version-history":[{"count":0,"href":"https:\/\/www.europesays.com\/fr\/wp-json\/wp\/v2\/posts\/390678\/revisions"}],"wp:featuredmedia":[{"embeddable":true,"href":"https:\/\/www.europesays.com\/fr\/wp-json\/wp\/v2\/media\/390679"}],"wp:attachment":[{"href":"https:\/\/www.europesays.com\/fr\/wp-json\/wp\/v2\/media?parent=390678"}],"wp:term":[{"taxonomy":"category","embeddable":true,"href":"https:\/\/www.europesays.com\/fr\/wp-json\/wp\/v2\/categories?post=390678"},{"taxonomy":"post_tag","embeddable":true,"href":"https:\/\/www.europesays.com\/fr\/wp-json\/wp\/v2\/tags?post=390678"}],"curies":[{"name":"wp","href":"https:\/\/api.w.org\/{rel}","templated":true}]}}