{"id":390682,"date":"2025-09-14T17:07:14","date_gmt":"2025-09-14T17:07:14","guid":{"rendered":"https:\/\/www.europesays.com\/fr\/390682\/"},"modified":"2025-09-14T17:07:14","modified_gmt":"2025-09-14T17:07:14","slug":"la-derniere-etape-definitivement-arretee-a-cause-des-manifestations-propalestiniennes-pas-de-vainqueur-detape-a-madrid","status":"publish","type":"post","link":"https:\/\/www.europesays.com\/fr\/390682\/","title":{"rendered":"la derni\u00e8re \u00e9tape d\u00e9finitivement arr\u00eat\u00e9e \u00e0 cause des manifestations propalestiniennes, pas de vainqueur d&rsquo;\u00e9tape \u00e0 Madrid"},"content":{"rendered":"\n<p class=\"c-chapo \">\n  En raison d&rsquo;un nombre tr\u00e8s important de manifestants dans la capitale espagnole, o\u00f9 devait se tenir l&rsquo;arriv\u00e9e de la derni\u00e8re \u00e9tape, dimanche, l&rsquo;organisation a neutralise d\u00e9finitivement la course \u00e0 58 kilom\u00e8tres du but.\n<\/p>\n<p>            lire plus tard<\/p>\n<p id=\"dialog__title\" class=\"dialog__title\">Pour sauvegarder cet article, connectez-vous ou cr\u00e9ez un compte franceinfo<\/p>\n<p class=\"dialog__description\">Sans paiement. Sans abonnement.<\/p>\n<p>        Fermer la fen\u00eatre d\u2019activation des notifications France Info<\/p>\n<p>            cr\u00e9er votre compte<\/p>\n<p>            se connecter<\/p>\n<p>        Fermer la fen\u00eatre de pr\u00e9sentation<\/p>\n<p>    <img loading=\"lazy\" decoding=\"async\" class=\"signature__image lazyload\" width=\"100\" height=\"100\" data- alt=\"\" src=\"https:\/\/www.europesays.com\/fr\/wp-content\/uploads\/2025\/05\/64a430a2e1f98_theo-rond.png\"\/><\/p>\n<p>          France T\u00e9l\u00e9visions &#8211; R\u00e9daction Sport<\/p>\n<p>    Publi\u00e9 le 14\/09\/2025 18:42<\/p>\n<p>      Mis \u00e0 jour le 14\/09\/2025 18:45<\/p>\n<p>        Temps de lecture : 1min<\/p>\n<p>    <img decoding=\"async\"  alt=\"Des manifestants propalestiniens lors de la 21e \u00e9tape de la Vuelta, le 14 septembre 2025. (PIERRE-PHILIPPE MARCOU \/ AFP)\" width=\"432\" height=\"243\" src=\"https:\/\/www.europesays.com\/fr\/wp-content\/uploads\/2025\/09\/000-74g96ww-68c6ee5634940892973952.jpg\" fetchpriority=\"high\"\/><\/p>\n<p>      Des manifestants propalestiniens lors de la 21e \u00e9tape de la Vuelta, le 14 septembre 2025. (PIERRE-PHILIPPE MARCOU \/ AFP)<\/p>\n<p>La Vuelta aura bien un vainqueur du classement g\u00e9n\u00e9ral, Jonas Vingegaard, mais il n&rsquo;y en aura pas pour la derni\u00e8re \u00e9tape. La 21e \u00e9tape, disput\u00e9e entre Alalpardo et Madrid, a \u00e9t\u00e9 neutralis\u00e9e d\u00e9finitivement \u00e0 une cinquantaine de kilom\u00e8tres de l&rsquo;arriv\u00e9e, dimanche 14 septembre, en raison de la pr\u00e9sence massive de manifestants propalestiniens dans la capitale.\u00a0<\/p>\n<p>Alors que le Premier ministre espagnol Pedro Sanchez <a href=\"https:\/\/www.franceinfo.fr\/sports\/cyclisme\/vuelta\/vuelta-le-premier-ministre-espagnol-pedro-sanchez-exprime-son-admiration-des-manifestations-propalestiniennes_7492066.html\" rel=\"nofollow noopener\" target=\"_blank\">avait fait part, plus t\u00f4t dans la journ\u00e9e, de son \u00ab\u00a0admiration\u00a0\u00bb pour ces manifestations<\/a>, leur nombre trop important, dimanche, a oblig\u00e9 l&rsquo;organisation du Tour d&rsquo;Espagne a arr\u00eater la derni\u00e8re \u00e9tape \u00e0 58 kilom\u00e8tres du but pour la pr\u00e9server la s\u00e9curit\u00e9 des coureurs, qui avaient d\u00e9j\u00e0 d\u00fb contourner un groupe sur la route un peu plus t\u00f4t.<\/p>\n","protected":false},"excerpt":{"rendered":"En raison d&rsquo;un nombre tr\u00e8s important de manifestants dans la capitale espagnole, o\u00f9 devait se tenir l&rsquo;arriv\u00e9e de&hellip;\n","protected":false},"author":2,"featured_media":390683,"comment_status":"","ping_status":"","sticky":false,"template":"","format":"standard","meta":{"footnotes":""},"categories":[1888],"tags":[1111,1928,11,1927,1777,674,1011,27,12,1926,626,1925,25],"class_list":{"0":"post-390682","1":"post","2":"type-post","3":"status-publish","4":"format-standard","5":"has-post-thumbnail","7":"category-paris","8":"tag-actu","9":"tag-actu-paris","10":"tag-actualites","11":"tag-actualites-paris","12":"tag-eu","13":"tag-europe","14":"tag-fr","15":"tag-france","16":"tag-news","17":"tag-news-paris","18":"tag-paris","19":"tag-paris-news","20":"tag-republique-francaise"},"share_on_mastodon":{"url":"https:\/\/pubeurope.com\/@fr\/115203752025265798","error":""},"_links":{"self":[{"href":"https:\/\/www.europesays.com\/fr\/wp-json\/wp\/v2\/posts\/390682","targetHints":{"allow":["GET"]}}],"collection":[{"href":"https:\/\/www.europesays.com\/fr\/wp-json\/wp\/v2\/posts"}],"about":[{"href":"https:\/\/www.europesays.com\/fr\/wp-json\/wp\/v2\/types\/post"}],"author":[{"embeddable":true,"href":"https:\/\/www.europesays.com\/fr\/wp-json\/wp\/v2\/users\/2"}],"replies":[{"embeddable":true,"href":"https:\/\/www.europesays.com\/fr\/wp-json\/wp\/v2\/comments?post=390682"}],"version-history":[{"count":0,"href":"https:\/\/www.europesays.com\/fr\/wp-json\/wp\/v2\/posts\/390682\/revisions"}],"wp:featuredmedia":[{"embeddable":true,"href":"https:\/\/www.europesays.com\/fr\/wp-json\/wp\/v2\/media\/390683"}],"wp:attachment":[{"href":"https:\/\/www.europesays.com\/fr\/wp-json\/wp\/v2\/media?parent=390682"}],"wp:term":[{"taxonomy":"category","embeddable":true,"href":"https:\/\/www.europesays.com\/fr\/wp-json\/wp\/v2\/categories?post=390682"},{"taxonomy":"post_tag","embeddable":true,"href":"https:\/\/www.europesays.com\/fr\/wp-json\/wp\/v2\/tags?post=390682"}],"curies":[{"name":"wp","href":"https:\/\/api.w.org\/{rel}","templated":true}]}}