{"id":390684,"date":"2025-09-14T17:08:13","date_gmt":"2025-09-14T17:08:13","guid":{"rendered":"https:\/\/www.europesays.com\/fr\/390684\/"},"modified":"2025-09-14T17:08:13","modified_gmt":"2025-09-14T17:08:13","slug":"horaires-parcours-nombre-dengagees-tout-savoir-sur-la-course-la-parisienne-2025-prevue-ce-dimanche","status":"publish","type":"post","link":"https:\/\/www.europesays.com\/fr\/390684\/","title":{"rendered":"Horaires, parcours, nombre d\u2019engag\u00e9es\u2026 Tout savoir sur la course La Parisienne 2025 pr\u00e9vue ce dimanche"},"content":{"rendered":"<p class=\"paragraph text_align_left lp-f-body-02\">On revient aux bonnes vieilles habitudes. Alors que <a href=\"https:\/\/www.leparisien.fr\/sports\/pourquoi-elles-ont-couru-la-parisienne-08-09-2019-8148120.php\" target=\"_blank\" rel=\"noreferrer nofollow noopener\">La Parisienne<\/a> avait \u00e9t\u00e9 d\u00e9cal\u00e9e au 20 octobre l\u2019an pass\u00e9 en raison des <a href=\"https:\/\/www.leparisien.fr\/jo-paris-2024\/\" target=\"_blank\" rel=\"noreferrer nofollow noopener\">Jeux Paralympiques de Paris<\/a>, la course de la capitale, d\u00e9di\u00e9e aux femmes, retrouve son cr\u00e9neau habituel. Organis\u00e9e le deuxi\u00e8me week-end de septembre, elle f\u00eatera son 28e anniversaire.<\/p>\n<p class=\"paragraph text_align_left lp-f-body-02\">Pour l\u2019\u00e9dition 2025, les organisateurs devraient faire aussi bien qu\u2019en 2024 puisque 21 000 participantes sont attendues dans les rues de Paris. Ce qui n\u2019est pas loin du maximum r\u00eav\u00e9, \u00e0 savoir 25 000 par La Parisienne by n\u0101kd., nom officiel de l\u2019\u00e9preuve depuis l\u2019arriv\u00e9e du nouveau partenaire sp\u00e9cialis\u00e9 en compl\u00e9ments alimentaires.<\/p>\n<p><img decoding=\"async\" class=\"image \" loading=\"lazy\" src=\"https:\/\/www.europesays.com\/fr\/wp-content\/uploads\/2025\/09\/2XO4REN2HFDUNF3Y7CFZ2UVQ64.jpg\" alt=\"\" align=\"\" data-rubrique-principale=\"\" data-article-type=\"\" fetchpriority=\"auto\"\/><\/p>\n<p class=\"paragraph text_align_left lp-f-body-02\">Comme l\u2019an pass\u00e9, trois courses sont au menu : un 10 km, un 7 km et la marche, sur 7 km \u00e9galement. Comme pour la plupart des \u00e9preuves populaires, le d\u00e9part sera effectu\u00e9 selon diff\u00e9rents SAS. Pour le 10 km, les premiers \u00e0 partir seront les handisports d\u00e8s 8h55 puis les \u00c9lites cinq minutes plus tard et ainsi de suite jusqu\u2019\u00e0 9h26, dernier d\u00e9part du 10 km.<\/p>\n<p class=\"paragraph text_align_left lp-f-body-02\">Pour le 7 km, les participantes handisports sont attendues \u00e0 10h13, tr\u00e8s pr\u00e9cis\u00e9ment jusqu\u2019\u00e0 10h51. Enfin, les marcheuses s\u2019\u00e9lanceront de 10h55 \u00e0 11h05.<\/p>\n<p>Toutes des superh\u00e9ro\u00efnes<\/p>\n<p class=\"paragraph text_align_left lp-f-body-02\">Le parcours est quasiment identique \u00e0 2024. Tous ces d\u00e9parts auront lieu du pont d\u2019I\u00e9na, place de Varsovie. Les participantes feront une belle balade dans les rues de Paris et passeront devant plusieurs monuments comme le Grand Palais, l\u2019avenue des Champs-\u00c9lys\u00e9es, la place de la Concorde, le Mus\u00e9e du Louvre ou les Invalides.<\/p>\n<p class=\"paragraph text_align_left lp-f-body-02\">Apr\u00e8s un passage devant la place du Trocad\u00e9ro, qu\u2019elles d\u00e9passeront pour se rendre jusqu\u2019au pont Bir-Hakeim, les concurrentes bifurqueront en direction de la tour Eiffel pour une arriv\u00e9e toujours aussi \u00e9mouvante.<\/p>\n<p class=\"paragraph text_align_left lp-f-body-02\">Cette ann\u00e9e, pas de t\u00eate d\u2019affiche (l\u2019influenceuse Lena Situations a annonc\u00e9 sa pr\u00e9sence sans la confirmer), car les organisateurs veulent mettre l\u2019accent sur Madame-Tout-le-Monde, qui sont selon eux toutes des Super-H\u00e9ro\u00efnes, comme le th\u00e8me de cette \u00e9dition.<\/p>\n<p>Encore possible de s\u2019inscrire ce samedi<\/p>\n<p class=\"paragraph text_align_left lp-f-body-02\">Aussi, toutes les participantes devront faire preuve d\u2019imagination pour courir dans le costume de la superh\u00e9ro\u00efne que personne ne portera. Un sacr\u00e9 d\u00e9fi.<\/p>\n<p class=\"paragraph text_align_left lp-f-body-02\">Si le temps fort de la manifestation est dimanche, d\u00e8s le vendredi midi et le samedi, <a href=\"https:\/\/www.leparisien.fr\/paris-75\/la-parisienne-ce-n-est-pas-que-du-sport-06-09-2019-8147001.php\" target=\"_blank\" rel=\"noreferrer nofollow noopener\">plusieurs animations<\/a> (dont l\u2019\u00e9v\u00e9nement yoga le samedi matin \u00e0 10h30) sont pr\u00e9vues au village, qui se situe au Stade \u00c9mile-Anthoine (Paris VIIe).<\/p>\n<p class=\"paragraph text_align_left lp-f-body-02\">Il est encore possible de s\u2019inscrire au village le samedi. Le prix des places est de 47 euros pour une inscription individuelle.<\/p>\n","protected":false},"excerpt":{"rendered":"On revient aux bonnes vieilles habitudes. Alors que La Parisienne avait \u00e9t\u00e9 d\u00e9cal\u00e9e au 20 octobre l\u2019an pass\u00e9&hellip;\n","protected":false},"author":2,"featured_media":390685,"comment_status":"","ping_status":"","sticky":false,"template":"","format":"standard","meta":{"footnotes":""},"categories":[1888],"tags":[1111,1928,11,1927,1777,674,1011,27,12,1926,626,1925,25,7135,60],"class_list":{"0":"post-390684","1":"post","2":"type-post","3":"status-publish","4":"format-standard","5":"has-post-thumbnail","7":"category-paris","8":"tag-actu","9":"tag-actu-paris","10":"tag-actualites","11":"tag-actualites-paris","12":"tag-eu","13":"tag-europe","14":"tag-fr","15":"tag-france","16":"tag-news","17":"tag-news-paris","18":"tag-paris","19":"tag-paris-news","20":"tag-republique-francaise","21":"tag-running","22":"tag-sports"},"share_on_mastodon":{"url":"https:\/\/pubeurope.com\/@fr\/115203755451310479","error":""},"_links":{"self":[{"href":"https:\/\/www.europesays.com\/fr\/wp-json\/wp\/v2\/posts\/390684","targetHints":{"allow":["GET"]}}],"collection":[{"href":"https:\/\/www.europesays.com\/fr\/wp-json\/wp\/v2\/posts"}],"about":[{"href":"https:\/\/www.europesays.com\/fr\/wp-json\/wp\/v2\/types\/post"}],"author":[{"embeddable":true,"href":"https:\/\/www.europesays.com\/fr\/wp-json\/wp\/v2\/users\/2"}],"replies":[{"embeddable":true,"href":"https:\/\/www.europesays.com\/fr\/wp-json\/wp\/v2\/comments?post=390684"}],"version-history":[{"count":0,"href":"https:\/\/www.europesays.com\/fr\/wp-json\/wp\/v2\/posts\/390684\/revisions"}],"wp:featuredmedia":[{"embeddable":true,"href":"https:\/\/www.europesays.com\/fr\/wp-json\/wp\/v2\/media\/390685"}],"wp:attachment":[{"href":"https:\/\/www.europesays.com\/fr\/wp-json\/wp\/v2\/media?parent=390684"}],"wp:term":[{"taxonomy":"category","embeddable":true,"href":"https:\/\/www.europesays.com\/fr\/wp-json\/wp\/v2\/categories?post=390684"},{"taxonomy":"post_tag","embeddable":true,"href":"https:\/\/www.europesays.com\/fr\/wp-json\/wp\/v2\/tags?post=390684"}],"curies":[{"name":"wp","href":"https:\/\/api.w.org\/{rel}","templated":true}]}}