{"id":390686,"date":"2025-09-14T17:09:10","date_gmt":"2025-09-14T17:09:10","guid":{"rendered":"https:\/\/www.europesays.com\/fr\/390686\/"},"modified":"2025-09-14T17:09:10","modified_gmt":"2025-09-14T17:09:10","slug":"noisy-le-sec-tirs-de-grenades-et-de-flash-ball-lors-dinterpellations-agitees-dans-la-communaute-des-balkans","status":"publish","type":"post","link":"https:\/\/www.europesays.com\/fr\/390686\/","title":{"rendered":"Noisy-le-Sec\u00a0: tirs de grenades et de flash-ball lors d\u2019interpellations agit\u00e9es dans la communaut\u00e9 des Balkans"},"content":{"rendered":"<p class=\"paragraph text_align_left lp-f-body-02\">Il n\u2019\u00e9tait que 19\u00a0heures, \u00e0 Noisy-le-Sec (Seine-Saint-Denis) ce samedi quand deux individus en \u00e9tat d\u2019ivresse manifeste qui festoyaient dans la cour d\u2019un pavillon de la place Saint-Martin \u00ab\u00a0ont invectiv\u00e9 une patrouille de police qui passait devant eux\u00a0\u00bb, indique une source proche de l\u2019enqu\u00eate.<\/p>\n<p class=\"paragraph text_align_left lp-f-body-02\">Des insultes ont \u00e9t\u00e9 prof\u00e9r\u00e9es par le duo, bient\u00f4t rejoint par la trentaine de personnes qui<a href=\"https:\/\/www.leparisien.fr\/faits-divers\/une-soiree-degenere-a-drancy-un-mort-et-un-blesse-grave-15-06-2025-OZLCAAA6IFH4ZD2TAHYQLV4VLI.php\" target=\"_self\" rel=\"nofollow noopener\"> \u00e9taient dans le m\u00eame \u00e9tat d\u2019\u00e9bri\u00e9t\u00e9 <\/a>et dans ce m\u00eame pavillon.<\/p>\n<p class=\"paragraph text_align_left lp-f-body-02\">Il a fallu faire appel \u00e0 des renforts de police pour ma\u00eetriser les deux hommes qui se rebellaient. Des fonctionnaires ont pris des coups. Un troisi\u00e8me homme qui leur avait jet\u00e9 un projectile a \u00e9t\u00e9 appr\u00e9hend\u00e9, non sans mal \u00e9galement, au milieu d\u2019une foule hostile.<\/p>\n<p>Une altercation avec des enfants \u00e0 proximit\u00e9<\/p>\n<p class=\"paragraph text_align_left lp-f-body-02\">\u00ab\u00a0Afin de pr\u00e9server leur int\u00e9grit\u00e9 physique, indique la police, ils ont fait usage de bombes lacrymog\u00e8nes, de cinq grenades lacrymog\u00e8nes et d\u2019une grenade de d\u00e9sencerclement\u00a0\u00bb et de moyens encore plus dissuasifs. \u00c0 savoir \u00ab\u00a0quatre tirs des LBD (lanceur de balles de d\u00e9fense, anciennement flash-ball)\u00a0\u00bb.<\/p>\n<p class=\"paragraph text_align_left lp-f-body-02\">Un quatri\u00e8me homme qui participait \u00e0 la rixe a \u00e9t\u00e9 touch\u00e9 par le LBD. Les forces de police indiquent qu\u2019elles n\u2019ont pas voulu l\u2019interpeller, car au milieu de ce pugilat \u00ab\u00a0se trouvaient des enfants\u00a0\u00bb.<\/p>\n<p class=\"paragraph text_align_left lp-f-body-02\">Au terme de cette intervention mouvement\u00e9e, un policier a \u00e9t\u00e9 l\u00e9g\u00e8rement bless\u00e9. On ignore quel est l\u2019\u00e9tat des trois assaillants qui ont fini par \u00eatre arr\u00eat\u00e9s et plac\u00e9s en garde \u00e0 vue pour \u00ab\u00a0outrage, rebellion et violences volontaires sur personne d\u00e9positaire de l\u2019autorit\u00e9 publique\u00a0\u00bb. Tous appartiennent \u00e0 la communaut\u00e9 des gens du voyage originaires des Balkans.<\/p>\n","protected":false},"excerpt":{"rendered":"Il n\u2019\u00e9tait que 19\u00a0heures, \u00e0 Noisy-le-Sec (Seine-Saint-Denis) ce samedi quand deux individus en \u00e9tat d\u2019ivresse manifeste qui festoyaient&hellip;\n","protected":false},"author":2,"featured_media":21381,"comment_status":"","ping_status":"","sticky":false,"template":"","format":"standard","meta":{"footnotes":""},"categories":[1888],"tags":[11,1777,674,118,1011,27,1944,12,626,25,1945],"class_list":{"0":"post-390686","1":"post","2":"type-post","3":"status-publish","4":"format-standard","5":"has-post-thumbnail","7":"category-paris","8":"tag-actualites","9":"tag-eu","10":"tag-europe","11":"tag-faits-divers","12":"tag-fr","13":"tag-france","14":"tag-ma-ville","15":"tag-news","16":"tag-paris","17":"tag-republique-francaise","18":"tag-seine-saint-denis"},"share_on_mastodon":{"url":"https:\/\/pubeurope.com\/@fr\/115203759511088785","error":""},"_links":{"self":[{"href":"https:\/\/www.europesays.com\/fr\/wp-json\/wp\/v2\/posts\/390686","targetHints":{"allow":["GET"]}}],"collection":[{"href":"https:\/\/www.europesays.com\/fr\/wp-json\/wp\/v2\/posts"}],"about":[{"href":"https:\/\/www.europesays.com\/fr\/wp-json\/wp\/v2\/types\/post"}],"author":[{"embeddable":true,"href":"https:\/\/www.europesays.com\/fr\/wp-json\/wp\/v2\/users\/2"}],"replies":[{"embeddable":true,"href":"https:\/\/www.europesays.com\/fr\/wp-json\/wp\/v2\/comments?post=390686"}],"version-history":[{"count":0,"href":"https:\/\/www.europesays.com\/fr\/wp-json\/wp\/v2\/posts\/390686\/revisions"}],"wp:featuredmedia":[{"embeddable":true,"href":"https:\/\/www.europesays.com\/fr\/wp-json\/wp\/v2\/media\/21381"}],"wp:attachment":[{"href":"https:\/\/www.europesays.com\/fr\/wp-json\/wp\/v2\/media?parent=390686"}],"wp:term":[{"taxonomy":"category","embeddable":true,"href":"https:\/\/www.europesays.com\/fr\/wp-json\/wp\/v2\/categories?post=390686"},{"taxonomy":"post_tag","embeddable":true,"href":"https:\/\/www.europesays.com\/fr\/wp-json\/wp\/v2\/tags?post=390686"}],"curies":[{"name":"wp","href":"https:\/\/api.w.org\/{rel}","templated":true}]}}