{"id":390687,"date":"2025-09-14T17:10:23","date_gmt":"2025-09-14T17:10:23","guid":{"rendered":"https:\/\/www.europesays.com\/fr\/390687\/"},"modified":"2025-09-14T17:10:23","modified_gmt":"2025-09-14T17:10:23","slug":"exile-a-paris-manaf-tlass-lance-une-bouteille-a-larmee-liberation","status":"publish","type":"post","link":"https:\/\/www.europesays.com\/fr\/390687\/","title":{"rendered":"exil\u00e9 \u00e0 Paris, Manaf Tlass lance une bouteille \u00e0 l\u2019arm\u00e9e \u2013 Lib\u00e9ration"},"content":{"rendered":"<p class=\"sc-cPiKLX AiZTS text-element\">Une longue file d\u2019attente. Rue Saint-Guillaume, dans les locaux de Sciences-Po Paris, une foule de Syriens patiente avant la conf\u00e9rence <a href=\"https:\/\/www.liberation.fr\/planete\/2012\/07\/25\/manaf-tlass-beau-et-rebelle_835606\/\" target=\"_blank\" rel=\"noopener\" title=\"https:\/\/www.liberation.fr\/planete\/2012\/07\/25\/manaf-tlass-beau-et-rebelle_835606\/\">du g\u00e9n\u00e9ral Manaf Tlass<\/a>, pour sa premi\u00e8re prise de parole publique depuis treize ans. R\u00e9fugi\u00e9 en France depuis 2012 apr\u00e8s sa d\u00e9fection<a href=\"https:\/\/www.liberation.fr\/international\/moyen-orient\/300-000-personnes-pourraient-avoir-disparu-en-syrie-pendant-les-decennies-de-regne-du-clan-assad-20250819_3FPLBJLFZ5BPHCJXGZPLYLI42Y\/\" target=\"_blank\" rel=\"noopener\" title=\"https:\/\/www.liberation.fr\/international\/moyen-orient\/300-000-personnes-pourraient-avoir-disparu-en-syrie-pendant-les-decennies-de-regne-du-clan-assad-20250819_3FPLBJLFZ5BPHCJXGZPLYLI42Y\/\"> du r\u00e9gime de Bachar al-Assad<\/a> dont il \u00e9tait un tr\u00e8s proche, <a href=\"https:\/\/www.liberation.fr\/planete\/2012\/07\/18\/le-general-manaf-tlass-a-paris-appelle-a-la-transition-en-syrie_834023\/\" target=\"_blank\" rel=\"noopener\" title=\"https:\/\/www.liberation.fr\/planete\/2012\/07\/18\/le-general-manaf-tlass-a-paris-appelle-a-la-transition-en-syrie_834023\/\">l\u2019ancien chef militaire<\/a> a choisi un lieu, une date, un format et un contexte surprenants. Invit\u00e9 du \u00abCercle France-Liban\u00bb des \u00e9tudiants de Sciences-Po, samedi 13 septembre, son apparition est une raret\u00e9 jalonn\u00e9e de mesures de confidentialit\u00e9 et de s\u00e9curit\u00e9 exceptio <\/p>\n","protected":false},"excerpt":{"rendered":"Une longue file d\u2019attente. Rue Saint-Guillaume, dans les locaux de Sciences-Po Paris, une foule de Syriens patiente avant&hellip;\n","protected":false},"author":2,"featured_media":390688,"comment_status":"","ping_status":"","sticky":false,"template":"","format":"standard","meta":{"footnotes":""},"categories":[1888],"tags":[11,29,14393,1777,674,1011,27,12,626,25,32],"class_list":{"0":"post-390687","1":"post","2":"type-post","3":"status-publish","4":"format-standard","5":"has-post-thumbnail","7":"category-paris","8":"tag-actualites","9":"tag-ahmed-al-charaa","10":"tag-bachar-al-assad","11":"tag-eu","12":"tag-europe","13":"tag-fr","14":"tag-france","15":"tag-news","16":"tag-paris","17":"tag-republique-francaise","18":"tag-syrie"},"share_on_mastodon":{"url":"https:\/\/pubeurope.com\/@fr\/115203763475225771","error":""},"_links":{"self":[{"href":"https:\/\/www.europesays.com\/fr\/wp-json\/wp\/v2\/posts\/390687","targetHints":{"allow":["GET"]}}],"collection":[{"href":"https:\/\/www.europesays.com\/fr\/wp-json\/wp\/v2\/posts"}],"about":[{"href":"https:\/\/www.europesays.com\/fr\/wp-json\/wp\/v2\/types\/post"}],"author":[{"embeddable":true,"href":"https:\/\/www.europesays.com\/fr\/wp-json\/wp\/v2\/users\/2"}],"replies":[{"embeddable":true,"href":"https:\/\/www.europesays.com\/fr\/wp-json\/wp\/v2\/comments?post=390687"}],"version-history":[{"count":0,"href":"https:\/\/www.europesays.com\/fr\/wp-json\/wp\/v2\/posts\/390687\/revisions"}],"wp:featuredmedia":[{"embeddable":true,"href":"https:\/\/www.europesays.com\/fr\/wp-json\/wp\/v2\/media\/390688"}],"wp:attachment":[{"href":"https:\/\/www.europesays.com\/fr\/wp-json\/wp\/v2\/media?parent=390687"}],"wp:term":[{"taxonomy":"category","embeddable":true,"href":"https:\/\/www.europesays.com\/fr\/wp-json\/wp\/v2\/categories?post=390687"},{"taxonomy":"post_tag","embeddable":true,"href":"https:\/\/www.europesays.com\/fr\/wp-json\/wp\/v2\/tags?post=390687"}],"curies":[{"name":"wp","href":"https:\/\/api.w.org\/{rel}","templated":true}]}}