{"id":390689,"date":"2025-09-14T17:11:11","date_gmt":"2025-09-14T17:11:11","guid":{"rendered":"https:\/\/www.europesays.com\/fr\/390689\/"},"modified":"2025-09-14T17:11:11","modified_gmt":"2025-09-14T17:11:11","slug":"drone-russe-en-roumanie-lecornu-sous-les-tirs-croises-meeting-rn-cinq-infos-a-retenir-du-week-end","status":"publish","type":"post","link":"https:\/\/www.europesays.com\/fr\/390689\/","title":{"rendered":"Drone russe en Roumanie, Lecornu sous les tirs crois\u00e9s, meeting RN&#8230; Cinq infos \u00e0 retenir du week-end"},"content":{"rendered":"<p>      <img fetchpriority=\"high\" decoding=\"async\" class=\"mx-auto\" src=\"data:image\/svg+xml,%3Csvg%20xmlns%3D%27http%3A%2F%2Fwww.w3.org%2F2000%2Fsvg%27%20fill%3D%22%23e4e4e4%22%20viewBox%3D%270%200%20510%20340%27%20width%3D%22510%22%20height%3D%22340%22%3E%3Cpath%20d%3D%27M0%200h510v340H0z%27%2F%3E%3C%2Fsvg%3E\"  loading=\"eager\" width=\"510\" height=\"340\" data-oncrawl-image-size=\"510x340\" alt=\"Pr\u00e9sentation en vol d\u2019un drone au forum Dronnitsa sur le d\u00e9veloppement des syst\u00e8mes sans pilote et leur usage au combat, le 7\u00a0septembre 2025\u00a0en Russie\"\/>      <\/p>\n<p class=\"latino-100m text-grey-600\">\n            Pr\u00e9sentation en vol d\u2019un drone au forum Dronnitsa sur le d\u00e9veloppement des syst\u00e8mes sans pilote et leur usage au combat, le 7\u00a0septembre 2025\u00a0en Russie\u00a0VLADIMIR GERDO\/TASS\/SIPA USA\/SIPA        <\/p>\n<p>        Lire\u00a0plus\u00a0tard      <\/p>\n<p><a aria-label=\"Nous suivre sur Google News\" href=\"https:\/\/news.google.com\/publications\/CAAqBwgKMJe4nQkw3dFs?hl=fr&amp;gl=FR&amp;ceid=FR%3Afr\" target=\"_blank\" data-piano=\"Page_Article,Sous_date_publi,Nous_suivre_sur_google_news,1er_clic,action\" class=\"btn btn--small btn--tertiary btn--icon-only\" rel=\"noopener\"><\/p>\n<p>      Google Actualit\u00e9s<br \/>\n  <\/a><\/p>\n<p>  Partager<\/p>\n<p>        Facebook<\/p>\n<p>        Bluesky<\/p>\n<p>        E-mail<\/p>\n<p>        Copier le lien<\/p>\n<p>      Envoyer<\/p>\n<p>      S\u2019abonner    <\/p>\n<p>\u2022 Apr\u00e8s la Pologne, la Roumanie survol\u00e9e par un drone russe<\/p>\n<p class=\"node__paragraphe antonia-750r text-grey-800 pb-24 pb-md-32\">\nQuatre jours apr\u00e8s l\u2019intrusion de <a href=\"https:\/\/www.nouvelobs.com\/monde\/20250912.OBS107592\/reunion-d-urgence-a-l-onu-mobilisation-de-rafale-francais-le-point-sur-la-situation-apres-l-intrusion-de-drones-russes-en-pologne.html\" target=\"_blank\" rel=\"noopener\">19\u00a0drones russes dans le ciel polonais<\/a>, l\u2019Otan est \u00e0 nouveau mis au d\u00e9fi par la Russie, avec le survol annonc\u00e9 samedi <a href=\"https:\/\/www.nouvelobs.com\/monde\/20250914.OBS107652\/la-roumanie-affirme-qu-un-drone-a-viole-son-espace-aerien-pendant-des-frappes-russes-sur-l-ukraine.html\" target=\"_blank\" rel=\"noopener\">par la Roumanie<\/a> d\u2019un autre appareil sans pilote. Le pays\u00a0\u00ab\u00a0condamne fermement les actions irresponsables de la F\u00e9d\u00e9ration de Russie et souligne qu\u2019elles repr\u00e9sentent un nouveau d\u00e9fi pour la s\u00e9curit\u00e9 et la stabilit\u00e9 r\u00e9gionales dans la r\u00e9gion de la mer Noire\u00a0\u00bb, a d\u00e9clar\u00e9 le minist\u00e8re de la D\u00e9fense dans un communiqu\u00e9 ce dimanche, ajoutant que\u00a0\u00ab\u00a0de tels incidents d\u00e9montrent le manque de respect de la F\u00e9d\u00e9ration de Russie pour le droit international\u00a0\u00bb.<\/p>\n<p class=\"node__paragraphe antonia-750r text-grey-800 pb-24 pb-md-32\">\nDans le m\u00eame temps, les Polonais et l\u2019Alliance atlantique ont d\u00e9ploy\u00e9 des h\u00e9licopt\u00e8res et des avions de combat en raison d\u2019attaques de drones russes en Ukraine, non loin de la fronti\u00e8re polonaise. Le Commandement op\u00e9rationnel des Forces arm\u00e9es polonaises a fait \u00e9tat d\u2019op\u00e9rations d\u2019avions\u00a0\u00ab\u00a0polonais et alli\u00e9s\u00a0\u00bb\u00a0en\u00a0\u00ab\u00a0raison de la menace de frappes de v\u00e9hicules a\u00e9riens sans pilote dans les r\u00e9gions d\u2019Ukraine limitrophes de la R\u00e9publique de Pologne\u00a0\u00bb. Il a ajout\u00e9 que\u00a0\u00ab\u00a0les syst\u00e8mes terrestres de d\u00e9fense a\u00e9rienne et de reconnaissance radar ont atteint leur plus haut niveau d\u2019alerte\u00a0\u00bb.<\/p>\n<p class=\"latino-500b text-grey-600 pb-16\">A lire aussi<\/p>\n<p><a href=\"https:\/\/www.nouvelobs.com\/monde\/20250528.OBS104382\/ukraine-la-guerre-des-drones.html\" data-article-key=\"20250528.OBS104382\" class=\"link--box flex-grow-1\" data-piano=\"Page_Article,Lire_aussi,,Lien1,navigation\" target=\"_blank\" rel=\"noopener\"><\/p>\n<p>                <img decoding=\"async\" src=\"data:image\/svg+xml,%3Csvg%20xmlns%3D%27http%3A%2F%2Fwww.w3.org%2F2000%2Fsvg%27%20fill%3D%22%23e4e4e4%22%20viewBox%3D%270%200%20120%2080%27%20width%3D%22120%22%20height%3D%2280%22%3E%3Cpath%20d%3D%27M0%200h120v80H0z%27%2F%3E%3C%2Fsvg%3E\"  width=\"120\" height=\"80\" loading=\"lazy\" alt=\"La une du 29\u00a0mai 2025\"\/><\/p>\n<p class=\"latino-300r latino-lg-600m text-grey-800\">\n                      <strong class=\"latino-300b latino-lg-600m text-grey-500\">Edition de la semaine\u00a0<\/strong><br \/>\n                    Ukraine\u00a0: la guerre des drones        <\/p>\n<p><\/a><\/p>\n<p>\u2022 Oppositions, mouvements sociaux\u00a0: Lecornu sous les tirs crois\u00e9s<\/p>\n<p class=\"node__paragraphe antonia-750r text-grey-800 pb-24 pb-md-32\">\nDans une interview \u00e0 la presse r\u00e9gionale samedi, le nouveau Premier ministre <a href=\"https:\/\/www.nouvelobs.com\/politique\/20250914.OBS107637\/jours-feries-supprimes-conclave-sur-les-retraites-lecornu-revient-sur-des-annonces-de-bayrou-et-tend-la-main-a-la-gauche.html\" target=\"_blank\" rel=\"noopener\">a annonc\u00e9<\/a> l\u2019abandon de la suppression de deux jours f\u00e9ri\u00e9s et promis une nouvelle r\u00e9forme de d\u00e9centralisation. Mais il a re\u00e7u ce week-end <a href=\"https:\/\/www.nouvelobs.com\/politique\/20250914.OBS107655\/oppositions-lr-agriculteurs-medef-manifs-sebastien-lecornu-sous-les-tirs-croises.html\" target=\"_blank\" rel=\"noopener\">de multiples avertissements<\/a> de responsables politiques, ainsi que sur le front social. Le PS, qu\u2019il doit convaincre de ne pas le censurer, r\u00e9clame la suspension de la r\u00e9forme des retraites et la mise en oeuvre de la <a href=\"https:\/\/www.nouvelobs.com\/economie\/20250911.OBS107547\/c-est-le-seul-economiste-qui-a-deux-taxes-a-son-nom-gabriel-zucman-le-zorro-de-l-impot.html\" target=\"_blank\" rel=\"noopener\">taxe Zucman<\/a>. A droite, Bruno Retailleau, pr\u00e9sident de LR et ministre d\u00e9missionnaire de l\u2019Int\u00e9rieur, annonce \u00e0 l\u2019inverse les \u00ab\u00a0limites\u00a0\u00bb de son parti pour participer au gouvernement, dont la lutte contre l\u2019immigration et \u00ab\u00a0l\u2019assistanat\u00a0\u00bb, ainsi que le refus de la taxe Zucman.<\/p>\n<p class=\"node__paragraphe antonia-750r text-grey-800 pb-24 pb-md-32\">\nAlors que les syndicats pr\u00e9parent leurs mobilisations de jeudi prochain, <a href=\"https:\/\/www.nouvelobs.com\/economie\/20250914.OBS107638\/le-syndicat-agricole-fnsea-appelle-a-une-grande-journee-d-action-le-25-septembre.html\" target=\"_blank\" rel=\"noopener\">la FNSEA annonce<\/a> de son c\u00f4t\u00e9 \u00ab\u00a0une grande journ\u00e9e d\u2019action\u00a0\u00bb des agriculteurs le 26\u00a0septembre, contre \u00ab\u00a0le Mercosur, les taxes impos\u00e9es par Donald Trump et le flot des importations internationales qui ne respectent pas les normes qui sont les n\u00f4tres\u00a0\u00bb.<\/p>\n<p class=\"latino-500b text-grey-600 pb-16\">A lire aussi<\/p>\n<p><a href=\"https:\/\/www.nouvelobs.com\/politique\/20250914.OBS107653\/le-grand-detournement-quatre-chiffres-pour-comprendre-l-ampleur-des-aides-aux-entreprises-et-cadeaux-fiscaux-aux-plus-aises.html\" data-article-key=\"20250914.OBS107653\" class=\"link--box flex-grow-1\" data-piano=\"Page_Article,Lire_aussi,,Lien2,navigation\" target=\"_blank\" rel=\"noopener\"><\/p>\n<p>                <img decoding=\"async\" src=\"data:image\/svg+xml,%3Csvg%20xmlns%3D%27http%3A%2F%2Fwww.w3.org%2F2000%2Fsvg%27%20fill%3D%22%23e4e4e4%22%20viewBox%3D%270%200%20120%2080%27%20width%3D%22120%22%20height%3D%2280%22%3E%3Cpath%20d%3D%27M0%200h120v80H0z%27%2F%3E%3C%2Fsvg%3E\"  width=\"120\" height=\"79\" loading=\"lazy\" alt=\"Patrimoine boursier des 10\u00a0familles les plus riches de France.\"\/><\/p>\n<p class=\"latino-300r latino-lg-600m text-grey-800\">\n                      <strong class=\"latino-300b latino-lg-600m text-grey-500\">R\u00e9cap\u00a0<\/strong><br \/>\n                    \u00ab\u00a0Le Grand D\u00e9tournement\u00a0\u00bb\u00a0: quatre chiffres pour comprendre l\u2019ampleur des aides aux entreprises et cadeaux fiscaux aux plus ais\u00e9s        <\/p>\n<p><\/a><\/p>\n<p>\u2022 N\u00e9pal\u00a0: 72\u00a0morts, une Premi\u00e8re ministre int\u00e9rimaire et des \u00e9lections en mars<\/p>\n<p class=\"node__paragraphe antonia-750r text-grey-800 pb-24 pb-md-32\">\nApr\u00e8s\u00a0<a href=\"https:\/\/www.nouvelobs.com\/monde\/20250909.OBS107480\/manifestations-meurtieres-ouverture-d-une-enquete-retour-des-reseaux-sociaux-que-se-passe-t-il-au-nepal.html\" target=\"_blank\" rel=\"noopener\">les \u00e9meutes meurtri\u00e8res du d\u00e9but de la semaine<\/a> (au moins 72\u00a0morts et 191\u00a0bless\u00e9s), initi\u00e9es par une jeunesse d\u00e9sabus\u00e9e par la corruption du pays, une nouvelle Premi\u00e8re ministre a \u00e9t\u00e9 nomm\u00e9e vendredi. Sushila Karki restera en poste durant six mois, jusqu\u2019\u00e0 l\u2019organisation d\u2019\u00e9lections l\u00e9gislatives le 5\u00a0mars 2026. R\u00e9put\u00e9e pour son ind\u00e9pendance, elle <a href=\"https:\/\/www.nouvelobs.com\/monde\/20250914.OBS107643\/au-moins-72-morts-une-premiere-ministre-interimaire-et-des-elections-legislatives-en-mars-le-point-sur-la-situation-au-nepal.html\" target=\"_blank\" rel=\"noopener\">s\u2019est engag\u00e9e<\/a> ce dimanche \u00e0 r\u00e9pondre aux revendications des manifestants.\u00a0\u00ab\u00a0Nous devons travailler en accord avec la pens\u00e9e de la g\u00e9n\u00e9ration Z\u00a0\u00bb\u00a0regroupant les personnes n\u00e9es entre la fin des ann\u00e9es 1990 et le d\u00e9but des ann\u00e9es 2010, a d\u00e9clar\u00e9 Sushila Karki.<\/p>\n<p class=\"latino-500b text-grey-600 pb-16\">A lire aussi<\/p>\n<p><a href=\"https:\/\/www.nouvelobs.com\/monde\/20250910.OBS107527\/contre-la-corruption-des-elites-la-revolution-express-de-la-gen-z-au-nepal.html\" data-article-key=\"20250910.OBS107527\" class=\"link--box flex-grow-1\" data-piano=\"Page_Article,Lire_aussi,,Lien3,navigation\" target=\"_blank\" rel=\"noopener\"><\/p>\n<p>                <img decoding=\"async\" src=\"data:image\/svg+xml,%3Csvg%20xmlns%3D%27http%3A%2F%2Fwww.w3.org%2F2000%2Fsvg%27%20fill%3D%22%23e4e4e4%22%20viewBox%3D%270%200%20120%2080%27%20width%3D%22120%22%20height%3D%2280%22%3E%3Cpath%20d%3D%27M0%200h120v80H0z%27%2F%3E%3C%2Fsvg%3E\"  width=\"120\" height=\"80\" loading=\"lazy\" alt=\"Des manifestants n\u00e9palais posent devant le Parlement en feu \u00e0 Katmandou, au N\u00e9pal, le 9\u00a0septembre 2025.\"\/><\/p>\n<p class=\"latino-300r latino-lg-600m text-grey-800\">\n                      <strong class=\"latino-300b latino-lg-600m text-grey-500\">Interview\u00a0<\/strong><br \/>\n                    Contre \u00ab\u00a0la corruption des \u00e9lites\u00a0\u00bb, la \u00ab\u00a0r\u00e9volution express\u00a0\u00bb de la \u00ab\u00a0Gen Z\u00a0\u00bb au N\u00e9pal        <\/p>\n<p><\/a><\/p>\n<p>\u2022 Le Rassemblement national fait sa rentr\u00e9e<\/p>\n<p class=\"node__paragraphe antonia-750r text-grey-800 pb-24 pb-md-32\">\nMarine Le Pen, en meeting devant plus de 5\u00a0000 militants \u00e0 Bordeaux, a appel\u00e9 ses partisans \u00e0 se pr\u00e9parer \u00e0 de nouvelles \u00e9lections l\u00e9gislatives. Son rendez-vous \u00e0 Matignon n\u2019est toujours pas cal\u00e9, mais la patronne du Rassemblement national a d\u00e9j\u00e0 condamn\u00e9 son h\u00f4te.\u00a0\u00ab\u00a0Lorsque ce gouvernement sera censur\u00e9, probablement dans quelques semaines ou dans quelques mois, vous serez \u00e0 nouveau appel\u00e9s aux urnes (et) vous aurez le pouvoir de faire de Jordan (Bardella) votre Premier ministre\u00a0\u00bb, a-t-elle lanc\u00e9.<\/p>\n<p class=\"node__paragraphe antonia-750r text-grey-800 pb-24 pb-md-32\">\nSans m\u00eame \u00e9voquer la possibilit\u00e9 d\u2019une n\u00e9gociation avec S\u00e9bastien Lecornu &#8211; qui assume lui-m\u00eame ne pas chercher un\u00a0\u00ab\u00a0accord politique avec le RN\u00a0\u00bb\u00a0&#8211; Marine Le Pen a ironis\u00e9 sur ce Premier ministre qui\u00a0\u00ab\u00a0va commencer ses consultations, une expression assez adapt\u00e9e pour un syst\u00e8me malade\u00a0\u00bb.<\/p>\n<p>\u2022 Manifestation anti-immigrants \u00e0 Londres<\/p>\n<p class=\"node__paragraphe antonia-750r text-grey-800 pb-24 pb-md-32\">\nA l\u2019appel du militant d\u2019extr\u00eame droite Tommy Robinson, 110\u00a0000\u00a0manifestants <a href=\"https:\/\/www.nouvelobs.com\/monde\/20250913.OBS107627\/a-londres-110-000-manifestants-repondent-a-l-appel-du-militant-d-extreme-droit-tommy-robinson.html\" target=\"_blank\" rel=\"noopener\">ont d\u00e9fil\u00e9<\/a> samedi dans la capitale britannique. Pr\u00e9sent\u00e9 par son instigateur comme un rassemblement en faveur de la\u00a0\u00ab\u00a0libert\u00e9 d\u2019expression\u00a0\u00bb, ce rendez-vous intervient apr\u00e8s un \u00e9t\u00e9 marqu\u00e9 par des manifestations anti-immigration devant des h\u00f4tels britanniques h\u00e9bergeant des demandeurs d\u2019asile, largement relay\u00e9es sur les r\u00e9seaux sociaux par l\u2019activiste.<\/p>\n<p class=\"node__paragraphe antonia-750r text-grey-800 pb-24 pb-md-32\">\nLes revendications, h\u00e9t\u00e9roclites, portaient aussi bien sur la libert\u00e9 d\u2019expression que sur le Premier ministre Keir Starmer, appel\u00e9 \u00e0 d\u00e9missionner. Mais l\u2019immigration ill\u00e9gale restait au premier plan des slogans.<\/p>\n<p class=\"latino-500b text-grey-600 pb-16\">A lire aussi<\/p>\n<p><a href=\"https:\/\/www.nouvelobs.com\/monde\/20250913.OBS107610\/delinquant-raciste-adepte-de-fake-news-qui-est-tommy-robinson-qui-organise-un-rassemblement-anti-immigration-a-londres-ce-samedi.html\" data-article-key=\"20250913.OBS107610\" class=\"link--box flex-grow-1\" data-piano=\"Page_Article,Lire_aussi,,Lien4,navigation\" target=\"_blank\" rel=\"noopener\"><\/p>\n<p>                <img decoding=\"async\" src=\"data:image\/svg+xml,%3Csvg%20xmlns%3D%27http%3A%2F%2Fwww.w3.org%2F2000%2Fsvg%27%20fill%3D%22%23e4e4e4%22%20viewBox%3D%270%200%20120%2080%27%20width%3D%22120%22%20height%3D%2280%22%3E%3Cpath%20d%3D%27M0%200h120v80H0z%27%2F%3E%3C%2Fsvg%3E\"  width=\"120\" height=\"80\" loading=\"lazy\" alt=\"Le militant d\u2019extr\u00eame droite Tommy Robinson \u00e0 Londres, le 3\u00a0juillet 2025.\"\/><\/p>\n<p class=\"latino-300r latino-lg-600m text-grey-800\">\n                      <strong class=\"latino-300b latino-lg-600m text-grey-500\">Portrait\u00a0<\/strong><br \/>\n                    D\u00e9linquant, raciste, adepte de \u00ab\u00a0fake news\u00a0\u00bb\u2026 Qui est Tommy Robinson, qui organise un rassemblement anti-immigration \u00e0 Londres ce samedi\u00a0?        <\/p>\n<p><\/a><\/p>\n","protected":false},"excerpt":{"rendered":"Pr\u00e9sentation en vol d\u2019un drone au forum Dronnitsa sur le d\u00e9veloppement des syst\u00e8mes sans pilote et leur usage&hellip;\n","protected":false},"author":2,"featured_media":390690,"comment_status":"","ping_status":"","sticky":false,"template":"","format":"standard","meta":{"footnotes":""},"categories":[1591],"tags":[17,11,52288,564,1887,12906,51445,3918,74,12,4868,8013,1885,1886,132,9655],"class_list":{"0":"post-390689","1":"post","2":"type-post","3":"status-publish","4":"format-standard","5":"has-post-thumbnail","7":"category-russie","8":"tag-17","9":"tag-actualites","10":"tag-croises","11":"tag-drone","12":"tag-federation-de-russie","13":"tag-le-recap-du-week-end","14":"tag-lecornu","15":"tag-meeting","16":"tag-monde","17":"tag-news","18":"tag-roumanie","19":"tag-russe","20":"tag-russia","21":"tag-russian-federation","22":"tag-russie","23":"tag-tirs"},"share_on_mastodon":{"url":"https:\/\/pubeurope.com\/@fr\/115203767245212215","error":""},"_links":{"self":[{"href":"https:\/\/www.europesays.com\/fr\/wp-json\/wp\/v2\/posts\/390689","targetHints":{"allow":["GET"]}}],"collection":[{"href":"https:\/\/www.europesays.com\/fr\/wp-json\/wp\/v2\/posts"}],"about":[{"href":"https:\/\/www.europesays.com\/fr\/wp-json\/wp\/v2\/types\/post"}],"author":[{"embeddable":true,"href":"https:\/\/www.europesays.com\/fr\/wp-json\/wp\/v2\/users\/2"}],"replies":[{"embeddable":true,"href":"https:\/\/www.europesays.com\/fr\/wp-json\/wp\/v2\/comments?post=390689"}],"version-history":[{"count":0,"href":"https:\/\/www.europesays.com\/fr\/wp-json\/wp\/v2\/posts\/390689\/revisions"}],"wp:featuredmedia":[{"embeddable":true,"href":"https:\/\/www.europesays.com\/fr\/wp-json\/wp\/v2\/media\/390690"}],"wp:attachment":[{"href":"https:\/\/www.europesays.com\/fr\/wp-json\/wp\/v2\/media?parent=390689"}],"wp:term":[{"taxonomy":"category","embeddable":true,"href":"https:\/\/www.europesays.com\/fr\/wp-json\/wp\/v2\/categories?post=390689"},{"taxonomy":"post_tag","embeddable":true,"href":"https:\/\/www.europesays.com\/fr\/wp-json\/wp\/v2\/tags?post=390689"}],"curies":[{"name":"wp","href":"https:\/\/api.w.org\/{rel}","templated":true}]}}