{"id":390698,"date":"2025-09-14T17:16:18","date_gmt":"2025-09-14T17:16:18","guid":{"rendered":"https:\/\/www.europesays.com\/fr\/390698\/"},"modified":"2025-09-14T17:16:18","modified_gmt":"2025-09-14T17:16:18","slug":"le-foot-cest-ce-qui-restera-a-leurope-quand-elle-aura-tout-oublie","status":"publish","type":"post","link":"https:\/\/www.europesays.com\/fr\/390698\/","title":{"rendered":"\u00abLe foot, c\u2019est ce qui restera \u00e0 l\u2019Europe quand elle aura tout oubli\u00e9\u00bb"},"content":{"rendered":"<p>            <a href=\"https:\/\/www.lefigaro.fr\/vox\/monde\/emma-becker-j-aimais-beaucoup-charlie-kirk-20250911\" class=\"fig-ranking-profile-link\" aria-label=\"Emma Becker: \u00ab\u00a0J\u2019aimais beaucoup Charlie Kirk\u00a0\u00bb (article Premium)\" title=\"Emma Becker: \u00ab\u00a0J\u2019aimais beaucoup Charlie Kirk\u00a0\u00bb (article Premium)\" data-fig-domain=\"LEFIGARO\" rel=\"nofollow noopener\" target=\"_blank\"><\/p>\n<p>        Emma Becker: \u00ab\u00a0J\u2019aimais beaucoup Charlie Kirk\u00a0\u00bb<\/p>\n<p>                                                <\/a><\/p>\n<p>        <img   class=\"fig-img fig-ranking-profile-media-small-picture__photo\" alt=\"Emma Becker: \u00ab\u00a0J\u2019aimais beaucoup Charlie Kirk\u00a0\u00bb\" height=\"1226\" width=\"2180\"\/><\/p>\n<p class=\"fig-ranking-profile-standfirst\">\n    <strong>TRIBUNE &#8211; <\/strong>Avec la mort de Charlie Kirk, influenceur pro-Trump assassin\u00e9 ce mercredi, les conservateurs ont perdu une voix, mais ceux qui le d\u00e9testaient ont perdu plus pr\u00e9cieux encore\u00a0: un contradicteur contre lequel aiguiser leur esprit critique, avance l\u2019\u00e9crivain* dans un hommage poignant.\n<\/p>\n<p>            <a href=\"https:\/\/www.lefigaro.fr\/vox\/societe\/luc-ferry-en-finir-avec-la-discipline-vraiment-20250911\" class=\"fig-ranking-profile-link\" aria-label=\"Luc Ferry\u00a0: \u00abEn finir avec la discipline, vraiment\u00a0?\u00bb (article Premium)\" title=\"Luc Ferry\u00a0: \u00abEn finir avec la discipline, vraiment\u00a0?\u00bb (article Premium)\" data-fig-domain=\"LEFIGARO\" rel=\"nofollow noopener\" target=\"_blank\"><\/p>\n<p>        Luc Ferry\u00a0: \u00abEn finir avec la discipline, vraiment\u00a0?\u00bb<\/p>\n<p>                                                <\/a><\/p>\n<p>        <img   class=\"fig-img fig-ranking-profile-media-small-picture__photo\" alt=\"Luc Ferry\u00a0: \u00abEn finir avec la discipline, vraiment\u00a0?\u00bb\" height=\"1647\" width=\"2929\"\/><\/p>\n<p class=\"fig-ranking-profile-standfirst\">\n    <strong>CHRONIQUE &#8211; <\/strong>Le minist\u00e8re du Travail, de la Sant\u00e9, des Solidarit\u00e9s et des Familles a publi\u00e9 cet \u00e9t\u00e9 un guide \u00e0 destination des \u00e9tablissements d\u2019accueil des 0-3 ans, inspir\u00e9 de l\u2019\u00e9ducation positive. Mais la bienveillance \u00e0 tout prix vis-\u00e0-vis des enfants est une erreur, voire une faute.\n<\/p>\n<p>            <a href=\"https:\/\/www.lefigaro.fr\/vox\/societe\/a-paris-les-classes-moyennes-prises-en-etau-entre-les-hlm-et-les-nouveaux-rentiers-20250911\" class=\"fig-ranking-profile-link\" aria-label=\"\u00c0 Paris, les classes moyennes prises en \u00e9tau entre les HLM et les nouveaux rentiers (article Premium)\" title=\"\u00c0 Paris, les classes moyennes prises en \u00e9tau entre les HLM et les nouveaux rentiers (article Premium)\" data-fig-domain=\"LEFIGARO\" rel=\"nofollow noopener\" target=\"_blank\"><\/p>\n<p>        \u00c0 Paris, les classes moyennes prises en \u00e9tau entre les HLM et les nouveaux rentiers<\/p>\n<p>                                                <\/a><\/p>\n<p>        <img   class=\"fig-img fig-ranking-profile-media-small-picture__photo\" alt=\"\u00c0 Paris, les classes moyennes prises en \u00e9tau entre les HLM et les nouveaux rentiers\" height=\"1686\" width=\"2998\"\/><\/p>\n<p class=\"fig-ranking-profile-standfirst\">\n    <strong>ANALYSE &#8211;<\/strong> Alors que la mairie de Paris se r\u00e9jouit de la cr\u00e9ation de logements sociaux dans le tr\u00e8s chic 8e\u00a0arrondissement, une note de la Fondation Jean Jaur\u00e8s souligne que la capitale s\u2019est transform\u00e9e en une ville de rentiers et de l\u2019entre-soi.<\/p>\n","protected":false},"excerpt":{"rendered":"Emma Becker: \u00ab\u00a0J\u2019aimais beaucoup Charlie Kirk\u00a0\u00bb TRIBUNE &#8211; Avec la mort de Charlie Kirk, influenceur pro-Trump assassin\u00e9 ce&hellip;\n","protected":false},"author":2,"featured_media":390699,"comment_status":"","ping_status":"","sticky":false,"template":"","format":"standard","meta":{"footnotes":""},"categories":[1586],"tags":[11,1777,674,63,1011,27,12,25],"class_list":{"0":"post-390698","1":"post","2":"type-post","3":"status-publish","4":"format-standard","5":"has-post-thumbnail","7":"category-europe","8":"tag-actualites","9":"tag-eu","10":"tag-europe","11":"tag-football","12":"tag-fr","13":"tag-france","14":"tag-news","15":"tag-republique-francaise"},"share_on_mastodon":{"url":"https:\/\/pubeurope.com\/@fr\/115203787047263550","error":""},"_links":{"self":[{"href":"https:\/\/www.europesays.com\/fr\/wp-json\/wp\/v2\/posts\/390698","targetHints":{"allow":["GET"]}}],"collection":[{"href":"https:\/\/www.europesays.com\/fr\/wp-json\/wp\/v2\/posts"}],"about":[{"href":"https:\/\/www.europesays.com\/fr\/wp-json\/wp\/v2\/types\/post"}],"author":[{"embeddable":true,"href":"https:\/\/www.europesays.com\/fr\/wp-json\/wp\/v2\/users\/2"}],"replies":[{"embeddable":true,"href":"https:\/\/www.europesays.com\/fr\/wp-json\/wp\/v2\/comments?post=390698"}],"version-history":[{"count":0,"href":"https:\/\/www.europesays.com\/fr\/wp-json\/wp\/v2\/posts\/390698\/revisions"}],"wp:featuredmedia":[{"embeddable":true,"href":"https:\/\/www.europesays.com\/fr\/wp-json\/wp\/v2\/media\/390699"}],"wp:attachment":[{"href":"https:\/\/www.europesays.com\/fr\/wp-json\/wp\/v2\/media?parent=390698"}],"wp:term":[{"taxonomy":"category","embeddable":true,"href":"https:\/\/www.europesays.com\/fr\/wp-json\/wp\/v2\/categories?post=390698"},{"taxonomy":"post_tag","embeddable":true,"href":"https:\/\/www.europesays.com\/fr\/wp-json\/wp\/v2\/tags?post=390698"}],"curies":[{"name":"wp","href":"https:\/\/api.w.org\/{rel}","templated":true}]}}