{"id":390704,"date":"2025-09-14T17:19:12","date_gmt":"2025-09-14T17:19:12","guid":{"rendered":"https:\/\/www.europesays.com\/fr\/390704\/"},"modified":"2025-09-14T17:19:12","modified_gmt":"2025-09-14T17:19:12","slug":"en-direct-guerre-en-ukraine-lambassadeur-russe-en-roumanie-convoque-apres-lintrusion-dun-drone-le-monde-fr","status":"publish","type":"post","link":"https:\/\/www.europesays.com\/fr\/390704\/","title":{"rendered":"En direct, guerre en Ukraine : l\u2019ambassadeur russe en Roumanie convoqu\u00e9 apr\u00e8s l\u2019intrusion d\u2019un drone &#8211; Le Monde.fr"},"content":{"rendered":"<ol>\n<li><a href=\"https:\/\/news.google.com\/rss\/articles\/CBMi_AFBVV95cUxPMzhiMGhYYzQ5OW12ZExRbWxuMHdONGdRVjd6aURKV3FoRUFCblQyMjF6YWU4VUxOcndJeklWb0tSRS1OV3FkbDJOR25TRllhR3JkMVRWdVEwaVBBNXQ5MEJ0SXJOd3JKZ2FaVHdaN2dqMTVjRHdQQ1RDXy1Jd1plT3kyWE5WRWJXWmZrMHFQcGFNVjYxOFlKd0ZpNmtodEY1eGtzcjVsZzVsT1cxeWlxeExseVExQk5pZXRLbHAyTUo2RkVMY3BrSm5yR2JaX0VBUzdwYnRfSlhqYzlhSUl6NlZ1VUlraHUyR19DVTJ0NGJ1dkk4eDAtZDFuSUU?oc=5\" target=\"_blank\" rel=\"nofollow noopener\">En direct, guerre en Ukraine : l\u2019ambassadeur russe en Roumanie convoqu\u00e9 apr\u00e8s l\u2019intrusion d\u2019un drone<\/a>&nbsp;&nbsp;Le Monde.fr<\/li>\n<li><a href=\"https:\/\/news.google.com\/rss\/articles\/CBMi2gFBVV95cUxNeUhabXo5RWxRYUIzc2Ytd2NBV2ZRUUNjdWV1NkNMLTlwdlF5cmR6b0gzM2tQOXVNNmVfd2RPZDZBVUNkWXlrWGo2TzFzdGUxMDQ3MjJuVGdOSjROd0h2OTdxMU81WUdtMndBeW45V2QtVmxVNjRNa1BFSkNsWG8yS3JKMlFNUFZ6NVZGa3dNdEc4eEtfVlU0NnZPY3NGa09iSWo5VG9USWhrUGdoaEx1c08yajlmMjVBTmVfYTROOG9sSjlCOEM1TVI5eW9TemtwNFFMejNFdWZnQQ?oc=5\" target=\"_blank\" rel=\"nofollow noopener\">Face aux provocations russes, \u00ab nous d\u00e9montrons par l&rsquo;absurde l&rsquo;inanit\u00e9 du syst\u00e8me de d\u00e9fense europ\u00e9en<\/a>&nbsp;&nbsp;Les Echos<\/li>\n<li><a href=\"https:\/\/news.google.com\/rss\/articles\/CBMi4AFBVV95cUxOOFFyeFd3dEh4eVVmTExsYkFObXdidWNUTlZiTHVuSWxpZVZXdDhpdDhPVWlaNGFEbnpNRGJQTHNDaXBYQ0ZsWEtIZWEwclJRazlFLU1YMVh0R3dwNEhVY0dQR084VHNjRnhESlFFaUw1TmNuZjI3d1lPQ0RPcXd6cWsxLTZyNHpZT3N5aEptdG1jaHBHZnBoelhZQWw5SlBrbEp0aGRtcXFsd0xvdjJYNXg3V3E1bUNvUmZFa3ltblV2dDVuT2k4WkdrTHdGSVlEOWNIbFYzdXlULW1UTDM0SQ?oc=5\" target=\"_blank\" rel=\"nofollow noopener\">La Roumanie affirme que l\u2019intrusion de drones russes pose un \u00abnouveau d\u00e9fi\u00bb pour la s\u00e9curit\u00e9 en mer Noire<\/a>&nbsp;&nbsp;Le Figaro<\/li>\n<li><a href=\"https:\/\/news.google.com\/rss\/articles\/CBMi5AFBVV95cUxOR3VweGtLX0hZTlo0WEFnZVlvNGJjdVJ1UkpXRkRiMmpxTUVWbzR2cnl6dE9ucjM0MG1lSDhSREw2Q2pZSEpFNTgwQ2NpbkJnc3RLODVkZXFYenJQaE11Y0hiWGNfVVRnNVktSW1PVzlHMEFrNVpHeDJQYVRkdWFwdVZMdFpqV1dwb0JuV1JyZEgyZTZnZ0gtLXpOOVU0cklmUi1NdUNFcnlIY1l2VTNzQVpvX0xsTm9zQjVLVlRHRjh4NC1CWVFJaHJMb2xHUk5qVldneGZrZWRqeHdYWlZMZFVWT0g?oc=5\" target=\"_blank\" rel=\"nofollow noopener\">Guerre en Ukraine : apr\u00e8s la Pologne, la Russie teste les limites de l\u2019OTAN en lan\u00e7ant ses drones sur la Roumanie<\/a>&nbsp;&nbsp;L&rsquo;Humanit\u00e9<\/li>\n<li><a href=\"https:\/\/news.google.com\/rss\/articles\/CBMi7wFBVV95cUxPYjAxdXBaVHFRS3d6MEczWGUxTXBmSWtvc2Q3U3F5Rm9VbnRKTk5CVTZibWJLd2RKdWZPNkpyN0ppOVlWQ2c5TlNTamtLZ2hESnJRaThxRFlFbDdzUDBUSVdJRFZUVnYxR2Y3dXhhaG9iZjlGZGJIZ2NUbFloUGlXR0d0bC1aMGFOUFVYanBwR2FqdFFDWGFxZU9HNTlOcWl5dFE0Y0hVTm1xZnU3T0hNMlFDNVVRTnFodjEzUDBsR2hvWjYwZTgyWndTVkNGTGN0bmI1bXhObVRQR0NZemgwaXBkelNPWndieXhQQUJGVQ?oc=5\" target=\"_blank\" rel=\"nofollow noopener\">La Roumanie communique sur les drones russes pour mobiliser ses alli\u00e9s de l\u2019Otan<\/a>&nbsp;&nbsp;Ouest-France<\/li>\n<\/ol>\n","protected":false},"excerpt":{"rendered":"En direct, guerre en Ukraine : l\u2019ambassadeur russe en Roumanie convoqu\u00e9 apr\u00e8s l\u2019intrusion d\u2019un drone&nbsp;&nbsp;Le Monde.fr Face aux&hellip;\n","protected":false},"author":2,"featured_media":1445,"comment_status":"","ping_status":"","sticky":false,"template":"","format":"standard","meta":{"footnotes":""},"categories":[2],"tags":[11,1011,27,12,25],"class_list":{"0":"post-390704","1":"post","2":"type-post","3":"status-publish","4":"format-standard","5":"has-post-thumbnail","7":"category-actualites","8":"tag-actualites","9":"tag-fr","10":"tag-france","11":"tag-news","12":"tag-republique-francaise"},"share_on_mastodon":{"url":"https:\/\/pubeurope.com\/@fr\/115203798803336559","error":""},"_links":{"self":[{"href":"https:\/\/www.europesays.com\/fr\/wp-json\/wp\/v2\/posts\/390704","targetHints":{"allow":["GET"]}}],"collection":[{"href":"https:\/\/www.europesays.com\/fr\/wp-json\/wp\/v2\/posts"}],"about":[{"href":"https:\/\/www.europesays.com\/fr\/wp-json\/wp\/v2\/types\/post"}],"author":[{"embeddable":true,"href":"https:\/\/www.europesays.com\/fr\/wp-json\/wp\/v2\/users\/2"}],"replies":[{"embeddable":true,"href":"https:\/\/www.europesays.com\/fr\/wp-json\/wp\/v2\/comments?post=390704"}],"version-history":[{"count":0,"href":"https:\/\/www.europesays.com\/fr\/wp-json\/wp\/v2\/posts\/390704\/revisions"}],"wp:featuredmedia":[{"embeddable":true,"href":"https:\/\/www.europesays.com\/fr\/wp-json\/wp\/v2\/media\/1445"}],"wp:attachment":[{"href":"https:\/\/www.europesays.com\/fr\/wp-json\/wp\/v2\/media?parent=390704"}],"wp:term":[{"taxonomy":"category","embeddable":true,"href":"https:\/\/www.europesays.com\/fr\/wp-json\/wp\/v2\/categories?post=390704"},{"taxonomy":"post_tag","embeddable":true,"href":"https:\/\/www.europesays.com\/fr\/wp-json\/wp\/v2\/tags?post=390704"}],"curies":[{"name":"wp","href":"https:\/\/api.w.org\/{rel}","templated":true}]}}