{"id":390705,"date":"2025-09-14T17:20:14","date_gmt":"2025-09-14T17:20:14","guid":{"rendered":"https:\/\/www.europesays.com\/fr\/390705\/"},"modified":"2025-09-14T17:20:14","modified_gmt":"2025-09-14T17:20:14","slug":"feu-de-cable-sncf-jusqua-sept-heures-de-retard-sur-la-circulation-des-trains-au-sud-de-bordeaux","status":"publish","type":"post","link":"https:\/\/www.europesays.com\/fr\/390705\/","title":{"rendered":"feu de c\u00e2ble SNCF, jusqu&rsquo;\u00e0 sept heures de retard sur la circulation des trains au sud de Bordeaux"},"content":{"rendered":"<p class=\"article__intro\">Ce dimanche 14 septembre, un incendie a tr\u00e8s fortement perturb\u00e9 la circulation des trains. Les perturbations ont \u00e9t\u00e9 nombreuses sur le trafic ferroviaire et plus particuli\u00e8rement au sud de bordeaux, sur l&rsquo;axe reliant Langon, Agen puis Toulouse. Le trafic entre Bordeaux et Langon a \u00e9t\u00e9 interrompu. Des difficult\u00e9s persistent ce dimanche soir. Le point.<\/p>\n<p>\n      L\u2019actu des r\u00e9gions\n    <\/p>\n<p>\n      Chaque jour, un tour d\u2019horizon des principales infos de toutes les r\u00e9gions.\n    <\/p>\n<p>    France T\u00e9l\u00e9visions utilise votre adresse e-mail afin de vous envoyer la newsletter \u00ab\u00a0L\u2019actu des r\u00e9gions\u00a0\u00bb. Vous pouvez vous d\u00e9sinscrire \u00e0 tout moment via le lien en bas de cette newsletter. <a target=\"_blank\" href=\"https:\/\/www.francetelevisions.fr\/groupe\/confidentialite\/politique-de-confidentialite\/politique-de-confidentialite-de-france-televisions-6503\" rel=\"nofollow noopener\">Notre politique de confidentialit\u00e9<\/a><\/p>\n<p>Les pompiers ont \u00e9t\u00e9 mobilis\u00e9s d\u00e8s 8 h 30 ce dimanche pour un feu de c\u00e2ble \u00e9lectrique au sol dans l&#8217;emprise de la voie ferr\u00e9e. \u00ab\u00a0Le c\u00e2ble br\u00fblait sur une vingtaine de m\u00e8tres\u00a0\u00bb, indiquaient-ils ce matin.<\/p>\n<\/p>\n<p>La circulation des trains a \u00e9t\u00e9 coup\u00e9e entre Villenave-d&rsquo;Ornon et la gare de triage d&rsquo;Hourcade. \u00ab\u00a0C&rsquo;est une op\u00e9ration complexe\u00a0\u00bb, expliquait le Codis \u00e0 9 h 30, \u00ab\u00a0il faut \u00eatre s\u00fbr que l&rsquo;\u00e9lectricit\u00e9 est bien coup\u00e9e pour intervenir, donc pour l&rsquo;instant, on prot\u00e8ge le site et on \u00e9vite la propagation\u00a0\u00bb.<\/p>\n<p>Un incendie qui a eu des cons\u00e9quences sur le trafic ferroviaire et plus particuli\u00e8rement au sud de bordeaux, sur l&rsquo;axe reliant Langon, Agen puis Toulouse. Le trafic entre Bordeaux et Langon a \u00e9t\u00e9 interrompu. Certains trains ont donc \u00e9t\u00e9 supprim\u00e9s. Des bus et des taxis ont \u00e9t\u00e9 propos\u00e9s aux voyageurs. D&rsquo;autres trains affichaient plus de deux heures de retard au d\u00e9part ou \u00e0 l&rsquo;arriv\u00e9e ce matin \u00e0 Bordeaux.<\/p>\n<p>Une fois l&rsquo;incendie \u00e9teint vers 11h, le trafic a pu lentement reprendre. N\u00e9anmoins, certains trains, m\u00eame en fin de journ\u00e9e, ont \u00e9t\u00e9 supprim\u00e9s, et d&rsquo;autres en provenance de Toulouse ou de Marseille, ont d\u00fb changer leurs itin\u00e9raires. L&rsquo;un d&rsquo;entre eux affichait plus de sept heures de retard.<\/p>\n<p>La SNCF, qui suspecte un acte de malveillance, indique qu&rsquo;\u00e0 17 h 30, gr\u00e2ce \u00e0 des travaux de r\u00e9paration temporaire, la circulation des trains entre Bordeaux et Agen a pu reprendre, mais \u00e0 vitesse r\u00e9duite. De nouveaux travaux devraient \u00eatre r\u00e9alis\u00e9s cette nuit et permettre un retour \u00e0 la normale lundi 15 septembre.<\/p>\n<p>Pour conna\u00eetre l&rsquo;\u00e9tat du trafic en temps r\u00e9el, <a href=\"https:\/\/www.garesetconnexions.sncf\/fr\/gares-services\/bordeaux-saint-jean\/horaires\" target=\"_blank\" data-tooltip-url=\"https:\/\/www.garesetconnexions.sncf\/fr\/gares-services\/bordeaux-saint-jean\/horaires\" rel=\"noopener nofollow\">cliquez ici<\/a>.<\/p>\n","protected":false},"excerpt":{"rendered":"Ce dimanche 14 septembre, un incendie a tr\u00e8s fortement perturb\u00e9 la circulation des trains. Les perturbations ont \u00e9t\u00e9&hellip;\n","protected":false},"author":2,"featured_media":390706,"comment_status":"","ping_status":"","sticky":false,"template":"","format":"standard","meta":{"footnotes":""},"categories":[4],"tags":[11,1011,27,12,25],"class_list":{"0":"post-390705","1":"post","2":"type-post","3":"status-publish","4":"format-standard","5":"has-post-thumbnail","7":"category-france","8":"tag-actualites","9":"tag-fr","10":"tag-france","11":"tag-news","12":"tag-republique-francaise"},"share_on_mastodon":{"url":"https:\/\/pubeurope.com\/@fr\/115203802667705952","error":""},"_links":{"self":[{"href":"https:\/\/www.europesays.com\/fr\/wp-json\/wp\/v2\/posts\/390705","targetHints":{"allow":["GET"]}}],"collection":[{"href":"https:\/\/www.europesays.com\/fr\/wp-json\/wp\/v2\/posts"}],"about":[{"href":"https:\/\/www.europesays.com\/fr\/wp-json\/wp\/v2\/types\/post"}],"author":[{"embeddable":true,"href":"https:\/\/www.europesays.com\/fr\/wp-json\/wp\/v2\/users\/2"}],"replies":[{"embeddable":true,"href":"https:\/\/www.europesays.com\/fr\/wp-json\/wp\/v2\/comments?post=390705"}],"version-history":[{"count":0,"href":"https:\/\/www.europesays.com\/fr\/wp-json\/wp\/v2\/posts\/390705\/revisions"}],"wp:featuredmedia":[{"embeddable":true,"href":"https:\/\/www.europesays.com\/fr\/wp-json\/wp\/v2\/media\/390706"}],"wp:attachment":[{"href":"https:\/\/www.europesays.com\/fr\/wp-json\/wp\/v2\/media?parent=390705"}],"wp:term":[{"taxonomy":"category","embeddable":true,"href":"https:\/\/www.europesays.com\/fr\/wp-json\/wp\/v2\/categories?post=390705"},{"taxonomy":"post_tag","embeddable":true,"href":"https:\/\/www.europesays.com\/fr\/wp-json\/wp\/v2\/tags?post=390705"}],"curies":[{"name":"wp","href":"https:\/\/api.w.org\/{rel}","templated":true}]}}