{"id":390758,"date":"2025-09-14T17:50:26","date_gmt":"2025-09-14T17:50:26","guid":{"rendered":"https:\/\/www.europesays.com\/fr\/390758\/"},"modified":"2025-09-14T17:50:26","modified_gmt":"2025-09-14T17:50:26","slug":"cosmetique-cosmed-fait-son-congres-scientifique-2025-a-montpellier","status":"publish","type":"post","link":"https:\/\/www.europesays.com\/fr\/390758\/","title":{"rendered":"Cosm\u00e9tique. Cosmed fait son congr\u00e8s scientifique 2025 \u00e0 Montpellier"},"content":{"rendered":"<p>Cosmed, r\u00e9seau de TPE-PME et ETI de la <a href=\"https:\/\/www.touleco.fr\/En-Occitanie-le-secteur-cosmetique-ne-fait-pas-pale-figure,45228\" class=\"spip_in\" target=\"_blank\" rel=\"noopener\">fili\u00e8re cosm\u00e9tique en France<\/a>, organise le 23\u00a0septembre \u00e0 Montpellier son vingt-cinqui\u00e8me congr\u00e8s scientifique. Il sera consacr\u00e9 aux innovations et derniers travaux de recherche sur le bien vieillir en cosm\u00e9tique.<\/p>\n<p><a href=\"https:\/\/www.cosmed.fr\/page_evenement\/congres-scientifique-2025\/\" class=\"spip_out\" rel=\"external noopener\" target=\"_blank\">Plus d\u2019informations<\/a> et <a href=\"https:\/\/www.congresscientifiquecosmed.com\/page\/informations\/\" class=\"spip_out\" rel=\"external noopener\" target=\"_blank\">inscriptions<\/a> en ligne. L\u2019\u00e9v\u00e9nement peut \u00e9galement \u00eatre suivi \u00e0 distance.<\/p>\n<p>Cosmed. Le mardi 23\u00a0septembre 2025, \u00e0 partir de 8h45, au Corum, place Charles de Gaulle, \u00e0 Montpellier.<\/p>\n","protected":false},"excerpt":{"rendered":"Cosmed, r\u00e9seau de TPE-PME et ETI de la fili\u00e8re cosm\u00e9tique en France, organise le 23\u00a0septembre \u00e0 Montpellier son&hellip;\n","protected":false},"author":2,"featured_media":373637,"comment_status":"","ping_status":"","sticky":false,"template":"","format":"standard","meta":{"footnotes":""},"categories":[9599],"tags":[1111,11,52293,1777,674,1011,27,2208,12,2680,25,41],"class_list":{"0":"post-390758","1":"post","2":"type-post","3":"status-publish","4":"format-standard","5":"has-post-thumbnail","7":"category-montpellier","8":"tag-actu","9":"tag-actualites","10":"tag-cosmetique","11":"tag-eu","12":"tag-europe","13":"tag-fr","14":"tag-france","15":"tag-montpellier","16":"tag-news","17":"tag-occitanie","18":"tag-republique-francaise","19":"tag-sciences"},"share_on_mastodon":{"url":"https:\/\/pubeurope.com\/@fr\/115203920608260897","error":""},"_links":{"self":[{"href":"https:\/\/www.europesays.com\/fr\/wp-json\/wp\/v2\/posts\/390758","targetHints":{"allow":["GET"]}}],"collection":[{"href":"https:\/\/www.europesays.com\/fr\/wp-json\/wp\/v2\/posts"}],"about":[{"href":"https:\/\/www.europesays.com\/fr\/wp-json\/wp\/v2\/types\/post"}],"author":[{"embeddable":true,"href":"https:\/\/www.europesays.com\/fr\/wp-json\/wp\/v2\/users\/2"}],"replies":[{"embeddable":true,"href":"https:\/\/www.europesays.com\/fr\/wp-json\/wp\/v2\/comments?post=390758"}],"version-history":[{"count":0,"href":"https:\/\/www.europesays.com\/fr\/wp-json\/wp\/v2\/posts\/390758\/revisions"}],"wp:featuredmedia":[{"embeddable":true,"href":"https:\/\/www.europesays.com\/fr\/wp-json\/wp\/v2\/media\/373637"}],"wp:attachment":[{"href":"https:\/\/www.europesays.com\/fr\/wp-json\/wp\/v2\/media?parent=390758"}],"wp:term":[{"taxonomy":"category","embeddable":true,"href":"https:\/\/www.europesays.com\/fr\/wp-json\/wp\/v2\/categories?post=390758"},{"taxonomy":"post_tag","embeddable":true,"href":"https:\/\/www.europesays.com\/fr\/wp-json\/wp\/v2\/tags?post=390758"}],"curies":[{"name":"wp","href":"https:\/\/api.w.org\/{rel}","templated":true}]}}