{"id":390759,"date":"2025-09-14T17:51:20","date_gmt":"2025-09-14T17:51:20","guid":{"rendered":"https:\/\/www.europesays.com\/fr\/390759\/"},"modified":"2025-09-14T17:51:20","modified_gmt":"2025-09-14T17:51:20","slug":"girondins-reaction-dhugo-suarez-apres-le-match-nul-face-a-montpellier","status":"publish","type":"post","link":"https:\/\/www.europesays.com\/fr\/390759\/","title":{"rendered":"Girondins : r\u00e9action d&rsquo;Hugo Suarez apr\u00e8s le match nul face \u00e0 Montpellier"},"content":{"rendered":"<p><img decoding=\"async\" src=\"https:\/\/www.europesays.com\/fr\/wp-content\/uploads\/2025\/09\/671_3fe17a81d79a8d7731765ae8434529c3.jpg\" alt=\"Girondins : r\u00e9action d'Hugo Suarez apr\u00e8s le match nul face \u00e0 Montpellier\" class=\"img-responsive mt-3\"\/><\/p>\n<p class=\"text-center mb-3\" style=\"font-size: 14px\">\u00a9 Iconsport<\/p>\n<p>      <strong>Hugo Suarez d\u00e9crypte les ajustements tactiques des Girondins de Bordeaux<\/strong><\/p>\n<p style=\"text-align: justify;\">\u00c9coutez ses propos ou lisez-les :<\/p>\n<p style=\"text-align: justify;\">Hugo Suarez, entraineur des Girondins de Bordeaux : \u00ab\u00a0Je suis assez satisfait du r\u00e9sultat face \u00e0 une belle formation montpelli\u00e9raine. On repart avec un point et un peut se dire qu&rsquo;il y avait la place, mais on a su ne pas perdre, car les deux \u00e9quipes ont eu des opportunit\u00e9s. On est dans la continuit\u00e9 de ce qu&rsquo;on a vu \u00e0 Monaco dans l\u2019\u00e9tat d&rsquo;esprit. On va peaufiner et s&rsquo;am\u00e9liorer dans les prochaines semaines.\u00a0\u00bb<\/p>\n<p><strong>La gestion de la profondeur ajust\u00e9e<\/strong><\/p>\n<p style=\"text-align: justify;\">\u00ab\u00a0On a eu des ajustements pendant la premi\u00e8re mi-temps et \u00e0 la pause sur la gestion de la profondeur. Il fallait cadrer la num\u00e9ro 8 et g\u00e9rer Chiara Baylet qu&rsquo;on connait bien. Les joueuses ont su bien s&rsquo;adapter. Je suis agr\u00e9ablement surpris sur ce point.\u00a0\u00bb<\/p>\n<p><strong>Son coaching en fin de match<\/strong><\/p>\n<p style=\"text-align: justify;\">\u00ab\u00a0Cela s&rsquo;est fait au ressenti du match avec le staff je sentais qu&rsquo;on \u00e9tait bien organis\u00e9 et je ne voulais pas faire de coaching trop t\u00f4t ni trop tard.\u00a0\u00bb<\/p>\n<p><strong>Premi\u00e8re au Stade Bel Air de Bordeaux<\/strong><\/p>\n<p style=\"text-align: justify;\">\u00ab\u00a0On prend nos marques, ce n&rsquo;est pas \u00e9vident, car c&rsquo;est une nouvelle organisation. On essaie de s&rsquo;y faire. Il faut trouver les bons rituels et les bonnes habitudes. Il y a du monde qui nous pousse et il y a du bruit, c&rsquo;est positif.\u00a0\u00bb<\/p>\n<p style=\"text-align: justify;\">\u00c0 lire &gt;&gt; <strong><a href=\"https:\/\/www.webgirondins.com\/actualite-girondins-d3f-les-girondines-de-bordeaux-resistent-et-brillent-face-a-un-cador-du-championnat-130424\" target=\"_blank\" rel=\"noopener\">D3F : Les Girondines de Bordeaux r\u00e9sistent et brillent face \u00e0 un cador du championnat<\/a><\/strong><\/p>\n<p style=\"text-align: justify;\">\u00a0<\/p>\n","protected":false},"excerpt":{"rendered":"\u00a9 Iconsport Hugo Suarez d\u00e9crypte les ajustements tactiques des Girondins de Bordeaux \u00c9coutez ses propos ou lisez-les :&hellip;\n","protected":false},"author":2,"featured_media":390760,"comment_status":"","ping_status":"","sticky":false,"template":"","format":"standard","meta":{"footnotes":""},"categories":[9599],"tags":[1111,11,150,1997,6074,17179,1994,2263,1777,674,2823,9212,1011,27,1987,36430,15527,955,12005,2208,12,2680,3032,3210,25,36431],"class_list":{"0":"post-390759","1":"post","2":"type-post","3":"status-publish","4":"format-standard","5":"has-post-thumbnail","7":"category-montpellier","8":"tag-actu","9":"tag-actualites","10":"tag-apres","11":"tag-bordeaux","12":"tag-confie","13":"tag-djino","14":"tag-entraineur","15":"tag-equipe","16":"tag-eu","17":"tag-europe","18":"tag-face","19":"tag-forte","20":"tag-fr","21":"tag-france","22":"tag-girondins","23":"tag-hugo","24":"tag-joueuses","25":"tag-match","26":"tag-micro","27":"tag-montpellier","28":"tag-news","29":"tag-occitanie","30":"tag-prestation","31":"tag-reaction","32":"tag-republique-francaise","33":"tag-suarez"},"share_on_mastodon":{"url":"https:\/\/pubeurope.com\/@fr\/115203924671345705","error":""},"_links":{"self":[{"href":"https:\/\/www.europesays.com\/fr\/wp-json\/wp\/v2\/posts\/390759","targetHints":{"allow":["GET"]}}],"collection":[{"href":"https:\/\/www.europesays.com\/fr\/wp-json\/wp\/v2\/posts"}],"about":[{"href":"https:\/\/www.europesays.com\/fr\/wp-json\/wp\/v2\/types\/post"}],"author":[{"embeddable":true,"href":"https:\/\/www.europesays.com\/fr\/wp-json\/wp\/v2\/users\/2"}],"replies":[{"embeddable":true,"href":"https:\/\/www.europesays.com\/fr\/wp-json\/wp\/v2\/comments?post=390759"}],"version-history":[{"count":0,"href":"https:\/\/www.europesays.com\/fr\/wp-json\/wp\/v2\/posts\/390759\/revisions"}],"wp:featuredmedia":[{"embeddable":true,"href":"https:\/\/www.europesays.com\/fr\/wp-json\/wp\/v2\/media\/390760"}],"wp:attachment":[{"href":"https:\/\/www.europesays.com\/fr\/wp-json\/wp\/v2\/media?parent=390759"}],"wp:term":[{"taxonomy":"category","embeddable":true,"href":"https:\/\/www.europesays.com\/fr\/wp-json\/wp\/v2\/categories?post=390759"},{"taxonomy":"post_tag","embeddable":true,"href":"https:\/\/www.europesays.com\/fr\/wp-json\/wp\/v2\/tags?post=390759"}],"curies":[{"name":"wp","href":"https:\/\/api.w.org\/{rel}","templated":true}]}}