{"id":390806,"date":"2025-09-14T18:22:17","date_gmt":"2025-09-14T18:22:17","guid":{"rendered":"https:\/\/www.europesays.com\/fr\/390806\/"},"modified":"2025-09-14T18:22:17","modified_gmt":"2025-09-14T18:22:17","slug":"il-en-reste-toujours-une-trace-a-paris-les-tiers-lieux-provisoires-ca-marche","status":"publish","type":"post","link":"https:\/\/www.europesays.com\/fr\/390806\/","title":{"rendered":"\u00ab\u00a0Il en reste toujours une trace\u00a0\u00bb\u00a0: \u00e0 Paris, les tiers-lieux provisoires, \u00e7a marche\u00a0!"},"content":{"rendered":"<p class=\"paragraph text_align_left lp-f-body-02\">Depuis le trottoir de l\u2019avenue du G\u00e9n\u00e9ral-Leclerc, les habitants du <a href=\"https:\/\/www.leparisien.fr\/paris-75\/paris-75014\/\" target=\"_blank\" rel=\"noreferrer nofollow noopener\">XIVe arrondissement<\/a> de Paris n\u2019avaient jamais rien vu d\u2019autre, \u00e0 travers les grilles closes, que cette all\u00e9e de grands arbres filant sur <a href=\"https:\/\/www.leparisien.fr\/paris-75\/paris-parc-ouvert-au-public-logements-sociaux-la-transformation-de-lancien-hopital-la-rochefoucauld-se-precise-18-03-2025-6T32DWQJ2NAEFPBRAAWDGCHLNM.php\" target=\"_self\" rel=\"nofollow noopener\">le majestueux b\u00e2timent de l\u2019h\u00f4pital La Rochefoucauld<\/a>. Depuis ce mois de septembre, ils peuvent d\u00e9ambuler dans le vaste jardin d\u2019herbes folles et d\u2019arbres fruitiers \u00e0 l\u2019occasion d\u2019\u00e9v\u00e9nements culturels et artistiques et ce, trois jours par semaine.<\/p>\n<p class=\"paragraph text_align_left lp-f-body-02\">Ferm\u00e9 depuis 2019, le site de la \u00ab maison de cure \u00bb construite sous Louis XVI vient gonfler la liste des tiers-lieux transitoires de Paris. Cette occupation intercalaire se calque sur ce qui est devenu un concept \u00e0 succ\u00e8s : le temps qu\u2019un projet d\u00e9finitif de logements priv\u00e9s, logements \u00e9tudiants et galerie culturelle ne voie le jour ici, la friche h\u00e9bergera associations, \u00e9tudiants en architecture, ateliers et galerie d\u2019artistes, mais aussi restaurant d\u2019insertion et accueil de jour.<\/p>\n<p class=\"paragraph text_align_left lp-f-body-02\">C\u2019est le quatri\u00e8me projet d\u2019envergure men\u00e9 dans le XIVe par l\u2019agence Plateau urbain, <a href=\"https:\/\/www.leparisien.fr\/paris-75\/avant-les-logements-sociaux-un-tiers-lieu-de-30-000-metres-carres-au-centre-de-paris-11-10-2023-5A44Q3T7VFF57DXRMQI3SKNYOM.php\" target=\"_blank\" rel=\"noreferrer nofollow noopener\">sp\u00e9cialiste des tiers-lieux transitoires<\/a>. Elle compte plus d\u2019une vingtaine de tiers-lieux \u00e0 son actif \u00e0 Paris, sur les 55 qu\u2019elle a ouverts et g\u00e9r\u00e9s dans les grandes m\u00e9tropoles fran\u00e7aises.<\/p>\n<p>L\u2019usage du lieu fait \u00e9voluer le projet immobilier<\/p>\n<p class=\"paragraph text_align_left lp-f-body-02\">Acteur le plus connu en \u00cele-de-France \u00e0 l\u2019instar de Yes We Camp, Plateau urbain n\u2019est pas seul sur le cr\u00e9neau. C\u2019est d\u2019ailleurs tout un \u00e9cosyst\u00e8me tourn\u00e9 vers l\u2019immobilier solidaire qui se r\u00e9unira cet automne pour la seconde \u00e9dition de sa \u00ab Kermesse \u00bb, un salon immobilier sp\u00e9cifique, ouvert au public \u00e0 <a href=\"https:\/\/www.leparisien.fr\/paris-75\/paris-plateau-urbain-lance-un-appel-a-projet-pour-loccupation-de-lancienne-faculte-de-censier-paris-iii-04-05-2022-L4Y5NER34JDWND2N2PB477LKKI.php\" target=\"_self\" rel=\"nofollow noopener\">C\u00e9sure<\/a> (Ve), le tiers-lieu ouvert en 2022 dans l\u2019annexe Censier de la Sorbonne.<\/p>\n<p class=\"paragraph text_align_left lp-f-body-02\">Figure de proue de l\u2019urbanisme transitoire, <a href=\"https:\/\/www.leparisien.fr\/environnement\/initiatives-environnement\/les-grands-voisins-une-utopie-qui-dure-en-plein-paris-29-05-2018-7741794.php\" target=\"_self\" rel=\"nofollow noopener\">les Grands Voisins<\/a>, install\u00e9s sur le site de l\u2019h\u00f4pital Saint-Vincent-de-Paul (XIVe) de 2015 \u00e0 2020, ont montr\u00e9 les vertus de l\u2019occupation des friches parisiennes. L\u2019exp\u00e9rience avait, \u00e0 l\u2019\u00e9poque, rassembl\u00e9 147 acteurs.<\/p>\n<p><img decoding=\"async\" class=\"image \" loading=\"lazy\" src=\"https:\/\/www.europesays.com\/fr\/wp-content\/uploads\/2025\/09\/XBLTMFOT26SNHUWIGML4BOLZRY.jpg\" alt=\"Paris (XIVe). Les Grands Voisins, sur le terrain de l\u2019ancien h\u00f4pital Saint-Vincent-de-Paul, a \u00e9t\u00e9 le fer de lance de cette nouvelle occupation de lieux vacants. Yes We Camp\" align=\"\" data-rubrique-principale=\"\" data-article-type=\"\" fetchpriority=\"auto\"\/>Paris (XIVe). Les Grands Voisins, sur le terrain de l\u2019ancien h\u00f4pital Saint-Vincent-de-Paul, a \u00e9t\u00e9 le fer de lance de cette nouvelle occupation de lieux vacants. Yes We Camp<\/p>\n<p class=\"paragraph text_align_left lp-f-body-02\">Usages vari\u00e9s, bonne cohabitation des publics\u2026 Le succ\u00e8s du tiers-lieu a conduit \u00e0 revoir le projet d\u00e9finitif des promoteurs de l\u2019\u00e9coquartier, dont les premiers programmes seront livr\u00e9s fin 2026.<\/p>\n<p class=\"paragraph text_align_left lp-f-body-02\">Les locaux d\u2019activit\u00e9s en pied d\u2019immeuble seront multipli\u00e9s par huit pour les acteurs de l\u2019\u00e9conomie sociale et solidaire, les artisans et les artistes. S\u2019ajoutent au projet deux programmes <a href=\"https:\/\/www.leparisien.fr\/paris-75\/paris-a-auteuil-larrivee-prochaine-dun-centre-dhebergement-durgence-pour-demandeurs-dasile-irrite-09-04-2024-FLJ6RIN6MZHOFEGRWWABXOA2KI.php\" target=\"_blank\" rel=\"noreferrer nofollow noopener\">d\u2019h\u00e9bergement d\u2019urgence g\u00e9r\u00e9s par l\u2019association Aurore<\/a>. Des b\u00e2timents auxquels les riverains s\u2019\u00e9taient attach\u00e9s ont finalement \u00e9t\u00e9 pr\u00e9serv\u00e9s de la d\u00e9molition.<\/p>\n<p class=\"paragraph text_align_left lp-f-body-02\">M\u00eame chose pour <a href=\"https:\/\/www.leparisien.fr\/paris-75\/les-cinq-toits-recrutent-et-relancent-leur-saison-solidaire-05-08-2020-8363913.php\" target=\"_blank\" rel=\"noreferrer nofollow noopener\">les Cinq Toits<\/a> (<a href=\"https:\/\/www.leparisien.fr\/paris-75\/paris-75016\/\" target=\"_blank\" rel=\"noreferrer nofollow noopener\">XVIe<\/a>), o\u00f9 le bailleur social Paris Habitat a int\u00e9gr\u00e9 \u00e9galement de l\u2019h\u00e9bergement d\u2019urgence p\u00e9renne.<\/p>\n<p class=\"paragraph text_align_left lp-f-body-02\">\u00ab Il reste toujours une trace de l\u2019urbanisme transitoire dans le projet d\u00e9finitif. Cela permet souvent d\u2019ouvrir des lieux que les riverains ne connaissaient pas, qui ont g\u00e9n\u00e9ralement une valeur patrimoniale et symbolique dans un quartier, d\u00e9crypte Ang\u00e8le de Lamberterie, directrice du d\u00e9veloppement chez Plateau urbain. Ce sont de nouveaux espaces qui s\u2019offrent \u00e0 la ville sans logique sp\u00e9culative et qui permettent \u00e0 des acteurs solidaires, des artisans et artistes, de trouver des locaux pour travailler. \u00bb<\/p>\n<p>\u00ab Les riverains se r\u00e9approprient les lieux \u00bb<\/p>\n<p class=\"paragraph text_align_left lp-f-body-02\">En 2019, <a href=\"https:\/\/www.leparisien.fr\/paris-75\/paris-rend-officiel-l-occupation-temporaire-de-sites-vides-26-08-2019-8139765.php\" target=\"_self\" rel=\"nofollow noopener\">la Ville de Paris a cr\u00e9\u00e9 sa charte de l\u2019urbanisme transitoire<\/a>, mise \u00e0 jour en 2021, pour inciter notamment les acteurs priv\u00e9s, propri\u00e9taires et promoteurs, \u00e0 mettre \u00e0 disposition les friches de la ville en les d\u00e9diant \u00e0 l\u2019occupation solidaire. 45 partenaires publics et priv\u00e9s l\u2019ont sign\u00e9e, tels que Nexity, Vinci, SNCF Immobilier ou l\u2019AP-HP.<\/p>\n<p class=\"paragraph text_align_left lp-f-body-02\">\u00ab Entre le moment o\u00f9 l\u2019on ach\u00e8te un b\u00e2timent et la fin du programme de travaux, il peut s\u2019\u00e9couler trois ans. Une occupation intercalaire permet aussi de pr\u00e9figurer les lieux \u00e0 l\u2019usage : les riverains se les r\u00e9approprient, cela cr\u00e9e un melting-pot \u00bb, souligne H\u00e9l\u00e8ne Schwoerer, directrice g\u00e9n\u00e9rale adjointe ma\u00eetrise d\u2019ouvrage et d\u00e9veloppement de Paris Habitat, engag\u00e9 depuis 2009 dans l\u2019urbanisme transitoire.<\/p>\n<p class=\"paragraph text_align_left lp-f-body-02\">Dernier exemple \u00e0 <a href=\"https:\/\/www.leparisien.fr\/paris-75\/paris-la-caserne-militaire-exelmans-bientot-rehabilitee-en-logements-sociaux-09-10-2023-Y26A63K7JFAOVM67342GZKKA7I.php\" target=\"_blank\" rel=\"noreferrer nofollow noopener\">la Caserne d\u2019Exelmans<\/a> (XVIe), dont le programme sera inaugur\u00e9 en octobre. Au rez-de-chauss\u00e9e, les plans ont \u00e9t\u00e9 revus pour partager des locaux avec Aurore, la Ville de Paris et des associations. Une aubaine pour les publics fragiles qui peuvent ainsi acc\u00e9der \u00e0 des h\u00e9bergements d\u2019urgence dans un contexte foncier tendu et profiter de l\u2019\u00e9mulation du lieu pour une meilleure insertion dans un quartier.<\/p>\n<p class=\"paragraph text_align_left lp-f-body-02\">\u00ab Quand on peut se rencontrer, on fait tomber la peur de l\u2019autre jusqu\u2019\u00e0 p\u00e9renniser des lieux d\u2019h\u00e9bergement \u00bb, applaudit Florian Guyot, le directeur g\u00e9n\u00e9ral d\u2019Aurore.<\/p>\n","protected":false},"excerpt":{"rendered":"Depuis le trottoir de l\u2019avenue du G\u00e9n\u00e9ral-Leclerc, les habitants du XIVe arrondissement de Paris n\u2019avaient jamais rien vu&hellip;\n","protected":false},"author":2,"featured_media":390807,"comment_status":"","ping_status":"","sticky":false,"template":"","format":"standard","meta":{"footnotes":""},"categories":[1888],"tags":[11,1777,674,1011,27,1116,1944,12,626,25],"class_list":{"0":"post-390806","1":"post","2":"type-post","3":"status-publish","4":"format-standard","5":"has-post-thumbnail","7":"category-paris","8":"tag-actualites","9":"tag-eu","10":"tag-europe","11":"tag-fr","12":"tag-france","13":"tag-immobilier","14":"tag-ma-ville","15":"tag-news","16":"tag-paris","17":"tag-republique-francaise"},"share_on_mastodon":{"url":"https:\/\/pubeurope.com\/@fr\/115204047270964867","error":""},"_links":{"self":[{"href":"https:\/\/www.europesays.com\/fr\/wp-json\/wp\/v2\/posts\/390806","targetHints":{"allow":["GET"]}}],"collection":[{"href":"https:\/\/www.europesays.com\/fr\/wp-json\/wp\/v2\/posts"}],"about":[{"href":"https:\/\/www.europesays.com\/fr\/wp-json\/wp\/v2\/types\/post"}],"author":[{"embeddable":true,"href":"https:\/\/www.europesays.com\/fr\/wp-json\/wp\/v2\/users\/2"}],"replies":[{"embeddable":true,"href":"https:\/\/www.europesays.com\/fr\/wp-json\/wp\/v2\/comments?post=390806"}],"version-history":[{"count":0,"href":"https:\/\/www.europesays.com\/fr\/wp-json\/wp\/v2\/posts\/390806\/revisions"}],"wp:featuredmedia":[{"embeddable":true,"href":"https:\/\/www.europesays.com\/fr\/wp-json\/wp\/v2\/media\/390807"}],"wp:attachment":[{"href":"https:\/\/www.europesays.com\/fr\/wp-json\/wp\/v2\/media?parent=390806"}],"wp:term":[{"taxonomy":"category","embeddable":true,"href":"https:\/\/www.europesays.com\/fr\/wp-json\/wp\/v2\/categories?post=390806"},{"taxonomy":"post_tag","embeddable":true,"href":"https:\/\/www.europesays.com\/fr\/wp-json\/wp\/v2\/tags?post=390806"}],"curies":[{"name":"wp","href":"https:\/\/api.w.org\/{rel}","templated":true}]}}