{"id":390861,"date":"2025-09-14T18:55:11","date_gmt":"2025-09-14T18:55:11","guid":{"rendered":"https:\/\/www.europesays.com\/fr\/390861\/"},"modified":"2025-09-14T18:55:11","modified_gmt":"2025-09-14T18:55:11","slug":"des-incendies-perturbent-la-ligne-bordeaux-toulouse-la-piste-volontaire-privilegiee","status":"publish","type":"post","link":"https:\/\/www.europesays.com\/fr\/390861\/","title":{"rendered":"des incendies perturbent la ligne Bordeaux-Toulouse, la piste \u00abvolontaire\u00bb privil\u00e9gi\u00e9e"},"content":{"rendered":"<p>Quatre incendies aux abords des voies ont oblig\u00e9 la compagnie \u00e0 annuler des trains et \u00e0 en d\u00e9tourner d\u2019autres sur des trajets plus longs. Une reprise normale du trafic est attendue pour lundi matin<\/p>\n<p class=\"fig-paragraph\">Le trafic ferroviaire a \u00e9t\u00e9 tr\u00e8s fortement perturb\u00e9 dimanche entre Bordeaux et Toulouse, en raison de quatre incendies survenus pr\u00e8s des voies ferr\u00e9es et probablement li\u00e9s \u00e0 un acte \u00abvolontaire\u00bb, a annonc\u00e9 le parquet de Bordeaux. Dimanche matin, entre 8 heures et 9 heures, quatre d\u00e9parts de feu ont \u00e9t\u00e9 constat\u00e9s pr\u00e8s des voies dans trois communes situ\u00e9es \u00e0 moins de 15 km au sud de la pr\u00e9fecture de la Gironde, a d\u00e9taill\u00e9 le procureur de la R\u00e9publique de Bordeaux, Renaud Gaudel, dans un communiqu\u00e9. \u00abAu regard de la concomitance de ces quatre incendies, le caract\u00e8re volontaire de ces derniers est largement privil\u00e9gi\u00e9\u00bb, ajoute dans son communiqu\u00e9 le procureur, qui a ouvert une enqu\u00eate pour \u00abd\u00e9gradation par incendie\u00bb.<\/p>\n<p class=\"fig-paragraph\">De son c\u00f4t\u00e9, la SNCF a dit \u00absuspecter un acte de malveillance\u00bb que \u00abl\u2019enqu\u00eate judiciaire devra confirmer\u00bb. Les feux successifs ont tous \u00e9t\u00e9 \u00e9teints par les pompiers en fin de matin\u00e9e, mais ont entra\u00een\u00e9 de tr\u00e8s fortes perturbations sur le r\u00e9seau ferroviaire entre Bordeaux et Toulouse, qui n\u2019\u00e9taient pas encore termin\u00e9es dimanche en d\u00e9but de soir\u00e9e.<\/p>\n<p>                                    <a class=\"fig-a11y-skip a11y-hidden\" href=\"#fig-a11y-skip-main-inarticle\"><br \/>\n        Passer la publicit\u00e9<br \/>\n    <\/a><\/p>\n<p class=\"fig-paragraph\">Plusieurs trains ont \u00e9t\u00e9 annul\u00e9s entre les deux capitales r\u00e9gionales et d\u2019autres ont \u00e9t\u00e9 d\u00e9tourn\u00e9s par la voie sud via Dax et Tarbes ou remplac\u00e9 par des autocars de substitution, avec plusieurs heures de retard, a pr\u00e9cis\u00e9 la SNCF. Les usagers ont \u00e9t\u00e9 incit\u00e9s \u00e0 reporter leur voyage et se sont vus proposer des remboursements des billets sans frais. Selon la compagnie ferroviaire, une reprise normale du trafic est attendue pour lundi matin, apr\u00e8s la poursuite des r\u00e9parations durant la nuit.<\/p>\n","protected":false},"excerpt":{"rendered":"Quatre incendies aux abords des voies ont oblig\u00e9 la compagnie \u00e0 annuler des trains et \u00e0 en d\u00e9tourner&hellip;\n","protected":false},"author":2,"featured_media":390862,"comment_status":"","ping_status":"","sticky":false,"template":"","format":"standard","meta":{"footnotes":""},"categories":[4],"tags":[11,1011,27,12,25,2215,6917],"class_list":{"0":"post-390861","1":"post","2":"type-post","3":"status-publish","4":"format-standard","5":"has-post-thumbnail","7":"category-france","8":"tag-actualites","9":"tag-fr","10":"tag-france","11":"tag-news","12":"tag-republique-francaise","13":"tag-sncf","14":"tag-transport-ferroviaire"},"share_on_mastodon":{"url":"https:\/\/pubeurope.com\/@fr\/115204176273398094","error":""},"_links":{"self":[{"href":"https:\/\/www.europesays.com\/fr\/wp-json\/wp\/v2\/posts\/390861","targetHints":{"allow":["GET"]}}],"collection":[{"href":"https:\/\/www.europesays.com\/fr\/wp-json\/wp\/v2\/posts"}],"about":[{"href":"https:\/\/www.europesays.com\/fr\/wp-json\/wp\/v2\/types\/post"}],"author":[{"embeddable":true,"href":"https:\/\/www.europesays.com\/fr\/wp-json\/wp\/v2\/users\/2"}],"replies":[{"embeddable":true,"href":"https:\/\/www.europesays.com\/fr\/wp-json\/wp\/v2\/comments?post=390861"}],"version-history":[{"count":0,"href":"https:\/\/www.europesays.com\/fr\/wp-json\/wp\/v2\/posts\/390861\/revisions"}],"wp:featuredmedia":[{"embeddable":true,"href":"https:\/\/www.europesays.com\/fr\/wp-json\/wp\/v2\/media\/390862"}],"wp:attachment":[{"href":"https:\/\/www.europesays.com\/fr\/wp-json\/wp\/v2\/media?parent=390861"}],"wp:term":[{"taxonomy":"category","embeddable":true,"href":"https:\/\/www.europesays.com\/fr\/wp-json\/wp\/v2\/categories?post=390861"},{"taxonomy":"post_tag","embeddable":true,"href":"https:\/\/www.europesays.com\/fr\/wp-json\/wp\/v2\/tags?post=390861"}],"curies":[{"name":"wp","href":"https:\/\/api.w.org\/{rel}","templated":true}]}}