{"id":390985,"date":"2025-09-14T20:08:13","date_gmt":"2025-09-14T20:08:13","guid":{"rendered":"https:\/\/www.europesays.com\/fr\/390985\/"},"modified":"2025-09-14T20:08:13","modified_gmt":"2025-09-14T20:08:13","slug":"violette-spillebout-na-pas-vote-la-confiance-a-francois-bayrou-son-groupe-lui-demande-des-explications","status":"publish","type":"post","link":"https:\/\/www.europesays.com\/fr\/390985\/","title":{"rendered":"Violette Spillebout n\u2019a pas vot\u00e9 la confiance \u00e0 Fran\u00e7ois Bayrou, son groupe lui demande des explications"},"content":{"rendered":"<p>        <img decoding=\"async\" loading=\"lazy\" src=\"https:\/\/www.europesays.com\/fr\/wp-content\/uploads\/2025\/09\/099eb86_upload-1-rjwk4nrg3iwk-afp-20250410-39va6ng-v1-highres-francepoliticseducationschoolsassaultv.jpeg\"  width=\"728\" height=\"409\" alt=\"Violette Spillebout, ici le 10\u00a0avril 2025\u00a0lors d\u2019une conf\u00e9rence de presse sur la commission d\u2019enqu\u00eate de l\u2019affaire B\u00e9tharram. \"\/>  <\/p>\n<p>DIMITAR DILKOFF \/ AFP<\/p>\n<p>Violette Spillebout, ici le 10\u00a0avril 2025\u00a0lors d\u2019une conf\u00e9rence de presse sur la commission d\u2019enqu\u00eate de l\u2019affaire B\u00e9tharram. <\/p>\n<p class=\"asset asset-text\">PARLEMENT &#8211; Libert\u00e9 de vote oui, mais pas sur ce point. La d\u00e9put\u00e9e Violette Spillebout, membre d\u2019Ensemble pour la R\u00e9publique, est convoqu\u00e9e mardi 16\u00a0septembre devant le bureau de son groupe rapporte <a href=\"https:\/\/www.lemonde.fr\/politique\/article\/2025\/09\/14\/la-macroniste-violette-spillebout-sommee-de-s-expliquer-pour-son-abstention-lors-du-vote-de-confiance_6641132_823448.html\" target=\"_blank\" rel=\"noopener\" title=\"Nouvelle fen\u00eatre\">Le Monde<\/a>, une information confirm\u00e9e par <a href=\"https:\/\/www.lavoixdunord.fr\/1624643\/article\/2025-09-14\/vote-de-confiance-apres-son-abstention-la-deputee-violette-spillebout-convoquee\" target=\"_blank\" rel=\"noopener\" title=\"Nouvelle fen\u00eatre\">La Voix du Nord<\/a>. En cause\u00a0: <a href=\"https:\/\/www.huffingtonpost.fr\/politique\/article\/la-deputee-renaissance-violette-spillebout-ne-votera-pas-la-confiance-a-francois-bayrou_254566.html\" target=\"_blank\" rel=\"noopener\" title=\"Nouvelle fen\u00eatre\">son abstention lors du vote de confiance<\/a> \u00e0 l\u2019ancien Premier ministre <a href=\"https:\/\/www.huffingtonpost.fr\/politique\/article\/francois-bayrou-chute-sur-le-vote-de-confiance-une-premiere-dans-l-histoire-de-la-ve-republique_254572.html\" target=\"_blank\" rel=\"noopener\" title=\"Nouvelle fen\u00eatre\">Fran\u00e7ois Bayrou<\/a>.<\/p>\n<p class=\"asset asset-text\">Le 8\u00a0septembre dernier, la d\u00e9put\u00e9e macroniste avait pris le contre-pied des groupes macronistes en refusant d\u2019accorder sa confiance \u00e0 Fran\u00e7ois Bayrou. Elle avait alors justifi\u00e9 son choix par les propos tenus par le chef de gouvernement sur l\u2019affaire B\u00e9tharram lors de son passage dans l\u2019\u00e9mission C \u00e0 Vous. Se disant \u00ab\u00a0profond\u00e9ment choqu\u00e9e qu\u2019il n\u2019ait pas eu un mot pour les victimes de violences (&#8230;)et qu\u2019il ait ni\u00e9 avec tant de m\u00e9pris la qualit\u00e9 du travail transpartisan de la commission\u00a0\u00bb d\u2019enqu\u00eate sur l\u2019affaire B\u00e9tharram dont elle \u00e9tait co-rapporteure, avec l\u2019insoumis Paul Vannier.<\/p>\n<p class=\"asset asset-text\">Si elle n\u2019a pas \u00e9t\u00e9 jusqu\u2019\u00e0 voter contre, son abstention a fait tache parmi les votes uniformes de ses 160\u00a0coll\u00e8gues qui, <a href=\"https:\/\/www.huffingtonpost.fr\/politique\/article\/sur-le-budget-2026-comment-expliquer-le-manque-de-soutien-a-francois-bayrou-de-la-part-du-socle-commun_252745.html\" target=\"_blank\" rel=\"noopener\">en d\u00e9pit de d\u00e9saccords avec les pistes budg\u00e9taires<\/a> de Fran\u00e7ois Bayrou, l\u2019avaient soutenu &#8211; sans pouvoir emp\u00eacher sa chute.<\/p>\n<p class=\"asset asset-text\">Violette Spillebout est donc invit\u00e9e \u00ab\u00a0\u00e0 s\u2019expliquer sur son choix de ne pas suivre la consigne du groupe\u00a0\u00bb, explique-t-on dans l\u2019entourage de Gabriel Attal, cit\u00e9 par le quotidien du soir. Contact\u00e9e par nos confr\u00e8res, Violette Spillebout n\u2019a pas souhait\u00e9 r\u00e9agir.<\/p>\n<p>                     Spillebout et le MoDem, une relation tr\u00e8s compliqu\u00e9e    <\/p>\n<p class=\"asset asset-text\">Les tensions entre l\u2019\u00e9lue EPR du Nord et le MoDem se sont cristallis\u00e9es d\u00e8s sa nomination comme co-rapporteure de la commission d\u2019enqu\u00eate parlementaire sur l\u2019affaire B\u00e9tharram. Apr\u00e8s que le Premier ministre a d\u00e9nonc\u00e9 son \u00ab\u00a0instrumentalisation\u00a0\u00bb, les cadres de son parti ont ensuite tent\u00e9 de \u00ab\u00a0d\u00e9stabiliser\u00a0\u00bb la candidature de l\u2019\u00e9lue du Nord \u00e0 la mairie de Lille, rapporte <a href=\"https:\/\/www.mediapart.fr\/journal\/politique\/190625\/les-menaces-de-bayrou-et-ses-proches-sur-la-rapporteuse-de-la-commission-d-enquete-betharram\" target=\"_blank\" rel=\"noopener\" title=\"Nouvelle fen\u00eatre\">Mediapart<\/a>. D\u00e9j\u00e0 candidate en 2020, Violette Spillebout avait obtenu 19\u00a0% des suffrages.<\/p>\n<p class=\"asset asset-text\">En d\u00e9pit de cette convocation, l\u2019\u00e9lue proche de G\u00e9rald Darmanin b\u00e9n\u00e9ficie toujours \u00e0 ce stade du soutien de son camp pour les municipales. Il ne devrait pas \u00eatre remis en question, selon des sources internes cit\u00e9es par Le Monde. Une exclusion du groupe n\u2019est pas non plus \u00e0 l\u2019ordre du jour mais \u00ab\u00a0plut\u00f4t un rappel \u00e0 l\u2019ordre, qui pourrait prendre la forme d\u2019une sanction interm\u00e9diaire ou d\u2019un simple bl\u00e2me symbolique\u00a0\u00bb, pr\u00e9cise le journal.<\/p>\n","protected":false},"excerpt":{"rendered":"DIMITAR DILKOFF \/ AFP Violette Spillebout, ici le 10\u00a0avril 2025\u00a0lors d\u2019une conf\u00e9rence de presse sur la commission d\u2019enqu\u00eate&hellip;\n","protected":false},"author":2,"featured_media":390986,"comment_status":"","ping_status":"","sticky":false,"template":"","format":"standard","meta":{"footnotes":""},"categories":[4],"tags":[11,416,1011,27,431,12,316,3370,25],"class_list":{"0":"post-390985","1":"post","2":"type-post","3":"status-publish","4":"format-standard","5":"has-post-thumbnail","7":"category-france","8":"tag-actualites","9":"tag-assemblee-nationale","10":"tag-fr","11":"tag-france","12":"tag-francois-bayrou","13":"tag-news","14":"tag-politique","15":"tag-renaissance","16":"tag-republique-francaise"},"share_on_mastodon":{"url":"https:\/\/pubeurope.com\/@fr\/115204463789611708","error":""},"_links":{"self":[{"href":"https:\/\/www.europesays.com\/fr\/wp-json\/wp\/v2\/posts\/390985","targetHints":{"allow":["GET"]}}],"collection":[{"href":"https:\/\/www.europesays.com\/fr\/wp-json\/wp\/v2\/posts"}],"about":[{"href":"https:\/\/www.europesays.com\/fr\/wp-json\/wp\/v2\/types\/post"}],"author":[{"embeddable":true,"href":"https:\/\/www.europesays.com\/fr\/wp-json\/wp\/v2\/users\/2"}],"replies":[{"embeddable":true,"href":"https:\/\/www.europesays.com\/fr\/wp-json\/wp\/v2\/comments?post=390985"}],"version-history":[{"count":0,"href":"https:\/\/www.europesays.com\/fr\/wp-json\/wp\/v2\/posts\/390985\/revisions"}],"wp:featuredmedia":[{"embeddable":true,"href":"https:\/\/www.europesays.com\/fr\/wp-json\/wp\/v2\/media\/390986"}],"wp:attachment":[{"href":"https:\/\/www.europesays.com\/fr\/wp-json\/wp\/v2\/media?parent=390985"}],"wp:term":[{"taxonomy":"category","embeddable":true,"href":"https:\/\/www.europesays.com\/fr\/wp-json\/wp\/v2\/categories?post=390985"},{"taxonomy":"post_tag","embeddable":true,"href":"https:\/\/www.europesays.com\/fr\/wp-json\/wp\/v2\/tags?post=390985"}],"curies":[{"name":"wp","href":"https:\/\/api.w.org\/{rel}","templated":true}]}}