{"id":390991,"date":"2025-09-14T20:12:25","date_gmt":"2025-09-14T20:12:25","guid":{"rendered":"https:\/\/www.europesays.com\/fr\/390991\/"},"modified":"2025-09-14T20:12:25","modified_gmt":"2025-09-14T20:12:25","slug":"cette-residence-verte-de-127-logements-vient-douvrir-pres-de-la-gare-de-nancy-on-vous-la-presente","status":"publish","type":"post","link":"https:\/\/www.europesays.com\/fr\/390991\/","title":{"rendered":"Cette r\u00e9sidence \u00ab\u00a0verte\u00a0\u00bb de 127 logements vient d&rsquo;ouvrir pr\u00e8s de la gare de Nancy : on vous la pr\u00e9sente"},"content":{"rendered":"<p>            Par<br \/>\n        <strong><br \/>\n            <a href=\"https:\/\/actu.fr\/auteur\/amandine-mehl\" title=\"Consulter tous les articles de Amandine Mehl\" target=\"_blank\" rel=\"noopener\">Amandine Mehl<\/a><br \/>\n        <\/strong><\/p>\n<p>        Publi\u00e9 le<\/p>\n<p>            14 sept. 2025 \u00e0 18h02        <\/p>\n<p>Apr\u00e8s trois ann\u00e9es de travaux, <strong>Key Garden<\/strong>, une <strong>r\u00e9sidence \u00ab\u00a0verte\u00a0\u00bb<\/strong>, a \u00e9t\u00e9 inaugur\u00e9e jeudi 11 septembre 2025.<\/p>\n<p class=\" wall-content\">Situ\u00e9e <strong>pr\u00e8s de la gare de Nancy<\/strong>, au 15-17 boulevard de l\u2019Insurrection du Ghetto de Varsovie pr\u00e9cis\u00e9ment, elle est compos\u00e9e de <strong>127<\/strong> <a href=\"https:\/\/actu.fr\/tag\/logement\" target=\"_blank\" rel=\"noopener\">logements<\/a>.<\/p>\n<p>Sept niveaux, 105 places de stationnement, un jardin central\u2026<\/p>\n<p class=\" wall-content\">Port\u00e9e par <strong>Nouvel Habitat<\/strong>, promoteur <a href=\"https:\/\/actu.fr\/tag\/immobilier\" target=\"_blank\" rel=\"noopener\">immobilier<\/a>, la r\u00e9sidence a \u00e9t\u00e9 construite sur <strong>sept niveaux<\/strong> et en pr\u00e9sente <strong>deux suppl\u00e9mentaires en sous-sol<\/strong>. \u00ab\u00a0Elle dispose d\u2019un <strong>jardin central accessible \u00e0 l\u2019ensemble des occupants<\/strong> et d\u2019une <strong>\u0153uvre d\u2019art monumentale<\/strong> install\u00e9e en son centre\u00a0\u00bb, cr\u00e9\u00e9e par l\u2019artiste allemand Bruno Feger, peut-on lire dans un communiqu\u00e9. Sans oublier les <strong>105 places de stationnement<\/strong>.<\/p>\n<p class=\" wall-content\">S\u2019agissant des caract\u00e9ristiques, il s\u2019agit d\u2019un b\u00e2timent \u00e0 <strong>ossature bois\/b\u00e9ton avec une isolation par l\u2019ext\u00e9rieur<\/strong> pour \u00ab\u00a0atteindre le niveau de performance \u00e9nerg\u00e9tique BEPOS Effinergie 2017\u00a0\u00bb. Le rev\u00eatement des fa\u00e7ades est en bardage bois pr\u00e9-gris\u00e9 en usine.<\/p>\n<p>La construction de Key Garden \u00e0 Nancy a co\u00fbt\u00e9 20 millions d\u2019euros<\/p>\n<p class=\" wall-content\">On note \u00e9galement la pr\u00e9sence de <strong>larges balcons, loggias, terrasses et jardins privatifs<\/strong>. Des occultations par brises soleils orientables ou stores screen ont par ailleurs \u00e9t\u00e9 install\u00e9s.<\/p>\n<p>Votre r\u00e9gion, votre actu !<\/p>\n<p>Recevez chaque jour les infos qui comptent pour vous.<\/p>\n<p>\t<a href=\"https:\/\/actu.fr\/newsletter\" class=\"ac-btn ac-btn--corner ac-btn--medium ac-btn--blue800\" target=\"_blank\" rel=\"noopener\">S&rsquo;incrire<\/a><\/p>\n<blockquote class=\"ac-article-quote wall-content\">\n<p>Une tr\u00e8s large majorit\u00e9 des appartements sont traversants ou bi-orient\u00e9s (41\u2009% pour les T1\/T2 et 92\u2009% pour les T3 et plus).\n<\/p>\n<p>    <strong>Nouvel Habitat<\/strong>\n            <\/p><\/blockquote>\n<p class=\" wall-content\">Montant des op\u00e9rations pour la construction : <strong>20 millions d\u2019euros<\/strong>.<\/p>\n<p class=\" wall-content\">Personnalisez votre actualit\u00e9 en ajoutant vos villes et m\u00e9dias en favori avec <a href=\"https:\/\/moncompte.actu.fr\" title=\"D\u00e9couvez Mon Actu\" rel=\"nofollow noopener\" data-trk=\"{&quot;cta&quot;:{&quot;action&quot;:&quot;https:\\\/\\\/moncompte.actu.fr&quot;,&quot;category&quot;:&quot;mon compte&quot;,&quot;from&quot;:&quot;article footer&quot;,&quot;name&quot;:&quot;Mon actu&quot;,&quot;type&quot;:&quot;cta&quot;}}\" target=\"_blank\">Mon Actu<\/a>.<\/p>\n","protected":false},"excerpt":{"rendered":"Par Amandine Mehl Publi\u00e9 le 14 sept. 2025 \u00e0 18h02 Apr\u00e8s trois ann\u00e9es de travaux, Key Garden, une&hellip;\n","protected":false},"author":2,"featured_media":390992,"comment_status":"","ping_status":"","sticky":false,"template":"","format":"standard","meta":{"footnotes":""},"categories":[9635],"tags":[1111,11,1777,674,1011,27,775,1116,1908,1702,12,25,104,1352],"class_list":{"0":"post-390991","1":"post","2":"type-post","3":"status-publish","4":"format-standard","5":"has-post-thumbnail","7":"category-nancy","8":"tag-actu","9":"tag-actualites","10":"tag-eu","11":"tag-europe","12":"tag-fr","13":"tag-france","14":"tag-grand-est","15":"tag-immobilier","16":"tag-logement","17":"tag-nancy","18":"tag-news","19":"tag-republique-francaise","20":"tag-societe","21":"tag-urbanisme"},"share_on_mastodon":{"url":"https:\/\/pubeurope.com\/@fr\/115204479059811626","error":""},"_links":{"self":[{"href":"https:\/\/www.europesays.com\/fr\/wp-json\/wp\/v2\/posts\/390991","targetHints":{"allow":["GET"]}}],"collection":[{"href":"https:\/\/www.europesays.com\/fr\/wp-json\/wp\/v2\/posts"}],"about":[{"href":"https:\/\/www.europesays.com\/fr\/wp-json\/wp\/v2\/types\/post"}],"author":[{"embeddable":true,"href":"https:\/\/www.europesays.com\/fr\/wp-json\/wp\/v2\/users\/2"}],"replies":[{"embeddable":true,"href":"https:\/\/www.europesays.com\/fr\/wp-json\/wp\/v2\/comments?post=390991"}],"version-history":[{"count":0,"href":"https:\/\/www.europesays.com\/fr\/wp-json\/wp\/v2\/posts\/390991\/revisions"}],"wp:featuredmedia":[{"embeddable":true,"href":"https:\/\/www.europesays.com\/fr\/wp-json\/wp\/v2\/media\/390992"}],"wp:attachment":[{"href":"https:\/\/www.europesays.com\/fr\/wp-json\/wp\/v2\/media?parent=390991"}],"wp:term":[{"taxonomy":"category","embeddable":true,"href":"https:\/\/www.europesays.com\/fr\/wp-json\/wp\/v2\/categories?post=390991"},{"taxonomy":"post_tag","embeddable":true,"href":"https:\/\/www.europesays.com\/fr\/wp-json\/wp\/v2\/tags?post=390991"}],"curies":[{"name":"wp","href":"https:\/\/api.w.org\/{rel}","templated":true}]}}