{"id":390998,"date":"2025-09-14T20:16:23","date_gmt":"2025-09-14T20:16:23","guid":{"rendered":"https:\/\/www.europesays.com\/fr\/390998\/"},"modified":"2025-09-14T20:16:23","modified_gmt":"2025-09-14T20:16:23","slug":"leco-campus-anima-a-108-me-se-construit-a-cambaceres-pour-2027","status":"publish","type":"post","link":"https:\/\/www.europesays.com\/fr\/390998\/","title":{"rendered":"l\u2019\u00e9co-campus Anima \u00e0 108 M\u20ac se construit \u00e0 Cambac\u00e9r\u00e8s pour 2027"},"content":{"rendered":"<p>R\u00e9unir l\u2019\u00e9cole de commerce Montpellier Business School, le si\u00e8ge h\u00e9raultais de la CCI H\u00e9rault, l\u2019antenne montpelli\u00e9raine de la CCI Occitanie, et\u00a0le si\u00e8ge r\u00e9gional de Purple Campus en un seul lieu\u00a0: voil\u00e0 la promesse du projet Anima. Sept mois apr\u00e8s la pose de la premi\u00e8re pierre de l\u2019\u00e9co-campus Anima, dans le quartier Cambac\u00e9r\u00e8s (Montpellier), le pr\u00e9fet de l\u2019H\u00e9rault, Fran\u00e7ois-Xavier Lauch, a visit\u00e9 le chantier ce 9\u00a0septembre. L\u2019occasion pour Andr\u00e9 Deljarry, pr\u00e9sident de la CCI H\u00e9rault, d\u2019effectuer un point d\u2019\u00e9tape de ce projet \u00e0 108 millions d\u2019euros. \u00ab\u00a0L\u2019id\u00e9e principale de ce campus, c\u2019est d\u2019avoir les personnes form\u00e9es et les chefs d\u2019entreprises sous un m\u00eame toit. Ce projet servira \u00e0 plus de 5000 usagers.\u00a0\u00bb<\/p>\n<p>Au total, trois b\u00e2timents cumulant plus de 55.000 m\u00b2\u00a0de surface plancher sortent de terre, r\u00e9partis sur sept \u00e9tages. Livraison pr\u00e9vue \u00ab\u00a0entre mars et avril 2027\u00a0\u00bb, estime le patron de la CCI H\u00e9rault. La ma\u00eetrise d\u2019ouvrage est assur\u00e9e par une soci\u00e9t\u00e9 en commandite par actions (SCA) compos\u00e9e de MBS, Purple Campus, la CCI H\u00e9rault et la CCI Occitanie. Le site comprendra \u00e9galement 320 places de parkings sur deux niveaux souterrains. Le projet a \u00e9t\u00e9 labellis\u00e9 B\u00e2timent Durable Occitanie.<\/p>\n<p>Un futur poumon \u00e9conomique d\u2019un quartier en devenir<\/p>\n<p>Au niveau du co\u00fbt du projet, le foncier a co\u00fbt\u00e9 4,3 millions d\u2019euros (7500 m\u00b2), pour 5,3 millions d\u2019euros d\u2019\u00e9tudes,\u00a0et\u00a0le projet, guid\u00e9 par un contrat de promotion immobili\u00e8re, englobe 90,8 millions d\u2019euros de d\u00e9penses (honoraires, travaux, assurances\u2026). Ce projet de campus b\u00e9n\u00e9ficie de 17,05 millions d\u2019euros de subventions de la R\u00e9gion (10,65 millions pour MBS, 6,4 millions pour Purple Campus). Le campus sera bient\u00f4t long\u00e9 par l\u2019extension de la ligne 1 de tramway.<\/p>\n<p>\u00c0 noter que ce chantier arrive \u00e9galement comme une bouff\u00e9e d\u2019oxyg\u00e8ne pour la fili\u00e8re du b\u00e2timent. \u00ab\u00a0Environ une centaine de personnes travaillent ici chaque jour, et on monte \u00e0 200 par moments. Eiffage est pr\u00e9sent, et sera rejoint par de nouvelles entreprises\u00a0\u00bb, souligne Fran\u00e7ois-Xavier Lauch.<br class=\"autobr\"\/><br \/>\nNon loin de l\u00e0, d\u2019autres b\u00e2timents sortent de terre, face au lyc\u00e9e Pierre Mend\u00e8s-France. La construction de la Halle Nova, un immeuble de bureaux. \u00ab\u00a0Cette zone constituera un v\u00e9ritable \u00e9cosyst\u00e8me \u00e9conomique. Ce sera l\u2019une des places fortes de l\u2019\u00e9conomie de demain dans la r\u00e9gion\u00a0\u00bb, se f\u00e9licite Mohamed Afennich, directeur g\u00e9n\u00e9ral de la CCI H\u00e9rault.<br class=\"autobr\"\/><br \/>\nJules Mestre<\/p>\n<p>Sur la photo\u00a0: Fran\u00e7ois-Xavier Lauch, aux c\u00f4t\u00e9s d\u2019Andr\u00e9 Deljarry, au moment de la visite du chantier, ce 9\u00a0septembre. Cr\u00e9dit\u00a0: DR.<\/p>\n","protected":false},"excerpt":{"rendered":"R\u00e9unir l\u2019\u00e9cole de commerce Montpellier Business School, le si\u00e8ge h\u00e9raultais de la CCI H\u00e9rault, l\u2019antenne montpelli\u00e9raine de la&hellip;\n","protected":false},"author":2,"featured_media":390999,"comment_status":"","ping_status":"","sticky":false,"template":"","format":"standard","meta":{"footnotes":""},"categories":[9599],"tags":[1111,11,4807,52321,1777,674,1011,27,2208,52320,12,2680,52322,25],"class_list":{"0":"post-390998","1":"post","2":"type-post","3":"status-publish","4":"format-standard","5":"has-post-thumbnail","7":"category-montpellier","8":"tag-actu","9":"tag-actualites","10":"tag-batiment","11":"tag-chambre-de-commerce-et-dindustrie-de-lherault","12":"tag-eu","13":"tag-europe","14":"tag-fr","15":"tag-france","16":"tag-montpellier","17":"tag-montpellier-business-school","18":"tag-news","19":"tag-occitanie","20":"tag-purple-campus","21":"tag-republique-francaise"},"share_on_mastodon":{"url":"https:\/\/pubeurope.com\/@fr\/115204494871919718","error":""},"_links":{"self":[{"href":"https:\/\/www.europesays.com\/fr\/wp-json\/wp\/v2\/posts\/390998","targetHints":{"allow":["GET"]}}],"collection":[{"href":"https:\/\/www.europesays.com\/fr\/wp-json\/wp\/v2\/posts"}],"about":[{"href":"https:\/\/www.europesays.com\/fr\/wp-json\/wp\/v2\/types\/post"}],"author":[{"embeddable":true,"href":"https:\/\/www.europesays.com\/fr\/wp-json\/wp\/v2\/users\/2"}],"replies":[{"embeddable":true,"href":"https:\/\/www.europesays.com\/fr\/wp-json\/wp\/v2\/comments?post=390998"}],"version-history":[{"count":0,"href":"https:\/\/www.europesays.com\/fr\/wp-json\/wp\/v2\/posts\/390998\/revisions"}],"wp:featuredmedia":[{"embeddable":true,"href":"https:\/\/www.europesays.com\/fr\/wp-json\/wp\/v2\/media\/390999"}],"wp:attachment":[{"href":"https:\/\/www.europesays.com\/fr\/wp-json\/wp\/v2\/media?parent=390998"}],"wp:term":[{"taxonomy":"category","embeddable":true,"href":"https:\/\/www.europesays.com\/fr\/wp-json\/wp\/v2\/categories?post=390998"},{"taxonomy":"post_tag","embeddable":true,"href":"https:\/\/www.europesays.com\/fr\/wp-json\/wp\/v2\/tags?post=390998"}],"curies":[{"name":"wp","href":"https:\/\/api.w.org\/{rel}","templated":true}]}}