{"id":391009,"date":"2025-09-14T20:25:23","date_gmt":"2025-09-14T20:25:23","guid":{"rendered":"https:\/\/www.europesays.com\/fr\/391009\/"},"modified":"2025-09-14T20:25:23","modified_gmt":"2025-09-14T20:25:23","slug":"on-ne-realise-pas-de-lavoir-vu-jouer-ici-stan-wawrinka-a-seduit-le-public-de-lopen-blot-de-rennes","status":"publish","type":"post","link":"https:\/\/www.europesays.com\/fr\/391009\/","title":{"rendered":"\u00ab\u00a0On ne r\u00e9alise pas de l\u2019avoir vu jouer ici\u00a0\u00bb\u00a0: Stan Wawrinka a s\u00e9duit le public de l\u2019Open Blot de Rennes"},"content":{"rendered":"<p>Open Blot de Rennes<\/p>\n<p>C\u2019est l\u2019histoire d\u2019une rencontre inattendue, entre l\u2019un des plus grands tennismen de l\u2019histoire (trois Grand Chelem au palmar\u00e8s) et un tournoi breton qui ne cesse de grandir. \u00c0 son arriv\u00e9e \u00e0 Rennes, en fin de semaine derni\u00e8re, le public breton n\u2019attendait que lui.<\/p>\n<p>Le rendez-vous \u00e9tait fix\u00e9 mardi soir pour son entr\u00e9e en lice sur le court central du Libert\u00e9. En conf\u00e9rence de presse, <a href=\"https:\/\/www.letelegramme.fr\/sports\/tennis\/un-plaisir-de-jouer-dans-de-telles-conditions-dans-une-salle-acquise-a-sa-cause-stan-wawrinka-fait-le-show-a-lopen-blot-de-rennes-6887692.php\" target=\"_blank\" rel=\"nofollow noopener\">le Suisse Stan Wawrinka avait confi\u00e9 son envie de briller et de bien jouer<\/a> dans ce tournoi qu\u2019il d\u00e9couvrait gr\u00e2ce \u00e0 Nicolas Mahut, directeur sportif du tournoi. Depuis, c\u2019est une v\u00e9ritable idylle entre le vainqueur de Roland-Garros 2015 et le public rennais. Tribunes pleines \u00e0 craquer tout au long de ses cinq matchs avant une finale bond\u00e9e, o\u00f9 beaucoup pr\u00e9f\u00e9raient rester debout plut\u00f4t que de rater une occasion de voir le Suisse \u00e0 l\u2019\u0153uvre sur le court central.<\/p>\n<p>Une attitude irr\u00e9prochable<\/p>\n<p>Tel un grand cru, Wawrinka a donn\u00e9 l\u2019impression de se bonifier encore et toujours. Comp\u00e9titeur irr\u00e9prochable sur le terrain, accessible avec le public, encore plus avec les ramasseurs et les membres de l\u2019organisation en coulisses\u2026 Stan Wawrinka aura \u00e9t\u00e9 le v\u00e9ritable coup de c\u0153ur de cette 19e \u00e9dition ! \u00ab J\u2019ai pass\u00e9 une superbe semaine ici, tout est fait pour que les joueurs se sentent le mieux possible ! L\u2019ambiance a \u00e9t\u00e9 exceptionnelle toute la semaine et je suis tr\u00e8s heureux d\u2019avoir pris la d\u00e9cision de venir jouer ici. \u00bb<\/p>\n<p><img decoding=\"async\" src=\"https:\/\/www.europesays.com\/fr\/wp-content\/uploads\/2025\/09\/68c713b1568658ccb5055d83.1.jpeg\" width=\"480\" height=\"300\" class=\"web_golden_m\" loading=\"lazy\" alt=\"Hugo Gaston a remport\u00e9 l\u2019\u00e9dition 2025 de l\u2019Open Blot de Rennes.\"\/>Hugo Gaston a remport\u00e9 l\u2019\u00e9dition 2025 de l\u2019Open Blot de Rennes. (Photo Benjamin Croizet)<\/p>\n<p>Sur le terrain, c\u2019est toutefois le Fran\u00e7ais Hugo Gaston qui s\u2019est adjug\u00e9 la finale, dimanche. Comme \u00e0 Roland-Garros en 2020 dans un match entr\u00e9 dans l\u2019Histoire, le Fran\u00e7ais a pris le dessus sur le Suisse en deux manches (6-4, 6-4). Globalement plus solide, le Tricolore remporte \u00e0 Rennes un nouveau titre en Challenger et se replace au 106e rang mondial, relan\u00e7ant ainsi ses chances de qualification directe pour l\u2019Open d\u2019Australie.<\/p>\n<p>Tel un flirt de fin d\u2019\u00e9t\u00e9, on ne sait pas si les chemins de Stan Wawrinka et de l\u2019Open de Rennes se croiseront de nouveau. Mais une chose est d\u00e9sormais act\u00e9e : Stan Wawrinka aura toujours une place \u00e0 part dans le c\u0153ur du public breton. \u00ab Son revers nous avait fait r\u00eaver face \u00e0 Djokovic en finale de Roland-Garros 2015, et on ne r\u00e9alise pas forc\u00e9ment de l\u2019avoir vu jouer ici, \u00e0 Rennes \u00bb, confiaient ainsi Agn\u00e8s et Xavier, deux Rennais pr\u00e9sents en tribunes dimanche.<\/p>\n<p class=\"titre-tech\">Les r\u00e9sultats<\/p>\n<p class=\"tech\"><strong class=\"tech\">Finale simple messieurs<\/strong> : Hugo Gaston (FRA\/N.1) bat Stan Wawrinka (SUI\/N.2) : 6-4, 6-4.<\/p>\n<p class=\"tech\"><strong class=\"tech\">Finale double messieurs<\/strong> : Vocel\/Niklas-Salminen battent Olivetti\/Jebens : 6\/3, 6\/3.<\/p>\n","protected":false},"excerpt":{"rendered":"Open Blot de Rennes C\u2019est l\u2019histoire d\u2019une rencontre inattendue, entre l\u2019un des plus grands tennismen de l\u2019histoire (trois&hellip;\n","protected":false},"author":2,"featured_media":391010,"comment_status":"","ping_status":"","sticky":false,"template":"","format":"standard","meta":{"footnotes":""},"categories":[2821],"tags":[1111,11,829,1777,674,1011,27,12,40943,584,25,60,1467],"class_list":{"0":"post-391009","1":"post","2":"type-post","3":"status-publish","4":"format-standard","5":"has-post-thumbnail","7":"category-rennes","8":"tag-actu","9":"tag-actualites","10":"tag-bretagne","11":"tag-eu","12":"tag-europe","13":"tag-fr","14":"tag-france","15":"tag-news","16":"tag-open-blot-de-rennes","17":"tag-rennes","18":"tag-republique-francaise","19":"tag-sports","20":"tag-tennis"},"share_on_mastodon":{"url":"https:\/\/pubeurope.com\/@fr\/115204530772944024","error":""},"_links":{"self":[{"href":"https:\/\/www.europesays.com\/fr\/wp-json\/wp\/v2\/posts\/391009","targetHints":{"allow":["GET"]}}],"collection":[{"href":"https:\/\/www.europesays.com\/fr\/wp-json\/wp\/v2\/posts"}],"about":[{"href":"https:\/\/www.europesays.com\/fr\/wp-json\/wp\/v2\/types\/post"}],"author":[{"embeddable":true,"href":"https:\/\/www.europesays.com\/fr\/wp-json\/wp\/v2\/users\/2"}],"replies":[{"embeddable":true,"href":"https:\/\/www.europesays.com\/fr\/wp-json\/wp\/v2\/comments?post=391009"}],"version-history":[{"count":0,"href":"https:\/\/www.europesays.com\/fr\/wp-json\/wp\/v2\/posts\/391009\/revisions"}],"wp:featuredmedia":[{"embeddable":true,"href":"https:\/\/www.europesays.com\/fr\/wp-json\/wp\/v2\/media\/391010"}],"wp:attachment":[{"href":"https:\/\/www.europesays.com\/fr\/wp-json\/wp\/v2\/media?parent=391009"}],"wp:term":[{"taxonomy":"category","embeddable":true,"href":"https:\/\/www.europesays.com\/fr\/wp-json\/wp\/v2\/categories?post=391009"},{"taxonomy":"post_tag","embeddable":true,"href":"https:\/\/www.europesays.com\/fr\/wp-json\/wp\/v2\/tags?post=391009"}],"curies":[{"name":"wp","href":"https:\/\/api.w.org\/{rel}","templated":true}]}}