{"id":391021,"date":"2025-09-14T20:31:23","date_gmt":"2025-09-14T20:31:23","guid":{"rendered":"https:\/\/www.europesays.com\/fr\/391021\/"},"modified":"2025-09-14T20:31:23","modified_gmt":"2025-09-14T20:31:23","slug":"handball-le-hbc-nantes-comme-un-grand-face-a-toulouse-sport","status":"publish","type":"post","link":"https:\/\/www.europesays.com\/fr\/391021\/","title":{"rendered":"Handball. Le HBC Nantes comme un grand face \u00e0 Toulouse . Sport"},"content":{"rendered":"<p><a href=\"https:\/\/nantes.maville.com\/sport\/detail_-handball.-hbc-nantes-gael-pelletier-monte-le-ton.-les-mecs-il-va-falloir-prouver-quand-meme-_8-6974587_actu.Htm\" target=\"_blank\" rel=\"noopener\">Le HBC Nantes<\/a> \u00e9tait attendu au tournant. Il a r\u00e9pondu pr\u00e9sent. \u00c0 l\u2019image de sa d\u00e9fense qui a su monter les rangs de parpaings pour rejoindre les vestiaires \u00e0 la mi-temps avec seulement neuf buts encaiss\u00e9s. Le retour du patron, Thibaud Briet, a fait le plus grand bien. Associ\u00e9 \u00e0 Gaber, puis Yoshida, l\u2019international fran\u00e7ais a offert \u00e0 l\u2019ensemble nantais plus de mobilit\u00e9, d\u2019agressivit\u00e9, de dissuasion. En fait, les Nantais auraient d\u00fb rejoindre les vestiaires au repos avec un avantage plus cons\u00e9quent mais deux shoots hors cadre dans une cage vide, un face-\u00e0-face manqu\u00e9 de Briet face \u00e0 Lettens et un jet de sept m\u00e8tres de Leopold stopp\u00e9 ont contrari\u00e9 les desseins nantais (13-9). C\u2019\u00e9tait seulement partie remise. Les Nantais sont revenus avec les m\u00eames intentions d\u00e9fensives et ont converti gr\u00e2ce \u00e0 Ian Tarrafeta, signant au passage un 3-0 (16-9 \u00e0 la 35\u2019). Devant sa tablette, s\u2019il a pu regarder le match, <a href=\"https:\/\/nantes.maville.com\/sport\/detail_-handball.-le-coach-du-hbc-nantes-gregory-cojean-pas-sur-le-banc-contre-toulouse-_8-6975028_actu.Htm\" target=\"_blank\" rel=\"noopener\">Gr\u00e9gory Cojean<\/a> qui ne se trouvait pas sa place sur le banc puisqu\u2019hospitalis\u00e9 en d\u00e9but d\u2019apr\u00e8s-midi pour un accident domestique, a d\u00fb appr\u00e9cier.<\/p>\n<p>Les Nantais avaient la pression, leur pr\u00e9sident, Ga\u00ebl Pelletier, ne s\u2019\u00e9tait pas g\u00ean\u00e9 pour livrer le fond de sa pens\u00e9e, ils ont r\u00e9pondu pr\u00e9sents. En tout cas, Dimitri Fleurance a bien assur\u00e9 l\u2019int\u00e9rim.<\/p>\n<p>\u00a0<\/p>\n","protected":false},"excerpt":{"rendered":"Le HBC Nantes \u00e9tait attendu au tournant. Il a r\u00e9pondu pr\u00e9sent. \u00c0 l\u2019image de sa d\u00e9fense qui a&hellip;\n","protected":false},"author":2,"featured_media":391022,"comment_status":"","ping_status":"","sticky":false,"template":"","format":"standard","meta":{"footnotes":""},"categories":[2818],"tags":[1111,11,3809,1465,1777,674,63,1011,27,1792,1922,766,12,2636,25,479,3272,517,1470],"class_list":{"0":"post-391021","1":"post","2":"type-post","3":"status-publish","4":"format-standard","5":"has-post-thumbnail","7":"category-nantes","8":"tag-actu","9":"tag-actualites","10":"tag-ball","11":"tag-basket","12":"tag-eu","13":"tag-europe","14":"tag-football","15":"tag-fr","16":"tag-france","17":"tag-handball","18":"tag-info","19":"tag-nantes","20":"tag-news","21":"tag-pays-de-la-loire","22":"tag-republique-francaise","23":"tag-rugby","24":"tag-saint-nazaire","25":"tag-sport","26":"tag-volley"},"share_on_mastodon":{"url":"https:\/\/pubeurope.com\/@fr\/115204553663403777","error":""},"_links":{"self":[{"href":"https:\/\/www.europesays.com\/fr\/wp-json\/wp\/v2\/posts\/391021","targetHints":{"allow":["GET"]}}],"collection":[{"href":"https:\/\/www.europesays.com\/fr\/wp-json\/wp\/v2\/posts"}],"about":[{"href":"https:\/\/www.europesays.com\/fr\/wp-json\/wp\/v2\/types\/post"}],"author":[{"embeddable":true,"href":"https:\/\/www.europesays.com\/fr\/wp-json\/wp\/v2\/users\/2"}],"replies":[{"embeddable":true,"href":"https:\/\/www.europesays.com\/fr\/wp-json\/wp\/v2\/comments?post=391021"}],"version-history":[{"count":0,"href":"https:\/\/www.europesays.com\/fr\/wp-json\/wp\/v2\/posts\/391021\/revisions"}],"wp:featuredmedia":[{"embeddable":true,"href":"https:\/\/www.europesays.com\/fr\/wp-json\/wp\/v2\/media\/391022"}],"wp:attachment":[{"href":"https:\/\/www.europesays.com\/fr\/wp-json\/wp\/v2\/media?parent=391021"}],"wp:term":[{"taxonomy":"category","embeddable":true,"href":"https:\/\/www.europesays.com\/fr\/wp-json\/wp\/v2\/categories?post=391021"},{"taxonomy":"post_tag","embeddable":true,"href":"https:\/\/www.europesays.com\/fr\/wp-json\/wp\/v2\/tags?post=391021"}],"curies":[{"name":"wp","href":"https:\/\/api.w.org\/{rel}","templated":true}]}}