{"id":391037,"date":"2025-09-14T20:40:28","date_gmt":"2025-09-14T20:40:28","guid":{"rendered":"https:\/\/www.europesays.com\/fr\/391037\/"},"modified":"2025-09-14T20:40:28","modified_gmt":"2025-09-14T20:40:28","slug":"une-conductrice-de-21-ans-heliportee-apres-un-grave-accident","status":"publish","type":"post","link":"https:\/\/www.europesays.com\/fr\/391037\/","title":{"rendered":"une conductrice de 21 ans h\u00e9liport\u00e9e apr\u00e8s un grave accident"},"content":{"rendered":"<p itemprop=\"description\"><strong>Une perte de contr\u00f4le qui a n\u00e9cessit\u00e9 un impressionnant d\u00e9ploiement de secours.<\/strong><\/p>\n<p>Un grave accident de la circulation s\u2019est produit ce dimanche 14 septembre en fin de matin\u00e9e sur la route d\u00e9partementale 318, \u00e0 hauteur de Saint-Pierre-de-Chandieu, pr\u00e8s du rond-point du chemin de la Madone.<\/p>\n<p>Une automobiliste de 21 ans, seule \u00e0 bord de son v\u00e9hicule, circulait en direction de Saint-Priest lorsqu\u2019elle a perdu le contr\u00f4le, rapporte le progr\u00e8s. \u00a0Sa voiture est venue percuter un pyl\u00f4ne \u00e9lectrique.<\/p>\n<p>D\u00e9sincarc\u00e9r\u00e9e par les sapeurs-pompiers, la victime a \u00e9t\u00e9 transport\u00e9e par h\u00e9licopt\u00e8re de la s\u00e9curit\u00e9 civile vers un h\u00f4pital lyonnais. La circulation a \u00e9t\u00e9 r\u00e9duite \u00e0 une seule voie avant un retour \u00e0 la normale vers midi.<\/p>\n<p>Une vingtaine de pompiers ont \u00e9t\u00e9 mobilis\u00e9s, aux c\u00f4t\u00e9s de la gendarmerie de Saint-Laurent-de-Mure et de la police municipale de Mions. Les services d\u2019Enedis sont \u00e9galement intervenus pour s\u00e9curiser le r\u00e9seau \u00e9lectrique.<\/p>\n","protected":false},"excerpt":{"rendered":"Une perte de contr\u00f4le qui a n\u00e9cessit\u00e9 un impressionnant d\u00e9ploiement de secours. Un grave accident de la circulation&hellip;\n","protected":false},"author":2,"featured_media":391038,"comment_status":"","ping_status":"","sticky":false,"template":"","format":"standard","meta":{"footnotes":""},"categories":[1889],"tags":[1111,11,2813,2190,2430,1109,251,1112,2811,1777,674,118,1011,27,1922,1110,1114,2428,2810,12,241,316,25,2812,517,800],"class_list":{"0":"post-391037","1":"post","2":"type-post","3":"status-publish","4":"format-standard","5":"has-post-thumbnail","7":"category-lyon","8":"tag-actu","9":"tag-actualites","10":"tag-article","11":"tag-asvel","12":"tag-auvergne-rhone-alpes","13":"tag-breves","14":"tag-culture","15":"tag-depeches","16":"tag-economique","17":"tag-eu","18":"tag-europe","19":"tag-faits-divers","20":"tag-fr","21":"tag-france","22":"tag-info","23":"tag-informations","24":"tag-infos","25":"tag-lyon","26":"tag-lyonmag","27":"tag-news","28":"tag-ol","29":"tag-politique","30":"tag-republique-francaise","31":"tag-sociale","32":"tag-sport","33":"tag-transports"},"share_on_mastodon":{"url":"https:\/\/pubeurope.com\/@fr\/115204589289609392","error":""},"_links":{"self":[{"href":"https:\/\/www.europesays.com\/fr\/wp-json\/wp\/v2\/posts\/391037","targetHints":{"allow":["GET"]}}],"collection":[{"href":"https:\/\/www.europesays.com\/fr\/wp-json\/wp\/v2\/posts"}],"about":[{"href":"https:\/\/www.europesays.com\/fr\/wp-json\/wp\/v2\/types\/post"}],"author":[{"embeddable":true,"href":"https:\/\/www.europesays.com\/fr\/wp-json\/wp\/v2\/users\/2"}],"replies":[{"embeddable":true,"href":"https:\/\/www.europesays.com\/fr\/wp-json\/wp\/v2\/comments?post=391037"}],"version-history":[{"count":0,"href":"https:\/\/www.europesays.com\/fr\/wp-json\/wp\/v2\/posts\/391037\/revisions"}],"wp:featuredmedia":[{"embeddable":true,"href":"https:\/\/www.europesays.com\/fr\/wp-json\/wp\/v2\/media\/391038"}],"wp:attachment":[{"href":"https:\/\/www.europesays.com\/fr\/wp-json\/wp\/v2\/media?parent=391037"}],"wp:term":[{"taxonomy":"category","embeddable":true,"href":"https:\/\/www.europesays.com\/fr\/wp-json\/wp\/v2\/categories?post=391037"},{"taxonomy":"post_tag","embeddable":true,"href":"https:\/\/www.europesays.com\/fr\/wp-json\/wp\/v2\/tags?post=391037"}],"curies":[{"name":"wp","href":"https:\/\/api.w.org\/{rel}","templated":true}]}}