{"id":391051,"date":"2025-09-14T20:49:12","date_gmt":"2025-09-14T20:49:12","guid":{"rendered":"https:\/\/www.europesays.com\/fr\/391051\/"},"modified":"2025-09-14T20:49:12","modified_gmt":"2025-09-14T20:49:12","slug":"le-reste-des-infos-autour-des-girondins-kamano-en-russie-tchouameni-et-alonso-vipotnik-buteur-weissbeck-buteur-et-expulse-delaurier-chaubet-buteur-vetro-passeur","status":"publish","type":"post","link":"https:\/\/www.europesays.com\/fr\/391051\/","title":{"rendered":"Le reste des infos autour des Girondins (Kamano en Russie, Tchouam\u00e9ni et Alonso, Vipotnik buteur, Weissbeck buteur et expuls\u00e9, Delaurier-Chaubet buteur, V\u00e9tro passeur&#8230;)"},"content":{"rendered":"<p><img width=\"773\" height=\"380\" data-lazy-type=\"image\" src=\"https:\/\/www.europesays.com\/fr\/wp-content\/uploads\/2025\/09\/Icon_DEL_081119_11_19-773x380.jpg\" class=\"lazy lazy-hidden attachment-alchemists_thumbnail-lg size-alchemists_thumbnail-lg wp-post-image\" alt=\"\" decoding=\"async\" fetchpriority=\"high\"\/><\/p>\n<p>(Photo by Pascal Della Zuana\/Icon<br \/>\nSport)<\/p>\n<p>Vous avez pu suivre toutes les informations et r\u00e9actions<br \/>\nconcernant les Girondins de Bordeaux aujourd\u2019hui, mais il y a eu<br \/>\nplusieurs petites informations que nous n\u2019avons pas pu traiter.<br \/>\nNous allons vous faire un r\u00e9capitulatif de cette actualit\u00e9 \u00ab autour<br \/>\ndes Girondins \u00bb.<\/p>\n<p>Fran\u00e7ois Kamano en Russie<\/p>\n<p>Libre de tout contrat, l\u2019ancien ailier des Girondins de<br \/>\nBordeaux, <strong>Fran\u00e7ois Kamano<\/strong>, s\u2019est engag\u00e9 avec le FC<br \/>\nSotchi, club \u00e9voluant en premi\u00e8re division de Russie.<br \/>\nL\u2019ex-bordelais a paraph\u00e9 un contrat courant jusqu\u2019\u00e0 la fin de la<br \/>\nsaison 2025-2026.<\/p>\n<p style=\"text-align: center;\"><img loading=\"lazy\" decoding=\"async\" class=\"lazy lazy-hidden\" data-lazy-type=\"image\" src=\"https:\/\/www.europesays.com\/fr\/wp-content\/uploads\/2025\/09\/G0p1R0aXgAAwYao\" alt=\"Image\" width=\"379\" height=\"461\"\/><\/p>\n<p>Aur\u00e9lien Tchouam\u00e9ni et Xabi<br \/>\nAlonso<\/p>\n<p>Lors de son passage \u00e0 Artigues, <strong>Aur\u00e9lien<br \/>\nTchouam\u00e9ni<\/strong> s\u2019est confi\u00e9 \u00e0 <a href=\"https:\/\/www.marca.com\/futbol\/real-madrid\/2025\/09\/10\/tchouameni-feliz-xabi.html\" rel=\"nofollow noopener\" target=\"_blank\"><br \/>\nMarca<\/a> sur son entent avec le nouvel entraineur du Real Madrid,<br \/>\n<strong>Xabi Alonso<\/strong>.<\/p>\n<blockquote>\n<p>\u00ab Je suis content de lui, pour \u00eatre honn\u00eate. C\u2019est vrai que \u00e7a<br \/>\nse passe bien pour moi avec le coach et qu\u2019il a de nouvelles id\u00e9es<br \/>\npour moi et l\u2019\u00e9quipe, mais je pense que \u00e7a va beaucoup mieux pour<br \/>\nmoi depuis d\u00e9but 2025, et je me sentais d\u00e9j\u00e0 bien sous Carlo. Quoi<br \/>\nqu\u2019il en soit, l\u2019id\u00e9e maintenant est de me concentrer sur chaque<br \/>\nmatch, d\u2019aider mes co\u00e9quipiers et de continuer \u00e0 progresser [\u2026] Il<br \/>\ny a des diff\u00e9rences entre Carlo et Xabi, c\u2019est normal, chacun a sa<br \/>\npropre id\u00e9e et son propre style, mais ce sont deux grands<br \/>\nentra\u00eeneurs\u00a0. \u00bb<\/p>\n<\/blockquote>\n<p>Zan Vipotnik buteur<\/p>\n<p>Buteur la semaine derni\u00e8re en \u00e9quipe nationale de Slov\u00e9nie,<br \/>\n<strong>Zan Vipotnik<\/strong> a marqu\u00e9 ce week-end avec son club,<br \/>\nSwansea. Cependant, son \u00e9quipe n\u2019a pu faire mieux que le match nul<br \/>\n\u00e0 domicile face \u00e0 Hull City.<\/p>\n<p>\u00a0<\/p>\n<blockquote class=\"instagram-media\" style=\"background: #FFF; border: 0; border-radius: 3px; box-shadow: 0 0 1px 0 rgba(0,0,0,0.5),0 1px 10px 0 rgba(0,0,0,0.15); margin: 1px; max-width: 540px; min-width: 326px; padding: 0; width: calc(100% - 2px);\" data-instgrm-captioned=\"\" data-instgrm-permalink=\"https:\/\/www.instagram.com\/reel\/DOjV8jIjdeP\/?utm_source=ig_embed&amp;utm_campaign=loading\" data-instgrm-version=\"14\">\n<\/blockquote>\n<p>Ga\u00e9tan Weissbeck buteur et<br \/>\nexclu<\/p>\n<p>L\u2019ancien meneur de jeu bordelais, <strong>Ga\u00e9tan<br \/>\nWeissbeck<\/strong>, a offert la victoire \u00e0 son \u00e9quipe, l\u2019Apollon<br \/>\nLimassol, \u00e0 l\u2019ext\u00e9rieur, \u00e0 Paphos. Malheureusement, il s\u2019est aussi<br \/>\nfait exclure des suites de deux cartons jaunes re\u00e7us.<\/p>\n<p>\u00a0<\/p>\n<blockquote class=\"twitter-tweet\" data-media-max-width=\"560\">\n<p dir=\"ltr\" lang=\"en\">56\u2032 Weissbeck gives Apollon the lead!!<\/p>\n<p>Pafos 0-1 Apollon <a href=\"https:\/\/t.co\/aKQRbm4QTD\" rel=\"nofollow\">pic.twitter.com\/aKQRbm4QTD<\/a><\/p>\n<p>\u2014 THIS IS MAPPA: CYPRUS FOOTBALL PODCAST (@ThisIsMappa) <a href=\"https:\/\/twitter.com\/ThisIsMappa\/status\/1966929963136786546?ref_src=twsrc%5Etfw\" rel=\"nofollow noopener\" target=\"_blank\"><br \/>\nSeptember 13, 2025<\/a><\/p>\n<\/blockquote>\n<p>Logan Delaurier-Chaubet aussi<br \/>\nbuteur<\/p>\n<p>L\u2019ailier droit de KAS Eupen, <strong>Logan<br \/>\nDelaurier-Chaubet<\/strong>, a a inscrit l\u2019un des trois buts de son<br \/>\n\u00e9quipe, lors de la victoire \u00e0 l\u2019ext\u00e9rieur, sur le terrain de Francs<br \/>\nBorains. Le voici ci-dessous.<\/p>\n<p>\u00a0<\/p>\n<blockquote class=\"twitter-tweet\">\n<p dir=\"ltr\" lang=\"es\">| Quel GOLAZO de Logan Delaurier-Chaubet !<br \/>\n<a href=\"https:\/\/twitter.com\/hashtag\/RFBEUP?src=hash&amp;ref_src=twsrc%5Etfw\" rel=\"nofollow noopener\" target=\"_blank\"><br \/>\n#RFBEUP<\/a> <a href=\"https:\/\/t.co\/zsc9Sd6cOD\" rel=\"nofollow\">pic.twitter.com\/zsc9Sd6cOD<\/a><\/p>\n<p>\u2014 DAZN Belgique (@DAZN_BEFR) <a href=\"https:\/\/twitter.com\/DAZN_BEFR\/status\/1966936503373766863?ref_src=twsrc%5Etfw\" rel=\"nofollow noopener\" target=\"_blank\"><br \/>\nSeptember 13, 2025<\/a><\/p>\n<\/blockquote>\n<p>Julien V\u00e9tro passeur d\u00e9cisif<\/p>\n<p>Fraichement arriv\u00e9 \u00e0 Sochaux, <strong>Julien V\u00e9tro<\/strong> a<br \/>\nd\u00e9j\u00e0 \u00e9t\u00e9 d\u00e9cisif, par la passe. Voici ci-dessous sa passe d\u00e9cisive<br \/>\nface \u00e0 Caen (1-1).<\/p>\n<p>\u00a0<\/p>\n<blockquote class=\"twitter-tweet\" data-media-max-width=\"560\">\n<p dir=\"ltr\" lang=\"fr\">Premi\u00e8re entr\u00e9e d\u00e9cisive pour Julien<br \/>Vetro, deuxi\u00e8me but pour Kapit Djoco Sochaux en feu <a href=\"https:\/\/t.co\/KejDrL3IY0\" rel=\"nofollow\">pic.twitter.com\/KejDrL3IY0<\/a><\/p>\n<p>\u2014 foot talent (@talentnationaux) <a href=\"https:\/\/twitter.com\/talentnationaux\/status\/1966934650967953879?ref_src=twsrc%5Etfw\" rel=\"nofollow noopener\" target=\"_blank\"><br \/>\nSeptember 13, 2025<\/a><\/p>\n<\/blockquote>\n<p><script async src=\"https:\/\/platform.twitter.com\/widgets.js\" charset=\"utf-8\"><\/script><script async src=\"\/\/www.instagram.com\/embed.js\"><\/script><\/p>\n","protected":false},"excerpt":{"rendered":"(Photo by Pascal Della Zuana\/Icon Sport) Vous avez pu suivre toutes les informations et r\u00e9actions concernant les Girondins&hellip;\n","protected":false},"author":2,"featured_media":391052,"comment_status":"","ping_status":"","sticky":false,"template":"","format":"standard","meta":{"footnotes":""},"categories":[1591],"tags":[11,1887,12,1885,1886,132],"class_list":{"0":"post-391051","1":"post","2":"type-post","3":"status-publish","4":"format-standard","5":"has-post-thumbnail","7":"category-russie","8":"tag-actualites","9":"tag-federation-de-russie","10":"tag-news","11":"tag-russia","12":"tag-russian-federation","13":"tag-russie"},"share_on_mastodon":{"url":"https:\/\/pubeurope.com\/@fr\/115204624884180006","error":""},"_links":{"self":[{"href":"https:\/\/www.europesays.com\/fr\/wp-json\/wp\/v2\/posts\/391051","targetHints":{"allow":["GET"]}}],"collection":[{"href":"https:\/\/www.europesays.com\/fr\/wp-json\/wp\/v2\/posts"}],"about":[{"href":"https:\/\/www.europesays.com\/fr\/wp-json\/wp\/v2\/types\/post"}],"author":[{"embeddable":true,"href":"https:\/\/www.europesays.com\/fr\/wp-json\/wp\/v2\/users\/2"}],"replies":[{"embeddable":true,"href":"https:\/\/www.europesays.com\/fr\/wp-json\/wp\/v2\/comments?post=391051"}],"version-history":[{"count":0,"href":"https:\/\/www.europesays.com\/fr\/wp-json\/wp\/v2\/posts\/391051\/revisions"}],"wp:featuredmedia":[{"embeddable":true,"href":"https:\/\/www.europesays.com\/fr\/wp-json\/wp\/v2\/media\/391052"}],"wp:attachment":[{"href":"https:\/\/www.europesays.com\/fr\/wp-json\/wp\/v2\/media?parent=391051"}],"wp:term":[{"taxonomy":"category","embeddable":true,"href":"https:\/\/www.europesays.com\/fr\/wp-json\/wp\/v2\/categories?post=391051"},{"taxonomy":"post_tag","embeddable":true,"href":"https:\/\/www.europesays.com\/fr\/wp-json\/wp\/v2\/tags?post=391051"}],"curies":[{"name":"wp","href":"https:\/\/api.w.org\/{rel}","templated":true}]}}