{"id":391062,"date":"2025-09-14T20:55:17","date_gmt":"2025-09-14T20:55:17","guid":{"rendered":"https:\/\/www.europesays.com\/fr\/391062\/"},"modified":"2025-09-14T20:55:17","modified_gmt":"2025-09-14T20:55:17","slug":"linde-et-lue-travaillent-a-un-nouvel-accord-commercial-business-am","status":"publish","type":"post","link":"https:\/\/www.europesays.com\/fr\/391062\/","title":{"rendered":"L&rsquo;Inde et l&rsquo;UE travaillent \u00e0 un nouvel accord commercial &#8211; Business AM"},"content":{"rendered":"<p>                    <img decoding=\"async\" style=\"aspect-ratio:16\/9\" src=\"https:\/\/www.europesays.com\/fr\/wp-content\/uploads\/2025\/09\/Ursula-von-der-Leyen-2025-1.jpg\" width=\"100%\" loading=\"eager\"\/><\/p>\n<p>                            <a href=\"https:\/\/fr.businessam.be\/author\/redactie\/\" class=\"author-thumbnail\" style=\"border: 2px inset #00000099;\" target=\"_blank\" rel=\"noopener\"><img loading=\"lazy\" decoding=\"async\" src=\"https:\/\/www.europesays.com\/fr\/wp-content\/uploads\/2025\/09\/1757883317_887_cropped-favicon-192x192.png\" width=\"80\" height=\"80\" alt=\"Business AM\"\/><\/a>\ue05bpar <a href=\"https:\/\/fr.businessam.be\/author\/redactie\/\" target=\"_blank\" rel=\"noopener\">Business AM<\/a><br \/>\ue010publi\u00e9 le dimanche 14 septembre 2025 \u00e0 21:46 \u2022 <br \/>\ue00c2 min de lecture<\/p>\n<p>Principaux renseignements<\/p>\n<ul class=\"wp-block-list\">\n<li><strong>L\u2019Inde et l\u2019UE n\u00e9gocient actuellement un nouvel accord commercial fond\u00e9 sur la confiance et l\u2019int\u00e9r\u00eat mutuel.<\/strong><\/li>\n<li><strong>Ce partenariat privil\u00e9gie la coop\u00e9ration plut\u00f4t que la concurrence, en mettant l\u2019accent sur des valeurs communes telles que l\u2019\u00e9quit\u00e9, la durabilit\u00e9 et la croissance inclusive.<\/strong><\/li>\n<li><strong>Cet accord pourrait servir de mod\u00e8le g\u00e9opolitique pour tirer parti de la technologie et de l\u2019innovation afin d\u2019\u00e9tendre la pr\u00e9sence sur le march\u00e9 mondial.<\/strong><\/li>\n<\/ul>\n<p>L\u2019Inde et l\u2019Union europ\u00e9enne sont sur le point de renforcer leurs liens \u00e9conomiques par le biais d\u2019un nouvel accord commercial. Cette perspective a \u00e9t\u00e9 soulign\u00e9e par le ministre indien du Commerce, Piyush Goyal, lors de son allocution \u00e0 la session annuelle de l\u2019Association indienne des fabricants de composants automobiles (Automotive Component Manufacturers Association of India). <\/p>\n<p>Goyal a soulign\u00e9 la nature compl\u00e9mentaire des relations entre l\u2019Inde et l\u2019UE et a appel\u00e9 \u00e0 davantage de coop\u00e9ration plut\u00f4t que de concurrence. Il a cit\u00e9 <a href=\"https:\/\/fr.businessam.be\/linde-et-lue-souhaitent-finaliser-laccord-de-libre-echange-cette-annee\/\" target=\"_blank\" rel=\"noopener\">Ursula von der Leyen<\/a>, pr\u00e9sidente de la Commission europ\u00e9enne, qui a d\u00e9crit l\u2019Inde comme un \u00ab\u00a0ami de confiance\u00a0\u00bb dans un monde marqu\u00e9 par d\u2019intenses conflits et rivalit\u00e9s.<\/p>\n<p>Relation compl\u00e9mentaire<\/p>\n<p>Selon Goyal, la relation bilat\u00e9rale va au-del\u00e0 du commerce. L\u2019Inde est consid\u00e9r\u00e9e comme un alli\u00e9 strat\u00e9gique qui partage avec l\u2019UE des valeurs telles que l\u2019\u00e9quit\u00e9, la durabilit\u00e9 et la croissance inclusive. Les n\u00e9gociations relatives \u00e0 l\u2019accord de libre-\u00e9change sont fond\u00e9es sur la confiance et l\u2019int\u00e9r\u00eat mutuel, et visent \u00e0 obtenir des r\u00e9sultats mutuellement avantageux.<\/p>\n<p>Mod\u00e8le g\u00e9opolitique<\/p>\n<p>Goyal envisage ce partenariat comme un mod\u00e8le g\u00e9opolitique potentiel, tirant parti des avanc\u00e9es technologiques et de l\u2019innovation pour s\u2019imposer sur les march\u00e9s mondiaux. La r\u00e9cente visite en Inde du commissaire europ\u00e9en au commerce, Maros Sefcovic, et du commissaire \u00e0 l\u2019agriculture et \u00e0 l\u2019alimentation, Christophe Hansen, t\u00e9moigne encore des progr\u00e8s accomplis sur le front diplomatique. (jv)<\/p>\n<p><a href=\"https:\/\/portalfr.businessam.be\/plans\/business-am-fr-offre-dete\/\" target=\"_blank\" rel=\"noreferrer noopener\">Si vous souhaitez acc\u00e9der \u00e0 tous les articles, abonnez-vous ici!<\/a><\/p>\n","protected":false},"excerpt":{"rendered":"\ue05bpar Business AM\ue010publi\u00e9 le dimanche 14 septembre 2025 \u00e0 21:46 \u2022 \ue00c2 min de lecture Principaux renseignements L\u2019Inde&hellip;\n","protected":false},"author":2,"featured_media":391063,"comment_status":"","ping_status":"","sticky":false,"template":"","format":"standard","meta":{"footnotes":""},"categories":[1586],"tags":[11,1777,674,1779,1011,27,5595,12,25,1778,364,19665],"class_list":{"0":"post-391062","1":"post","2":"type-post","3":"status-publish","4":"format-standard","5":"has-post-thumbnail","7":"category-europe","8":"tag-actualites","9":"tag-eu","10":"tag-europe","11":"tag-european-union","12":"tag-fr","13":"tag-france","14":"tag-inde","15":"tag-news","16":"tag-republique-francaise","17":"tag-ue","18":"tag-union-europeenne","19":"tag-von-der-leyen"},"share_on_mastodon":{"url":"https:\/\/pubeurope.com\/@fr\/115204648132152223","error":""},"_links":{"self":[{"href":"https:\/\/www.europesays.com\/fr\/wp-json\/wp\/v2\/posts\/391062","targetHints":{"allow":["GET"]}}],"collection":[{"href":"https:\/\/www.europesays.com\/fr\/wp-json\/wp\/v2\/posts"}],"about":[{"href":"https:\/\/www.europesays.com\/fr\/wp-json\/wp\/v2\/types\/post"}],"author":[{"embeddable":true,"href":"https:\/\/www.europesays.com\/fr\/wp-json\/wp\/v2\/users\/2"}],"replies":[{"embeddable":true,"href":"https:\/\/www.europesays.com\/fr\/wp-json\/wp\/v2\/comments?post=391062"}],"version-history":[{"count":0,"href":"https:\/\/www.europesays.com\/fr\/wp-json\/wp\/v2\/posts\/391062\/revisions"}],"wp:featuredmedia":[{"embeddable":true,"href":"https:\/\/www.europesays.com\/fr\/wp-json\/wp\/v2\/media\/391063"}],"wp:attachment":[{"href":"https:\/\/www.europesays.com\/fr\/wp-json\/wp\/v2\/media?parent=391062"}],"wp:term":[{"taxonomy":"category","embeddable":true,"href":"https:\/\/www.europesays.com\/fr\/wp-json\/wp\/v2\/categories?post=391062"},{"taxonomy":"post_tag","embeddable":true,"href":"https:\/\/www.europesays.com\/fr\/wp-json\/wp\/v2\/tags?post=391062"}],"curies":[{"name":"wp","href":"https:\/\/api.w.org\/{rel}","templated":true}]}}