{"id":391076,"date":"2025-09-14T21:04:21","date_gmt":"2025-09-14T21:04:21","guid":{"rendered":"https:\/\/www.europesays.com\/fr\/391076\/"},"modified":"2025-09-14T21:04:21","modified_gmt":"2025-09-14T21:04:21","slug":"motogp-crash-zarco-vs-mir-johann-a-secouru-joan-mais-que-sest-il-passe-a-misano","status":"publish","type":"post","link":"https:\/\/www.europesays.com\/fr\/391076\/","title":{"rendered":"MotoGP Crash Zarco vs Mir, Johann a secouru Joan, mais que s&rsquo;est-il pass\u00e9, \u00e0 Misano ?"},"content":{"rendered":"<p>Il aura fallu attendre un long moment, apr\u00e8s l\u2019arriv\u00e9e, pour conna\u00eetre les raisons du crash de Johann Zarco, en MotoGP. Car la r\u00e9alisation \u00e9tait totalement pass\u00e9e \u00e0 c\u00f4t\u00e9 de ce qui apparaissait comme un accrochage du pilote LCR avec Joan Mir, du Honda HRC. Ce dernier ayant abandonn\u00e9 au m\u00eame moment et dans le m\u00eame virage. Tandis que JZ5 reprenait la piste, tr\u00e8s retard\u00e9, pour \u00e9chouer \u00e0 la seizi\u00e8me place, derri\u00e8re son co\u00e9quipier.<\/p>\n<p>MotoGP : Zarco au secours de Mir !<\/p>\n<p>Les premi\u00e8res images ont permis d\u2019apercevoir Johann Zarco secourir <a href=\"https:\/\/lemagsportauto.ouest-france.fr\/tag\/joan-mir\/\" target=\"_blank\" rel=\"noopener nofollow\">Joan Mir<\/a>, coinc\u00e9 sous sa Honda. Les deux pilotes se sont ensuite donn\u00e9 une rapide accolade. Avant que le vainqueur du Grand-Prix de France ne reprenne la piste, contrairement \u00e0 son camarade. Toutefois, histoire de couper l\u2019herbe sous les pieds des d\u00e9tracteurs, la faute n\u2019est pas venue du pilote LCR mais de son rival. En effet, Jojo a d\u00e9clar\u00e9 que Mir avait gliss\u00e9, alors qu\u2019il arrivait dans le virage 4, \u00e0 ses c\u00f4t\u00e9s \u00e0 l\u2019ext\u00e9rieur, presque coll\u00e9 \u00e0 la Honda officielle.<\/p>\n<p>L\u2019Espagnol a donc, ensuite, emport\u00e9 le Fran\u00e7ais dans sa chute, apr\u00e8s son erreur. Voici ses mots, partag\u00e9s par Canal+.<\/p>\n<blockquote class=\"twitter-tweet\">\n<p dir=\"ltr\" lang=\"fr\">\u201cJe rentre dans le virage 4 avec de l\u2019\u00e9lan et Mir a gliss\u00e9. Il \u00e9tait bloqu\u00e9 sous sa moto, je me suis br\u00fbl\u00e9 avec son pot\u201d<\/p>\n<p>Johann Zarco raconte sa chute \ud83d\udca5<\/p>\n<p>Le Fran\u00e7ais annonce \u00e9galement qu\u2019Honda va lui faire tester \u201cla m\u00eame moto que les autres\u201d demain ! <a href=\"https:\/\/twitter.com\/hashtag\/MotoGP?src=hash&amp;ref_src=twsrc%5Etfw\" target=\"_blank\" rel=\"noopener nofollow\">#MotoGP<\/a> <a href=\"https:\/\/twitter.com\/hashtag\/SanMarinoGP?src=hash&amp;ref_src=twsrc%5Etfw\" target=\"_blank\" rel=\"noopener nofollow\">#SanMarinoGP<\/a> <a href=\"https:\/\/t.co\/JT3yWewyRk\" rel=\"nofollow\">pic.twitter.com\/JT3yWewyRk<\/a><\/p>\n<p>\u2014 CANAL+ MotoGP\u2122 (@CanalplusMotoGP) <a href=\"https:\/\/twitter.com\/CanalplusMotoGP\/status\/1967227264732635549?ref_src=twsrc%5Etfw\" target=\"_blank\" rel=\"noopener nofollow\">September 14, 2025<\/a><\/p>\n<\/blockquote>\n<p>Article publi\u00e9 le 14\/09\/2025 \u00e0 16h10<\/p>\n<p>                                                            <script async src=\"https:\/\/platform.twitter.com\/widgets.js\" charset=\"utf-8\"><\/script><\/p>\n","protected":false},"excerpt":{"rendered":"Il aura fallu attendre un long moment, apr\u00e8s l\u2019arriv\u00e9e, pour conna\u00eetre les raisons du crash de Johann Zarco,&hellip;\n","protected":false},"author":2,"featured_media":391077,"comment_status":"","ping_status":"","sticky":false,"template":"","format":"standard","meta":{"footnotes":""},"categories":[1413],"tags":[1011,27,3346,1741,1457,1456,1458,60],"class_list":{"0":"post-391076","1":"post","2":"type-post","3":"status-publish","4":"format-standard","5":"has-post-thumbnail","7":"category-moto","8":"tag-fr","9":"tag-france","10":"tag-joan-mir","11":"tag-johann-zarco","12":"tag-moto","13":"tag-motocycle","14":"tag-motogp","15":"tag-sports"},"share_on_mastodon":{"url":"https:\/\/pubeurope.com\/@fr\/115204683422002910","error":""},"_links":{"self":[{"href":"https:\/\/www.europesays.com\/fr\/wp-json\/wp\/v2\/posts\/391076","targetHints":{"allow":["GET"]}}],"collection":[{"href":"https:\/\/www.europesays.com\/fr\/wp-json\/wp\/v2\/posts"}],"about":[{"href":"https:\/\/www.europesays.com\/fr\/wp-json\/wp\/v2\/types\/post"}],"author":[{"embeddable":true,"href":"https:\/\/www.europesays.com\/fr\/wp-json\/wp\/v2\/users\/2"}],"replies":[{"embeddable":true,"href":"https:\/\/www.europesays.com\/fr\/wp-json\/wp\/v2\/comments?post=391076"}],"version-history":[{"count":0,"href":"https:\/\/www.europesays.com\/fr\/wp-json\/wp\/v2\/posts\/391076\/revisions"}],"wp:featuredmedia":[{"embeddable":true,"href":"https:\/\/www.europesays.com\/fr\/wp-json\/wp\/v2\/media\/391077"}],"wp:attachment":[{"href":"https:\/\/www.europesays.com\/fr\/wp-json\/wp\/v2\/media?parent=391076"}],"wp:term":[{"taxonomy":"category","embeddable":true,"href":"https:\/\/www.europesays.com\/fr\/wp-json\/wp\/v2\/categories?post=391076"},{"taxonomy":"post_tag","embeddable":true,"href":"https:\/\/www.europesays.com\/fr\/wp-json\/wp\/v2\/tags?post=391076"}],"curies":[{"name":"wp","href":"https:\/\/api.w.org\/{rel}","templated":true}]}}