{"id":391122,"date":"2025-09-14T21:39:31","date_gmt":"2025-09-14T21:39:31","guid":{"rendered":"https:\/\/www.europesays.com\/fr\/391122\/"},"modified":"2025-09-14T21:39:31","modified_gmt":"2025-09-14T21:39:31","slug":"un-ter-percute-une-personne-le-trafic-perturbe-sur-la-ligne-vers-grenoble","status":"publish","type":"post","link":"https:\/\/www.europesays.com\/fr\/391122\/","title":{"rendered":"Un TER percute une personne, le trafic perturb\u00e9 sur la ligne vers Grenoble"},"content":{"rendered":"<p>Vendredi matin, vers 6h30, un TER a heurt\u00e9 une personne au niveau de l\u2019Isle d\u2019Abeau, ce qui a entra\u00een\u00e9 l\u2019interruption du trafic sur l\u2019axe <a href=\"https:\/\/www.20minutes.fr\/lyon\/\" class=\"c-link c-link--is-underlined\" rel=\"nofollow noopener\" target=\"_blank\">Lyon<\/a> et <a href=\"https:\/\/www.20minutes.fr\/dossier\/chambery\" class=\"c-link c-link--is-underlined\" rel=\"nofollow noopener\" target=\"_blank\">Chamb\u00e9ry<\/a>.<\/p>\n<blockquote class=\"twitter-tweet\" align=\"center\" data-lang=\"fr_FR\">\n<p lang=\"fr\" dir=\"ltr\">\ud83d\udd346h52 : un train qui a heurt\u00e9 une personne interrompt le trafic sur l&rsquo;axe LyonChamb\u00e9ry.<\/p>\n<p>\ud83d\udd38Une \u00e9quipe sp\u00e9cialis\u00e9e se rend sur place pour intervenir. <a href=\"https:\/\/t.co\/RyAKz8xTsu\" rel=\"nofollow\">pic.twitter.com\/RyAKz8xTsu<\/a><\/p>\n<p>\u2014 SNCF TER AURA (@SNCFTERAURA) <a href=\"https:\/\/twitter.com\/SNCFTERAURA\/status\/1966364149597798875?ref_src=twsrc%5Etfw\" rel=\"nofollow noopener\" target=\"_blank\">September 12, 2025<\/a><\/p><\/blockquote>\n<p class=\"mb-xxl@xs color-ultramarine font-weight-semi-bold@xs font-source-serif-pro heading-s@xs\">L\u2019acc\u00e8s \u00e0 ce contenu a \u00e9t\u00e9 bloqu\u00e9 afin de respecter votre choix de consentement<\/p>\n<p class=\"mb-m@xs text-l@xs\">En cliquant sur\u00ab J\u2019accepte \u00bb, vous acceptez le d\u00e9p\u00f4t de cookies par des services externes et aurez ainsi acc\u00e8s aux contenus de nos partenaires.<\/p>\n<p class=\"mb-xl@xs text-s@xs\">Plus d\u2019informations sur la page<a href=\"https:\/\/www.20minutes.fr\/gestion-cookies\" class=\"mx-xxs@xs color-ultramarine\" rel=\"nofollow noopener\" target=\"_blank\">Politique de gestion des cookies<\/a><\/p>\n<p>J\u2019accepte<\/p>\n<p>\u00ab\u00a0Le trafic est interrompu dans les deux sens sur la ligne Lyon &#8211; Grenoble et sur l\u2019axe Lyon &#8211; Saint-Andr\u00e9-le-Gaz\u00a0\u00bb, \u00e9crit la <a href=\"https:\/\/www.20minutes.fr\/dossier\/sncf\" class=\"c-link c-link--is-underlined\" rel=\"nofollow noopener\" target=\"_blank\">SNCF<\/a> sur son compte X. L\u2019organisme pr\u00e9cise que les trains qui vont \u00e0 Chamb\u00e9ry sont d\u00e9tourn\u00e9s par Amb\u00e9rieu. L\u2019intervention des \u00e9quipes sp\u00e9cialis\u00e9es est en cours. La reprise de la circulation est actuellement estim\u00e9e pour 9h30.<\/p>\n<p><script async src=\"https:\/\/platform.twitter.com\/widgets.js\" charset=\"utf-8\"><\/script><\/p>\n","protected":false},"excerpt":{"rendered":"Vendredi matin, vers 6h30, un TER a heurt\u00e9 une personne au niveau de l\u2019Isle d\u2019Abeau, ce qui a&hellip;\n","protected":false},"author":2,"featured_media":391123,"comment_status":"","ping_status":"","sticky":false,"template":"","format":"standard","meta":{"footnotes":""},"categories":[9566],"tags":[119,1111,47,11,2430,5509,1777,674,118,3561,1011,27,2731,2428,12,25,2429,2431,5508,2215,6472,926],"class_list":{"0":"post-391122","1":"post","2":"type-post","3":"status-publish","4":"format-standard","5":"has-post-thumbnail","7":"category-grenoble","8":"tag-accident","9":"tag-actu","10":"tag-actualite","11":"tag-actualites","12":"tag-auvergne-rhone-alpes","13":"tag-chambery","14":"tag-eu","15":"tag-europe","16":"tag-faits-divers","17":"tag-faits-divers-lyon","18":"tag-fr","19":"tag-france","20":"tag-grenoble","21":"tag-lyon","22":"tag-news","23":"tag-republique-francaise","24":"tag-rhone","25":"tag-rhone-alpes","26":"tag-savoie","27":"tag-sncf","28":"tag-ter","29":"tag-train"},"share_on_mastodon":{"url":"https:\/\/pubeurope.com\/@fr\/115204821266821167","error":""},"_links":{"self":[{"href":"https:\/\/www.europesays.com\/fr\/wp-json\/wp\/v2\/posts\/391122","targetHints":{"allow":["GET"]}}],"collection":[{"href":"https:\/\/www.europesays.com\/fr\/wp-json\/wp\/v2\/posts"}],"about":[{"href":"https:\/\/www.europesays.com\/fr\/wp-json\/wp\/v2\/types\/post"}],"author":[{"embeddable":true,"href":"https:\/\/www.europesays.com\/fr\/wp-json\/wp\/v2\/users\/2"}],"replies":[{"embeddable":true,"href":"https:\/\/www.europesays.com\/fr\/wp-json\/wp\/v2\/comments?post=391122"}],"version-history":[{"count":0,"href":"https:\/\/www.europesays.com\/fr\/wp-json\/wp\/v2\/posts\/391122\/revisions"}],"wp:featuredmedia":[{"embeddable":true,"href":"https:\/\/www.europesays.com\/fr\/wp-json\/wp\/v2\/media\/391123"}],"wp:attachment":[{"href":"https:\/\/www.europesays.com\/fr\/wp-json\/wp\/v2\/media?parent=391122"}],"wp:term":[{"taxonomy":"category","embeddable":true,"href":"https:\/\/www.europesays.com\/fr\/wp-json\/wp\/v2\/categories?post=391122"},{"taxonomy":"post_tag","embeddable":true,"href":"https:\/\/www.europesays.com\/fr\/wp-json\/wp\/v2\/tags?post=391122"}],"curies":[{"name":"wp","href":"https:\/\/api.w.org\/{rel}","templated":true}]}}