{"id":391124,"date":"2025-09-14T21:40:12","date_gmt":"2025-09-14T21:40:12","guid":{"rendered":"https:\/\/www.europesays.com\/fr\/391124\/"},"modified":"2025-09-14T21:40:12","modified_gmt":"2025-09-14T21:40:12","slug":"saint-gregoire-se-dote-dun-nouvel-espace-associatif","status":"publish","type":"post","link":"https:\/\/www.europesays.com\/fr\/391124\/","title":{"rendered":"Saint-Gr\u00e9goire se dote d\u2019un nouvel espace associatif"},"content":{"rendered":"<p>150\u00a0personnes se sont r\u00e9unies samedi 13\u00a0septembre 2025, \u00e0 Saint-gr\u00e9goire (Ille-et-Vilaine), pour l\u2019inauguration de la salle Clotilde-Vautier. Dans une p\u00e9nombre aux teintes roses. Kristina Berth\u00e9l\u00e9m\u00e9, professeure de th\u00e9\u00e2tre \u00e0 la G\u00e2terie se r\u00e9jouit, \u00a0la salle est superbe, tr\u00e8s cosy, et tr\u00e8s bien \u00e9quip\u00e9e.\u00a0.<\/p>\n<p><a href=\"https:\/\/rennes.maville.com\/actu\/actudet_-la-salle-du-roi-arthur-devient-une-vraie-salle-de-spectacle-a-saint-gregoire-_7-6885250_actu.Htm\" target=\"_self\" rel=\"noopener\">Avec une sc\u00e8ne d\u00e9montable de 48\u00a0m\u00b2<\/a>, des loges, des r\u00e9gies et des murs phoniques, l\u2019\u00e9quipement situ\u00e9 au c\u0153ur de la Ville trouvera usage parmi les nombreuses associations de la commune. D\u2019une capacit\u00e9 de 220\u00a0places assises, l\u2019espace n\u2019est pas toutefois \u00e9quip\u00e9e de gradins. L\u2019op\u00e9ration de r\u00e9novation aura co\u00fbt\u00e9 1\u00a0182\u00a0148\u00a0\u20ac.<\/p>\n<p>\u00ab\u00a0Un symbole culturel de notre commune\u00a0\u00bb<\/p>\n<p><a href=\"https:\/\/rennes.maville.com\/bretagne\/ille-et-vilaine\/saint-gregoire\/a-saint-gregoire-pres-de-1-2-million-deuros-pour-renover-la-salle-associative-du-roi-arthur-f8978e5a-9c76-11ef-ab03-7ebf2cc7148e#:~:text=La%2520salle%2520du%2520roi%2520Arthur%2520aura%2520une%2520capacit%25C3%25A9%2520de%2520357,prix%2520%252C%2520pr%25C3%25A9cise%2520la%2520d%25C3%25A9lib%25C3%25A9ration%2520municipale.\" target=\"_self\" rel=\"noopener\">En travaux depuis moins un an<\/a>, l\u2019ancienne r\u00f4tisserie devenue entre-temps la salle du roi Arthur est d\u00e9sormais op\u00e9rationnelle pour des expositions, pi\u00e8ces de th\u00e9\u00e2tre, repas festifs ou conf\u00e9rences. \u00a0Ce lieu de vie entame un nouveau cycle\u00a0, lance La\u00ebtitia Remoissenet, maire de Saint-Gr\u00e9goire dans son discours inaugural. \u00a0Cet espace Clotilde-Vautier sera un grand symbole culturel de notre commune\u00a0.<\/p>\n<p>\t<img decoding=\"async\" src=\"https:\/\/www.europesays.com\/fr\/wp-content\/uploads\/2025\/09\/P35462039D6975292G_px_640_.jpg\" alt=\"photo la r\u00e9novation de l\u2019espace a co\u00fbt\u00e9 1 182 148 euros.  \u00a9  ouest-france\" width=\"640\" title=\" La r\u00e9novation de l\u2019espace a co\u00fbt\u00e9 1 182 148 euros.   Ouest-France \"\/><\/p>\n<p class=\"elmt-legende\"> La r\u00e9novation de l\u2019espace a co\u00fbt\u00e9 1 182 148 euros.   Ouest-France <\/p>\n<p>La salle r\u00e9nov\u00e9e prend ainsi le nom de l\u2019artiste qui a r\u00e9alis\u00e9 une fresque en 1966 <a href=\"https:\/\/rennes.maville.com\/actu\/actudet_-avec-les-travaux-que-va-devenir-la-fresque-de-clotilde-vautier-partie-de-la-forge-a-st-gregoire-_7-6885223_actu.Htm\" target=\"_self\" rel=\"noopener\">r\u00e9cemment d\u00e9pos\u00e9e de La Forge<\/a>. \u00a0Cette fresque Les noces de Clotilde est en cours de r\u00e9novation et sera install\u00e9e ici \u00e0 la fin du mois de novembre\u00a0. L\u2019\u00e9dile souligne aussi l\u2019\u00e9clairage LED, le wifi, les radiateurs \u00e0 t\u00eate thermostatique ainsi que la rehausse de la charpente de la salle et la nouvelle centrale de traitement d\u2019air dispos\u00e9e sur le toit. \u00a0Quatorze\u00a0entreprises sont intervenues durant ces dix\u00a0mois de chantier.\u00a0 La salle principale comprend toujours le bar d\u2019origine mais aussi une cuisine traiteur et des espaces de stockage. Une salle de danse se trouve \u00e0 droite en entrant et quatre\u00a0bureaux partag\u00e9s sont \u00e0 l\u2019\u00e9tage du b\u00e2timent.<\/p>\n<p>Quant aux espaces ext\u00e9rieurs, ils ont aussi \u00e9t\u00e9 repens\u00e9s avec une circulation douce et la possibilit\u00e9 de lieu d\u2019\u00e9v\u00e9nements. La premi\u00e8re exposition aura lieu durant du 18 au 25\u00a0septembre 2025, avec l\u2019association M\u00e9moire et patrimoine sur le th\u00e8me du bout-du-monde.<\/p>\n<p>\u00a0<\/p>\n","protected":false},"excerpt":{"rendered":"150\u00a0personnes se sont r\u00e9unies samedi 13\u00a0septembre 2025, \u00e0 Saint-gr\u00e9goire (Ille-et-Vilaine), pour l\u2019inauguration de la salle Clotilde-Vautier. Dans une&hellip;\n","protected":false},"author":2,"featured_media":391125,"comment_status":"","ping_status":"","sticky":false,"template":"","format":"standard","meta":{"footnotes":""},"categories":[2821],"tags":[1111,11,12365,829,32121,386,1777,674,1011,27,12,10542,3086,584,25,5372],"class_list":{"0":"post-391124","1":"post","2":"type-post","3":"status-publish","4":"format-standard","5":"has-post-thumbnail","7":"category-rennes","8":"tag-actu","9":"tag-actualites","10":"tag-associatif","11":"tag-bretagne","12":"tag-dote","13":"tag-espace","14":"tag-eu","15":"tag-europe","16":"tag-fr","17":"tag-france","18":"tag-news","19":"tag-nouvel","20":"tag-redon","21":"tag-rennes","22":"tag-republique-francaise","23":"tag-saint-gregoire"},"share_on_mastodon":{"url":"https:\/\/pubeurope.com\/@fr\/115204825356237361","error":""},"_links":{"self":[{"href":"https:\/\/www.europesays.com\/fr\/wp-json\/wp\/v2\/posts\/391124","targetHints":{"allow":["GET"]}}],"collection":[{"href":"https:\/\/www.europesays.com\/fr\/wp-json\/wp\/v2\/posts"}],"about":[{"href":"https:\/\/www.europesays.com\/fr\/wp-json\/wp\/v2\/types\/post"}],"author":[{"embeddable":true,"href":"https:\/\/www.europesays.com\/fr\/wp-json\/wp\/v2\/users\/2"}],"replies":[{"embeddable":true,"href":"https:\/\/www.europesays.com\/fr\/wp-json\/wp\/v2\/comments?post=391124"}],"version-history":[{"count":0,"href":"https:\/\/www.europesays.com\/fr\/wp-json\/wp\/v2\/posts\/391124\/revisions"}],"wp:featuredmedia":[{"embeddable":true,"href":"https:\/\/www.europesays.com\/fr\/wp-json\/wp\/v2\/media\/391125"}],"wp:attachment":[{"href":"https:\/\/www.europesays.com\/fr\/wp-json\/wp\/v2\/media?parent=391124"}],"wp:term":[{"taxonomy":"category","embeddable":true,"href":"https:\/\/www.europesays.com\/fr\/wp-json\/wp\/v2\/categories?post=391124"},{"taxonomy":"post_tag","embeddable":true,"href":"https:\/\/www.europesays.com\/fr\/wp-json\/wp\/v2\/tags?post=391124"}],"curies":[{"name":"wp","href":"https:\/\/api.w.org\/{rel}","templated":true}]}}