{"id":391128,"date":"2025-09-14T21:42:30","date_gmt":"2025-09-14T21:42:30","guid":{"rendered":"https:\/\/www.europesays.com\/fr\/391128\/"},"modified":"2025-09-14T21:42:30","modified_gmt":"2025-09-14T21:42:30","slug":"la-base-le-nouveau-repaire-strasbourgeois-qui-mele-street-food-et-bieres-artisanales","status":"publish","type":"post","link":"https:\/\/www.europesays.com\/fr\/391128\/","title":{"rendered":"\u00ab La Base \u00bb, le nouveau repaire strasbourgeois qui m\u00eale street-food et bi\u00e8res artisanales"},"content":{"rendered":"<p><strong>Apr\u00e8s une ouverture remarqu\u00e9e au printemps dernier, on vous pr\u00e9sente enfin La Base, un bar-restaurant qui s\u2019est install\u00e9 \u00e0 la place de Peau de Vache, \u00e0 l\u2019entr\u00e9e du Neudorf. Des mousses artisanales \u00e0 foison, de la street food de qualit\u00e9, des plats travaill\u00e9s, et m\u00eame un brunch le dimanche : l\u2019\u00e9quipe de L\u2019\u00c9tabli signe ici une nouvelle adresse \u00e0 la proposition all\u00e9chante.<\/strong><\/p>\n<p>On dit bon vent \u00e0 Peau de Vache, et on accueille dans nos rangs <strong>La Base, un nouvel \u00e9tablissement qui deviendra peut-\u00eatre votre prochain repaire.<\/strong><\/p>\n<p>L\u2019id\u00e9e, ici, c\u2019est de <strong>proposer des bi\u00e8res craft de qualit\u00e9<\/strong>, de conception maison ou issues de brasseries de la r\u00e9gion (ou fran\u00e7aises), mais aussi de<strong> pr\u00e9senter une offre de restauration travaill\u00e9e<\/strong>, le tout 7 jours sur 7.<\/p>\n<p>                <img width=\"287\" height=\"500\" src=\"https:\/\/www.europesays.com\/fr\/wp-content\/uploads\/2025\/09\/la-base-bar-restaurant-burger-tapas-img-8898-2-287x500.jpeg\" class=\"attachment-gallery size-gallery\" alt=\"La base bar restaurant burger tapas IMG_8898 2\" data-full-url=\"https:\/\/pokaa.fr\/wp-content\/uploads\/2025\/09\/11\/la-base-bar-restaurant-burger-tapas-img-8898-2.jpeg\" decoding=\"async\" loading=\"lazy\"  \/>            <\/p>\n<p>                <img width=\"375\" height=\"500\" src=\"https:\/\/www.europesays.com\/fr\/wp-content\/uploads\/2025\/09\/la-base-bar-restaurant-burger-tapas-img-8569-2-375x500.jpeg\" class=\"attachment-gallery size-gallery\" alt=\"La base bar restaurant burger tapas IMG_8569 2\" data-full-url=\"https:\/\/pokaa.fr\/wp-content\/uploads\/2025\/09\/11\/la-base-bar-restaurant-burger-tapas-img-8569-2.jpeg\" decoding=\"async\" loading=\"lazy\"  \/>            <\/p>\n<p>                <img width=\"330\" height=\"500\" src=\"https:\/\/www.europesays.com\/fr\/wp-content\/uploads\/2025\/09\/la-base-bar-restaurant-burger-tapas-img-8909-2-330x500.jpeg\" class=\"attachment-gallery size-gallery\" alt=\"La base bar restaurant burger tapas IMG_8909 2\" data-full-url=\"https:\/\/pokaa.fr\/wp-content\/uploads\/2025\/09\/11\/la-base-bar-restaurant-burger-tapas-img-8909-2.jpeg\" decoding=\"async\" loading=\"lazy\"  \/>            <\/p>\n<p>                <img width=\"375\" height=\"500\" src=\"https:\/\/www.europesays.com\/fr\/wp-content\/uploads\/2025\/09\/la-base-bar-restaurant-burger-tapas-img-8443-2-375x500.jpeg\" class=\"attachment-gallery size-gallery\" alt=\"La base bar restaurant burger tapas IMG_8443 2\" data-full-url=\"https:\/\/pokaa.fr\/wp-content\/uploads\/2025\/09\/11\/la-base-bar-restaurant-burger-tapas-img-8443-2.jpeg\" decoding=\"async\" loading=\"lazy\"  \/>            <\/p>\n<p>                <img width=\"375\" height=\"500\" src=\"https:\/\/www.europesays.com\/fr\/wp-content\/uploads\/2025\/09\/la-base-bar-restaurant-burger-tapas-img-8557-2-375x500.jpeg\" class=\"attachment-gallery size-gallery\" alt=\"La base bar restaurant burger tapas IMG_8557 2\" data-full-url=\"https:\/\/pokaa.fr\/wp-content\/uploads\/2025\/09\/11\/la-base-bar-restaurant-burger-tapas-img-8557-2.jpeg\" decoding=\"async\" loading=\"lazy\"  \/>            <\/p>\n<p>                    \u00a9 Bastien Pietronave \/ Pokaa<\/p>\n<p>Ind\u00e9pendante, <strong>imagin\u00e9e par Pol et Nathan du bar L\u2019\u00c9tabli<\/strong> (situ\u00e9 place d\u2019Austerlitz), cette nouvelle adresse semble avoir de jolis arguments<strong> pour devenir un vrai bar de quartier<\/strong>, rassembleur et festif.<\/p>\n<p>                <img width=\"398\" height=\"500\" src=\"https:\/\/www.europesays.com\/fr\/wp-content\/uploads\/2025\/09\/la-base-bar-restaurant-burger-tapas-img-8506-2-398x500.jpeg\" class=\"attachment-gallery size-gallery\" alt=\"La base bar restaurant burger tapas IMG_8506 2\" data-full-url=\"https:\/\/pokaa.fr\/wp-content\/uploads\/2025\/09\/11\/la-base-bar-restaurant-burger-tapas-img-8506-2.jpeg\" decoding=\"async\" loading=\"lazy\"  \/>            <\/p>\n<p>                <img width=\"406\" height=\"500\" src=\"https:\/\/www.europesays.com\/fr\/wp-content\/uploads\/2025\/09\/la-base-bar-restaurant-burger-tapas-img-8899-2-406x500.jpeg\" class=\"attachment-gallery size-gallery\" alt=\"La base bar restaurant burger tapas IMG_8899 2\" data-full-url=\"https:\/\/pokaa.fr\/wp-content\/uploads\/2025\/09\/11\/la-base-bar-restaurant-burger-tapas-img-8899-2.jpeg\" decoding=\"async\" loading=\"lazy\"  \/>            <\/p>\n<p>                <img width=\"375\" height=\"500\" src=\"https:\/\/www.europesays.com\/fr\/wp-content\/uploads\/2025\/09\/la-base-bar-restaurant-burger-tapas-img-8554-3-375x500.jpeg\" class=\"attachment-gallery size-gallery\" alt=\"La base bar restaurant burger tapas IMG_8554 3\" data-full-url=\"https:\/\/pokaa.fr\/wp-content\/uploads\/2025\/09\/11\/la-base-bar-restaurant-burger-tapas-img-8554-3.jpeg\" decoding=\"async\" loading=\"lazy\"  \/>            <\/p>\n<p>                <img width=\"375\" height=\"500\" src=\"https:\/\/www.europesays.com\/fr\/wp-content\/uploads\/2025\/09\/la-base-bar-restaurant-burger-tapas-img-8560-2-375x500.jpeg\" class=\"attachment-gallery size-gallery\" alt=\"La base bar restaurant burger tapas IMG_8560 2\" data-full-url=\"https:\/\/pokaa.fr\/wp-content\/uploads\/2025\/09\/11\/la-base-bar-restaurant-burger-tapas-img-8560-2.jpeg\" decoding=\"async\" loading=\"lazy\"  \/>            <\/p>\n<p>                <img width=\"375\" height=\"500\" src=\"https:\/\/www.europesays.com\/fr\/wp-content\/uploads\/2025\/09\/la-base-bar-restaurant-burger-tapas-img-8467-2-375x500.jpeg\" class=\"attachment-gallery size-gallery\" alt=\"La base bar restaurant burger tapas IMG_8467 2\" data-full-url=\"https:\/\/pokaa.fr\/wp-content\/uploads\/2025\/09\/11\/la-base-bar-restaurant-burger-tapas-img-8467-2.jpeg\" decoding=\"async\" loading=\"lazy\"  \/>            <\/p>\n<p>                    \u00a9 Bastien Pietronave \/ Pokaa<\/p>\n<p>La Base, un lieu de vie, des bi\u00e8res et des copains<\/p>\n<p>Apr\u00e8s l\u2019ouverture de L\u2019\u00c9tabli en 2018, Pol et Nathan ont d\u00e9cid\u00e9 de<strong> s\u2019associer pour ouvrir une affaire \u00e0 deux.<\/strong><\/p>\n<p>Ils ont alors imagin\u00e9 <strong>une adresse tout en simplicit\u00e9<\/strong> qui met <strong>les produits, et ceux qui les fabriquent<\/strong>, au centre de la table,<strong> le tout dans une ambiance de bar qui rapproche.<\/strong><\/p>\n<p>                <img width=\"375\" height=\"500\" src=\"https:\/\/www.europesays.com\/fr\/wp-content\/uploads\/2025\/09\/la-base-bar-restaurant-burger-tapas-img-8420-3-375x500.jpeg\" class=\"attachment-gallery size-gallery\" alt=\"La base bar restaurant burger tapas IMG_8420 3\" data-full-url=\"https:\/\/pokaa.fr\/wp-content\/uploads\/2025\/09\/11\/la-base-bar-restaurant-burger-tapas-img-8420-3.jpeg\" decoding=\"async\" loading=\"lazy\"  \/>            <\/p>\n<p>                <img width=\"375\" height=\"500\" src=\"https:\/\/www.europesays.com\/fr\/wp-content\/uploads\/2025\/09\/la-base-bar-restaurant-burger-tapas-img-8501-2-375x500.jpeg\" class=\"attachment-gallery size-gallery\" alt=\"La base bar restaurant burger tapas IMG_8501 2\" data-full-url=\"https:\/\/pokaa.fr\/wp-content\/uploads\/2025\/09\/11\/la-base-bar-restaurant-burger-tapas-img-8501-2.jpeg\" decoding=\"async\" loading=\"lazy\"  \/>            <\/p>\n<p>                <img width=\"375\" height=\"500\" src=\"https:\/\/www.europesays.com\/fr\/wp-content\/uploads\/2025\/09\/la-base-bar-restaurant-burger-tapas-img-8566-2-375x500.jpeg\" class=\"attachment-gallery size-gallery\" alt=\"La base bar restaurant burger tapas IMG_8566 2\" data-full-url=\"https:\/\/pokaa.fr\/wp-content\/uploads\/2025\/09\/11\/la-base-bar-restaurant-burger-tapas-img-8566-2.jpeg\" decoding=\"async\" loading=\"lazy\"  \/>            <\/p>\n<p>                <img width=\"375\" height=\"500\" src=\"https:\/\/www.europesays.com\/fr\/wp-content\/uploads\/2025\/09\/la-base-bar-restaurant-burger-tapas-img-8581-3-375x500.jpeg\" class=\"attachment-gallery size-gallery\" alt=\"La base bar restaurant burger tapas IMG_8581 3\" data-full-url=\"https:\/\/pokaa.fr\/wp-content\/uploads\/2025\/09\/11\/la-base-bar-restaurant-burger-tapas-img-8581-3.jpeg\" decoding=\"async\" loading=\"lazy\"  \/>            <\/p>\n<p>                <img width=\"375\" height=\"500\" src=\"https:\/\/www.europesays.com\/fr\/wp-content\/uploads\/2025\/09\/la-base-bar-restaurant-burger-tapas-img-8387-2-375x500.jpeg\" class=\"attachment-gallery size-gallery\" alt=\"La base bar restaurant burger tapas IMG_8387 2\" data-full-url=\"https:\/\/pokaa.fr\/wp-content\/uploads\/2025\/09\/11\/la-base-bar-restaurant-burger-tapas-img-8387-2.jpeg\" decoding=\"async\" loading=\"lazy\"  \/>            <\/p>\n<p>                    \u00a9 Bastien Pietronave \/ Pokaa<\/p>\n<p>Avec<strong> 80 couverts \u00e0 l\u2019int\u00e9rieur<\/strong>, la m\u00eame \u00e0 l\u2019ext\u00e9rieur, une d\u00e9co bois\u00e9e minimaliste, <strong>des plantes partout et un grand comptoir central qui envoie de la craft bien fra\u00eeche<\/strong>, il n\u2019en fallait pas plus pour accueillir les assoiff\u00e9(e)s.<\/p>\n<p>Ici, vous l\u2019avez compris, <strong>la bi\u00e8re artisanale est l\u2019un des piliers qui tient la baraque<\/strong>. L\u2019\u00e9quipe propose par exemple des <strong>mousses issues de brasseries r\u00e9put\u00e9es<\/strong>, comme La Fondation, Plan B, Brique House ou encore Piggy Brewing. Bien s\u00fbr, <strong>d\u2019autres noms viendront s\u2019ajouter \u00e0 la liste<\/strong> puisque <strong>la carte changera selon les humeurs et les saisons<\/strong>, comme la vie finalement.<\/p>\n<p>                <img width=\"667\" height=\"500\" src=\"https:\/\/www.europesays.com\/fr\/wp-content\/uploads\/2025\/09\/la-base-bar-restaurant-burger-tapas-img-8426-3-667x500.jpeg\" class=\"attachment-gallery size-gallery\" alt=\"La base bar restaurant burger tapas IMG_8426 3\" data-full-url=\"https:\/\/pokaa.fr\/wp-content\/uploads\/2025\/09\/11\/la-base-bar-restaurant-burger-tapas-img-8426-3.jpeg\" decoding=\"async\" loading=\"lazy\"  \/>            <\/p>\n<p>                <img width=\"667\" height=\"500\" src=\"https:\/\/www.europesays.com\/fr\/wp-content\/uploads\/2025\/09\/la-base-bar-restaurant-burger-tapas-img-8367-2-667x500.jpeg\" class=\"attachment-gallery size-gallery\" alt=\"La base bar restaurant burger tapas IMG_8367 2\" data-full-url=\"https:\/\/pokaa.fr\/wp-content\/uploads\/2025\/09\/11\/la-base-bar-restaurant-burger-tapas-img-8367-2.jpeg\" decoding=\"async\" loading=\"lazy\"  \/>            <\/p>\n<p>                <img width=\"667\" height=\"500\" src=\"https:\/\/www.europesays.com\/fr\/wp-content\/uploads\/2025\/09\/la-base-bar-restaurant-burger-tapas-img-8359-2-667x500.jpeg\" class=\"attachment-gallery size-gallery\" alt=\"La base bar restaurant burger tapas IMG_8359 2\" data-full-url=\"https:\/\/pokaa.fr\/wp-content\/uploads\/2025\/09\/11\/la-base-bar-restaurant-burger-tapas-img-8359-2.jpeg\" decoding=\"async\" loading=\"lazy\"  \/>            <\/p>\n<p>                <img width=\"667\" height=\"500\" src=\"https:\/\/www.europesays.com\/fr\/wp-content\/uploads\/2025\/09\/la-base-bar-restaurant-burger-tapas-img-8432-3-667x500.jpeg\" class=\"attachment-gallery size-gallery\" alt=\"La base bar restaurant burger tapas IMG_8432 3\" data-full-url=\"https:\/\/pokaa.fr\/wp-content\/uploads\/2025\/09\/11\/la-base-bar-restaurant-burger-tapas-img-8432-3.jpeg\" decoding=\"async\" loading=\"lazy\"  \/>            <\/p>\n<p>                    \u00a9 Bastien Pietronave \/ Pokaa<\/p>\n<p>Mais la bonne id\u00e9e de Nathan et Pol, c\u2019est de proposer leurs propres cr\u00e9ations,<strong> des bi\u00e8res qui sont brass\u00e9es par des brasseries amies<\/strong>, comme 3 M\u00e2ts (Strasbourg).<\/p>\n<p>Ce sont ces collaborations qui leur permettent d\u2019<strong>aligner des pintes \u00ab maison \u00bb \u00e0 des tarifs plus doux<\/strong> en happy hour, <strong>comme la pills \u00e0 4,37 \u20ac<\/strong> (bonne chance pour rendre la monnaie).<\/p>\n<p>Et si la bi\u00e8re est au centre du projet, c\u00f4t\u00e9 food, l\u2019\u00e9quipe a aussi souhait\u00e9 se d\u00e9marquer <strong>en proposant une carte \u00e0 faire p\u00e2lir certains restos du centre-ville.<\/strong><\/p>\n<p>                <img width=\"667\" height=\"500\" src=\"https:\/\/www.europesays.com\/fr\/wp-content\/uploads\/2025\/09\/la-base-bar-restaurant-burger-tapas-img-8565-2-667x500.jpeg\" class=\"attachment-gallery size-gallery\" alt=\"La base bar restaurant burger tapas IMG_8565 2\" data-full-url=\"https:\/\/pokaa.fr\/wp-content\/uploads\/2025\/09\/11\/la-base-bar-restaurant-burger-tapas-img-8565-2.jpeg\" decoding=\"async\" loading=\"lazy\"  \/>            <\/p>\n<p>                <img width=\"375\" height=\"500\" src=\"https:\/\/www.europesays.com\/fr\/wp-content\/uploads\/2025\/09\/la-base-bar-restaurant-burger-tapas-img-8522-2-375x500.jpeg\" class=\"attachment-gallery size-gallery\" alt=\"La base bar restaurant burger tapas IMG_8522 2\" data-full-url=\"https:\/\/pokaa.fr\/wp-content\/uploads\/2025\/09\/11\/la-base-bar-restaurant-burger-tapas-img-8522-2.jpeg\" decoding=\"async\" loading=\"lazy\"  \/>            <\/p>\n<p>                <img width=\"367\" height=\"500\" src=\"https:\/\/www.europesays.com\/fr\/wp-content\/uploads\/2025\/09\/la-base-bar-restaurant-burger-tapas-img-8908-2-367x500.jpeg\" class=\"attachment-gallery size-gallery\" alt=\"La base bar restaurant burger tapas IMG_8908 2\" data-full-url=\"https:\/\/pokaa.fr\/wp-content\/uploads\/2025\/09\/11\/la-base-bar-restaurant-burger-tapas-img-8908-2.jpeg\" decoding=\"async\" loading=\"lazy\"  \/>            <\/p>\n<p>                <img width=\"667\" height=\"500\" src=\"https:\/\/www.europesays.com\/fr\/wp-content\/uploads\/2025\/09\/la-base-bar-restaurant-burger-tapas-img-8567-3-667x500.jpeg\" class=\"attachment-gallery size-gallery\" alt=\"La base bar restaurant burger tapas IMG_8567 3\" data-full-url=\"https:\/\/pokaa.fr\/wp-content\/uploads\/2025\/09\/11\/la-base-bar-restaurant-burger-tapas-img-8567-3.jpeg\" decoding=\"async\" loading=\"lazy\"  \/>            <\/p>\n<p>                    \u00a9 Bastien Pietronave \/ Pokaa<\/p>\n<p>De la cr\u00e9ativit\u00e9, du bon et du beau, une carte entre bar et resto <\/p>\n<p>Vous pensiez peut-\u00eatre trouver <strong>des TF surgel\u00e9es et des oignons rings claqu\u00e9s<\/strong> \u00e0 la carte de La Base. Et bien non ! <strong>L\u2019\u00e9quipe, et son chef Jean Eschenlauer, ont mis le paquet.<\/strong><\/p>\n<p><strong>Maquereau grill\u00e9 \u00e0 la cr\u00e8me de chou-fleur<\/strong>, salsa Verde et paprika fum\u00e9 ; tenders de poulet au parmesan et au pesto maison ; coleslaw ; <strong>croustillants de jalapenos farcis<\/strong> ; <strong>burger<\/strong> <strong>au poulpe, \u00e0 l\u2019effiloch\u00e9 de porc ou au poulet pan\u00e9<\/strong>, il n\u2019y a qu\u2019\u00e0 jeter un \u0153il aux plats pour se dire qu\u2019<strong>on ne se fout pas de notre g*ule.<\/strong> En plus, la pr\u00e9sentation est soign\u00e9e, <strong>\u00e7a donne envie n\u2019est-ce pas<\/strong> <strong>?<\/strong> Petite pr\u00e9cision : presque <strong>tout est fait maison<\/strong>, m\u00eame les sauces.<\/p>\n<p>                <img width=\"375\" height=\"500\" src=\"https:\/\/www.europesays.com\/fr\/wp-content\/uploads\/2025\/09\/la-base-bar-restaurant-burger-tapas-img-8556-3-375x500.jpeg\" class=\"attachment-gallery size-gallery\" alt=\"La base bar restaurant burger tapas IMG_8556 3\" data-full-url=\"https:\/\/pokaa.fr\/wp-content\/uploads\/2025\/09\/11\/la-base-bar-restaurant-burger-tapas-img-8556-3.jpeg\" decoding=\"async\" loading=\"lazy\"  \/>            <\/p>\n<p>                <img width=\"375\" height=\"500\" src=\"https:\/\/www.europesays.com\/fr\/wp-content\/uploads\/2025\/09\/la-base-bar-restaurant-burger-tapas-img-8590-3-375x500.jpeg\" class=\"attachment-gallery size-gallery\" alt=\"La base bar restaurant burger tapas IMG_8590 3\" data-full-url=\"https:\/\/pokaa.fr\/wp-content\/uploads\/2025\/09\/11\/la-base-bar-restaurant-burger-tapas-img-8590-3.jpeg\" decoding=\"async\" loading=\"lazy\"  \/>            <\/p>\n<p>                <img width=\"375\" height=\"500\" src=\"https:\/\/www.europesays.com\/fr\/wp-content\/uploads\/2025\/09\/la-base-bar-restaurant-burger-tapas-img-8562-3-375x500.jpeg\" class=\"attachment-gallery size-gallery\" alt=\"La base bar restaurant burger tapas IMG_8562 3\" data-full-url=\"https:\/\/pokaa.fr\/wp-content\/uploads\/2025\/09\/11\/la-base-bar-restaurant-burger-tapas-img-8562-3.jpeg\" decoding=\"async\" loading=\"lazy\"  \/>            <\/p>\n<p>                <img width=\"333\" height=\"500\" src=\"https:\/\/www.europesays.com\/fr\/wp-content\/uploads\/2025\/09\/la-base-bar-restaurant-burger-tapas-img-8533-2-333x500.jpeg\" class=\"attachment-gallery size-gallery\" alt=\"La base bar restaurant burger tapas IMG_8533 2\" data-full-url=\"https:\/\/pokaa.fr\/wp-content\/uploads\/2025\/09\/11\/la-base-bar-restaurant-burger-tapas-img-8533-2.jpeg\" decoding=\"async\" loading=\"lazy\"  \/>            <\/p>\n<p>                <img width=\"375\" height=\"500\" src=\"https:\/\/www.europesays.com\/fr\/wp-content\/uploads\/2025\/09\/la-base-bar-restaurant-burger-tapas-img-8535-2-375x500.jpeg\" class=\"attachment-gallery size-gallery\" alt=\"La base bar restaurant burger tapas IMG_8535 2\" data-full-url=\"https:\/\/pokaa.fr\/wp-content\/uploads\/2025\/09\/11\/la-base-bar-restaurant-burger-tapas-img-8535-2.jpeg\" decoding=\"async\" loading=\"lazy\"  \/>            <\/p>\n<p>                <img width=\"375\" height=\"500\" src=\"https:\/\/www.europesays.com\/fr\/wp-content\/uploads\/2025\/09\/la-base-bar-restaurant-burger-tapas-img-8550-2-375x500.jpeg\" class=\"attachment-gallery size-gallery\" alt=\"La base bar restaurant burger tapas IMG_8550 2\" data-full-url=\"https:\/\/pokaa.fr\/wp-content\/uploads\/2025\/09\/11\/la-base-bar-restaurant-burger-tapas-img-8550-2.jpeg\" decoding=\"async\" loading=\"lazy\"  \/>            <\/p>\n<p>                    \u00a9 Bastien Pietronave \/ Pokaa<\/p>\n<p>Et si tout cela ne suffisait pas,<strong> un brunch est d\u00e9sormais propos\u00e9 tous les dimanches<\/strong>. On retrouve <strong>une formule avec des buns garnis<\/strong> (viande, poisson ou v\u00e9g\u00e9) + un encas sucr\u00e9 (p\u00e2tisserie ou muesli) + th\u00e9 et caf\u00e9 \u00e0 22 \u20ac et <strong>une autre formule avec des pancakes en plus pour 28 \u20ac<\/strong>. On l\u2019avoue, <strong>on ne l\u2019a pas encore test\u00e9<\/strong>, mais \u00e7a ne devrait pas tarder.<\/p>\n<p>Vous l\u2019avez compris, La Base a multipli\u00e9 les arguments<strong> pour s\u00e9duire les amoureux\/ses de bar convivial, simple et loin des concepts<\/strong>. On y mange bien, <strong>la bi\u00e8re est \u00e0 la fois bonne et enivrante<\/strong> (\u00e0 consommer avec mod\u00e9ration), et on y croise <strong>les derniers rayons de soleil de l\u2019\u00e9t\u00e9<\/strong>, ceux qui rechargent les batteries avant l\u2019hiver.<\/p>\n<p>                <img width=\"320\" height=\"500\" src=\"https:\/\/www.europesays.com\/fr\/wp-content\/uploads\/2025\/09\/la-base-bar-restaurant-burger-tapas-img-8901-2-320x500.jpeg\" class=\"attachment-gallery size-gallery\" alt=\"La base bar restaurant burger tapas IMG_8901 2\" data-full-url=\"https:\/\/pokaa.fr\/wp-content\/uploads\/2025\/09\/11\/la-base-bar-restaurant-burger-tapas-img-8901-2.jpeg\" decoding=\"async\" loading=\"lazy\"  \/>            <\/p>\n<p>                <img width=\"375\" height=\"500\" src=\"https:\/\/www.europesays.com\/fr\/wp-content\/uploads\/2025\/09\/la-base-bar-restaurant-burger-tapas-img-8435-3-375x500.jpeg\" class=\"attachment-gallery size-gallery\" alt=\"La base bar restaurant burger tapas IMG_8435 3\" data-full-url=\"https:\/\/pokaa.fr\/wp-content\/uploads\/2025\/09\/11\/la-base-bar-restaurant-burger-tapas-img-8435-3.jpeg\" decoding=\"async\" loading=\"lazy\"  \/>            <\/p>\n<p>                <img width=\"375\" height=\"500\" src=\"https:\/\/www.europesays.com\/fr\/wp-content\/uploads\/2025\/09\/la-base-bar-restaurant-burger-tapas-img-8424-2-375x500.jpeg\" class=\"attachment-gallery size-gallery\" alt=\"La base bar restaurant burger tapas IMG_8424 2\" data-full-url=\"https:\/\/pokaa.fr\/wp-content\/uploads\/2025\/09\/11\/la-base-bar-restaurant-burger-tapas-img-8424-2.jpeg\" decoding=\"async\" loading=\"lazy\"  \/>            <\/p>\n<p>                <img width=\"375\" height=\"500\" src=\"https:\/\/www.europesays.com\/fr\/wp-content\/uploads\/2025\/09\/la-base-bar-restaurant-burger-tapas-img-8358-2-375x500.jpeg\" class=\"attachment-gallery size-gallery\" alt=\"La base bar restaurant burger tapas IMG_8358 2\" data-full-url=\"https:\/\/pokaa.fr\/wp-content\/uploads\/2025\/09\/11\/la-base-bar-restaurant-burger-tapas-img-8358-2.jpeg\" decoding=\"async\" loading=\"lazy\"  \/>            <\/p>\n<p>                <img width=\"667\" height=\"500\" src=\"https:\/\/www.europesays.com\/fr\/wp-content\/uploads\/2025\/09\/la-base-bar-restaurant-burger-tapas-img-8363-2-667x500.jpeg\" class=\"attachment-gallery size-gallery\" alt=\"La base bar restaurant burger tapas IMG_8363 2\" data-full-url=\"https:\/\/pokaa.fr\/wp-content\/uploads\/2025\/09\/11\/la-base-bar-restaurant-burger-tapas-img-8363-2.jpeg\" decoding=\"async\" loading=\"lazy\"  \/>            <\/p>\n<p>                <img width=\"375\" height=\"500\" src=\"https:\/\/www.europesays.com\/fr\/wp-content\/uploads\/2025\/09\/la-base-bar-restaurant-burger-tapas-img-8408-3-375x500.jpeg\" class=\"attachment-gallery size-gallery\" alt=\"La base bar restaurant burger tapas IMG_8408 3\" data-full-url=\"https:\/\/pokaa.fr\/wp-content\/uploads\/2025\/09\/11\/la-base-bar-restaurant-burger-tapas-img-8408-3.jpeg\" decoding=\"async\" loading=\"lazy\"  \/>            <\/p>\n<p>                    \u00a9 Bastien Pietronave \/ Pokaa<\/p>\n<p>Les petits et les gros +<\/p>\n<ul>\n<li>C\u2019est un spot de passage, central, et ouvert 7 jours sur 7 en continu, parfait pour se retrouver apr\u00e8s le boulot<\/li>\n<li><strong>L\u2019ouverture d\u2019un bar ind\u00e9pendant, c\u2019est toujours r\u00e9jouissant<\/strong><\/li>\n<li>La carte donne vraiment envie, et ce qu\u2019on a pu manger le jour de notre passage \u00e9tait vraiment r\u00e9ussi, on sent que la cuisine a plein d\u2019id\u00e9es.<\/li>\n<li><strong>L\u2019happy court de 17h \u00e0 19h30 du lundi au vendredi<\/strong><\/li>\n<li>Des \u00e9v\u00e9nements ont lieu fr\u00e9quemment<\/li>\n<li>Les beer geek vont pouvoir se mettre bien<\/li>\n<li><strong>On aime cette ambiance de bar de quartier avec de vastes bancs qui rapprochent<\/strong><\/li>\n<li>L\u2019int\u00e9rieur retap\u00e9, mi-taverne mi-industriel, est plut\u00f4t r\u00e9ussi, et on peut m\u00eame s\u2019affaler dans des canap\u00e9s<\/li>\n<li><strong>L\u2019\u00e9quipe cr\u00e9\u00e9e ses propres bi\u00e8res et elle a m\u00eame co-con\u00e7u un vin et un gin<\/strong><\/li>\n<li>Le bar est ouvert jusqu\u2019\u00e0 3h le vendredi et le samedi<\/li>\n<\/ul>\n<p>            La Base <\/p>\n<p>            Quoi ?<br \/>\n            Bar \/ resto         <\/p>\n<p>            o\u00f9 ?<br \/>\n            2 Avenue Jean-Jaur\u00e8s \u00e0 Strasbourg        <\/p>\n<p>                Plus d&rsquo;infos ?<\/p>\n<p><strong><a href=\"https:\/\/www.google.com\/url?sa=t&amp;source=web&amp;rct=j&amp;opi=89978449&amp;url=https:\/\/www.instagram.com\/labase_strasbourg\/%3Fhl%3Dfr&amp;ved=2ahUKEwjSs-SKptOPAxWhdqQEHZqnB9kQFnoECE8QAQ&amp;usg=AOvVaw2PNE3SWTDFje-_vfFWJOwP\" target=\"_blank\" rel=\"noopener nofollow\">La page Instagram<\/a><\/strong><\/p>\n<p><strong>T\u00e9l : 03 88 34 64 86<\/strong><\/p>\n<p><script async src=\"\/\/www.instagram.com\/embed.js\"><\/script><\/p>\n","protected":false},"excerpt":{"rendered":"Apr\u00e8s une ouverture remarqu\u00e9e au printemps dernier, on vous pr\u00e9sente enfin La Base, un bar-restaurant qui s\u2019est install\u00e9&hellip;\n","protected":false},"author":2,"featured_media":391129,"comment_status":"","ping_status":"","sticky":false,"template":"","format":"standard","meta":{"footnotes":""},"categories":[2820],"tags":[1111,11,9732,1777,674,1011,27,775,12,4565,25,1340,640],"class_list":{"0":"post-391128","1":"post","2":"type-post","3":"status-publish","4":"format-standard","5":"has-post-thumbnail","7":"category-strasbourg","8":"tag-actu","9":"tag-actualites","10":"tag-bar","11":"tag-eu","12":"tag-europe","13":"tag-fr","14":"tag-france","15":"tag-grand-est","16":"tag-news","17":"tag-nouveau","18":"tag-republique-francaise","19":"tag-restaurant","20":"tag-strasbourg"},"share_on_mastodon":{"url":"https:\/\/pubeurope.com\/@fr\/115204834218416527","error":""},"_links":{"self":[{"href":"https:\/\/www.europesays.com\/fr\/wp-json\/wp\/v2\/posts\/391128","targetHints":{"allow":["GET"]}}],"collection":[{"href":"https:\/\/www.europesays.com\/fr\/wp-json\/wp\/v2\/posts"}],"about":[{"href":"https:\/\/www.europesays.com\/fr\/wp-json\/wp\/v2\/types\/post"}],"author":[{"embeddable":true,"href":"https:\/\/www.europesays.com\/fr\/wp-json\/wp\/v2\/users\/2"}],"replies":[{"embeddable":true,"href":"https:\/\/www.europesays.com\/fr\/wp-json\/wp\/v2\/comments?post=391128"}],"version-history":[{"count":0,"href":"https:\/\/www.europesays.com\/fr\/wp-json\/wp\/v2\/posts\/391128\/revisions"}],"wp:featuredmedia":[{"embeddable":true,"href":"https:\/\/www.europesays.com\/fr\/wp-json\/wp\/v2\/media\/391129"}],"wp:attachment":[{"href":"https:\/\/www.europesays.com\/fr\/wp-json\/wp\/v2\/media?parent=391128"}],"wp:term":[{"taxonomy":"category","embeddable":true,"href":"https:\/\/www.europesays.com\/fr\/wp-json\/wp\/v2\/categories?post=391128"},{"taxonomy":"post_tag","embeddable":true,"href":"https:\/\/www.europesays.com\/fr\/wp-json\/wp\/v2\/tags?post=391128"}],"curies":[{"name":"wp","href":"https:\/\/api.w.org\/{rel}","templated":true}]}}