{"id":391136,"date":"2025-09-14T21:46:18","date_gmt":"2025-09-14T21:46:18","guid":{"rendered":"https:\/\/www.europesays.com\/fr\/391136\/"},"modified":"2025-09-14T21:46:18","modified_gmt":"2025-09-14T21:46:18","slug":"dernier-jour-pour-profiter-des-artistes-et-animations-au-salon-du-tatouage-ce-dimanche-14-septembre","status":"publish","type":"post","link":"https:\/\/www.europesays.com\/fr\/391136\/","title":{"rendered":"Dernier jour pour profiter des artistes et animations au salon du tatouage ce dimanche 14\u00a0septembre"},"content":{"rendered":"<p>Les amateurs d\u2019encre ont rendez-vous \u00e0 Nantes ce week-end pour une nouvelle \u00e9dition de la <a href=\"https:\/\/nantes.maville.com\/actu\/actudet_-le-best-of-des-tatoueurs-de-la-nantes-tattoo-convention-_52716-5428467_actu.Htm?utm_source=troove&amp;utm_medium=site\" target=\"_self\" rel=\"nofollow noopener\">Convention de Tatouage<\/a>, qui se tient depuis ce vendredi, jusqu\u2019\u00e0 ce dimanche 14\u00a0septembre, au Parc des expositions de la Beaujoire.<\/p>\n<blockquote class=\"instagram-media\" data-instgrm-captioned=\"\" data-instgrm-permalink=\"https:\/\/www.instagram.com\/reel\/DOjTP54DNwV\/?utm_source=ig_embed&amp;utm_campaign=loading\" data-instgrm-version=\"14\" style=\" background:#FFF; border:0; border-radius:3px; box-shadow:0 0 1px 0 rgba(0,0,0,0.5),0 1px 10px 0 rgba(0,0,0,0.15); margin: 1px; max-width:540px; min-width:326px; padding:0; width:99.375%; width:-webkit-calc(100% - 2px); width:calc(100% - 2px);\" wp_automatic_readability=\"-0.17948717948718\"\/>\n<p>Plus de 350\u00a0artistes<\/p>\n<p>Sur place, plus de 350\u00a0artistes tatoueurs venus de toute la France et de l\u2019\u00e9tranger seront pr\u00e9sents pour exposer leur art, r\u00e9aliser des cr\u00e9ations en direct et rencontrer le public.<\/p>\n<p>Une occasion id\u00e9ale pour d\u00e9couvrir les derni\u00e8res tendances du tatouage, prendre rendez-vous avec un artiste ou simplement fl\u00e2ner entre les stands.<\/p>\n<p>L\u2019\u00e9v\u00e9nement propose \u00e9galement une table ronde et des spectacles de danse ou de cirque.<\/p>\n<p><strong>Ce dimanche 14\u00a0septembre<\/strong>, de 10\u00a0h \u00e0 19\u00a0h, au\u00a0Parc des expositions de la Beaujoire \u00e0 Nantes. Tarif\u00a0: 15\u00a0\u20ac la journ\u00e9e \u2013 Gratuit pour les moins de 16\u00a0ans\u00a0.\u00a0?<\/p>\n<p>\u00a0<\/p>\n<p>\t\t<script async src=\"\/\/www.instagram.com\/embed.js\"><\/script><\/p>\n","protected":false},"excerpt":{"rendered":"Les amateurs d\u2019encre ont rendez-vous \u00e0 Nantes ce week-end pour une nouvelle \u00e9dition de la Convention de Tatouage,&hellip;\n","protected":false},"author":2,"featured_media":391137,"comment_status":"","ping_status":"","sticky":false,"template":"","format":"standard","meta":{"footnotes":""},"categories":[2818],"tags":[5659,1111,11,1063,2937,4431,6664,1777,674,1011,27,4432,766,12,2636,4433,25,6290,395,3735],"class_list":{"0":"post-391136","1":"post","2":"type-post","3":"status-publish","4":"format-standard","5":"has-post-thumbnail","7":"category-nantes","8":"tag-5659","9":"tag-actu","10":"tag-actualites","11":"tag-animations","12":"tag-artistes","13":"tag-dernier","14":"tag-dimanche","15":"tag-eu","16":"tag-europe","17":"tag-fr","18":"tag-france","19":"tag-jour","20":"tag-nantes","21":"tag-news","22":"tag-pays-de-la-loire","23":"tag-profiter","24":"tag-republique-francaise","25":"tag-salon","26":"tag-septembre","27":"tag-tatouage"},"share_on_mastodon":{"url":"https:\/\/pubeurope.com\/@fr\/115204848602502142","error":""},"_links":{"self":[{"href":"https:\/\/www.europesays.com\/fr\/wp-json\/wp\/v2\/posts\/391136","targetHints":{"allow":["GET"]}}],"collection":[{"href":"https:\/\/www.europesays.com\/fr\/wp-json\/wp\/v2\/posts"}],"about":[{"href":"https:\/\/www.europesays.com\/fr\/wp-json\/wp\/v2\/types\/post"}],"author":[{"embeddable":true,"href":"https:\/\/www.europesays.com\/fr\/wp-json\/wp\/v2\/users\/2"}],"replies":[{"embeddable":true,"href":"https:\/\/www.europesays.com\/fr\/wp-json\/wp\/v2\/comments?post=391136"}],"version-history":[{"count":0,"href":"https:\/\/www.europesays.com\/fr\/wp-json\/wp\/v2\/posts\/391136\/revisions"}],"wp:featuredmedia":[{"embeddable":true,"href":"https:\/\/www.europesays.com\/fr\/wp-json\/wp\/v2\/media\/391137"}],"wp:attachment":[{"href":"https:\/\/www.europesays.com\/fr\/wp-json\/wp\/v2\/media?parent=391136"}],"wp:term":[{"taxonomy":"category","embeddable":true,"href":"https:\/\/www.europesays.com\/fr\/wp-json\/wp\/v2\/categories?post=391136"},{"taxonomy":"post_tag","embeddable":true,"href":"https:\/\/www.europesays.com\/fr\/wp-json\/wp\/v2\/tags?post=391136"}],"curies":[{"name":"wp","href":"https:\/\/api.w.org\/{rel}","templated":true}]}}