{"id":391138,"date":"2025-09-14T21:47:19","date_gmt":"2025-09-14T21:47:19","guid":{"rendered":"https:\/\/www.europesays.com\/fr\/391138\/"},"modified":"2025-09-14T21:47:19","modified_gmt":"2025-09-14T21:47:19","slug":"u19-nationaux-le-derby-pour-le-fc-nantes-lussa-vertou-sombre-a-lorient-sport","status":"publish","type":"post","link":"https:\/\/www.europesays.com\/fr\/391138\/","title":{"rendered":"U19 nationaux : le derby pour le FC Nantes, l\u2019USSA Vertou sombre \u00e0 Lorient . Sport"},"content":{"rendered":"<p>Un derby \u00e7a ne se joue pas, \u00e7a se gagne. Le FC Nantes a suivi ce leitmotiv \u00e0 la perfection. Oppos\u00e9s au Stade Rennais, les Canaris poursuivent leur sans-faute avec une quatri\u00e8me victoire en autant de rencontres.<\/p>\n<p>Plus exp\u00e9riment\u00e9s sur le papier que les Rouge et Noir, les hommes de St\u00e9phane Moreau ont trouv\u00e9 le chemin du but \u00e0 deux reprises. Une premi\u00e8re fois par l\u2019interm\u00e9diaire de Foucan (44e) puis en toute fin de match gr\u00e2ce \u00e0 Dago (94e). Premier avec le Stade Brestois, le FC Nantes voudra passer la cinqui\u00e8me face \u00e0 Avranches, la semaine prochaine, \u00e0 Marcel-Saupin.<\/p>\n<p>Score lourd pour Vertou<\/p>\n<p>Dans le m\u00eame temps, l\u2019autre \u00e9quipe de Loire-Atlantique, l\u2019USSA Vertou, se d\u00e9pla\u00e7ait aussi en Bretagne, \u00e0 Lorient avec l\u2019objectif de repartir avec au moins un point, et pourquoi pas, avec la premi\u00e8re victoire de la saison. Malheureusement \u00e7a ne sera pas pour ce week-end.<\/p>\n<p>Trop friables, les Vertaviens ont fait des erreurs qui se paient cash \u00e0 ce niveau-l\u00e0. Une d\u00e9faite qui fait mal avec un score lourd de 6-1. L\u2019apprentissage continue pour l\u2019USSA qui a un match important la semaine prochaine avec la r\u00e9ception de Saint-Renan.<\/p>\n<p>Stade Rennais \u2013 FC Nantes : 0-2<\/p>\n<p>Buts\u00a0: Foucan (44e), Dago (94e)<\/p>\n<p>FC Lorient \u2013 USSA Vertou ; 6-1<\/p>\n<p>Buts\u00a0: Salomon (12e), Amougui Montreuil (17e), Peslerbe (36e), Trules (51e et 83e), Ly (65e) pour Lorient\u00a0; Moussayir (85e) pour Vertou<\/p>\n<p>\u00a0<\/p>\n","protected":false},"excerpt":{"rendered":"Un derby \u00e7a ne se joue pas, \u00e7a se gagne. Le FC Nantes a suivi ce leitmotiv \u00e0&hellip;\n","protected":false},"author":2,"featured_media":391139,"comment_status":"","ping_status":"","sticky":false,"template":"","format":"standard","meta":{"footnotes":""},"categories":[2818],"tags":[1111,11,3809,1465,1777,674,63,1011,27,1792,1922,766,12,2636,25,479,517,1470],"class_list":{"0":"post-391138","1":"post","2":"type-post","3":"status-publish","4":"format-standard","5":"has-post-thumbnail","7":"category-nantes","8":"tag-actu","9":"tag-actualites","10":"tag-ball","11":"tag-basket","12":"tag-eu","13":"tag-europe","14":"tag-football","15":"tag-fr","16":"tag-france","17":"tag-handball","18":"tag-info","19":"tag-nantes","20":"tag-news","21":"tag-pays-de-la-loire","22":"tag-republique-francaise","23":"tag-rugby","24":"tag-sport","25":"tag-volley"},"share_on_mastodon":{"url":"https:\/\/pubeurope.com\/@fr\/115204852521751937","error":""},"_links":{"self":[{"href":"https:\/\/www.europesays.com\/fr\/wp-json\/wp\/v2\/posts\/391138","targetHints":{"allow":["GET"]}}],"collection":[{"href":"https:\/\/www.europesays.com\/fr\/wp-json\/wp\/v2\/posts"}],"about":[{"href":"https:\/\/www.europesays.com\/fr\/wp-json\/wp\/v2\/types\/post"}],"author":[{"embeddable":true,"href":"https:\/\/www.europesays.com\/fr\/wp-json\/wp\/v2\/users\/2"}],"replies":[{"embeddable":true,"href":"https:\/\/www.europesays.com\/fr\/wp-json\/wp\/v2\/comments?post=391138"}],"version-history":[{"count":0,"href":"https:\/\/www.europesays.com\/fr\/wp-json\/wp\/v2\/posts\/391138\/revisions"}],"wp:featuredmedia":[{"embeddable":true,"href":"https:\/\/www.europesays.com\/fr\/wp-json\/wp\/v2\/media\/391139"}],"wp:attachment":[{"href":"https:\/\/www.europesays.com\/fr\/wp-json\/wp\/v2\/media?parent=391138"}],"wp:term":[{"taxonomy":"category","embeddable":true,"href":"https:\/\/www.europesays.com\/fr\/wp-json\/wp\/v2\/categories?post=391138"},{"taxonomy":"post_tag","embeddable":true,"href":"https:\/\/www.europesays.com\/fr\/wp-json\/wp\/v2\/tags?post=391138"}],"curies":[{"name":"wp","href":"https:\/\/api.w.org\/{rel}","templated":true}]}}