{"id":391140,"date":"2025-09-14T21:48:15","date_gmt":"2025-09-14T21:48:15","guid":{"rendered":"https:\/\/www.europesays.com\/fr\/391140\/"},"modified":"2025-09-14T21:48:15","modified_gmt":"2025-09-14T21:48:15","slug":"orchestre-national-bordeaux-aquitaine-le-belvedere-au-diapason","status":"publish","type":"post","link":"https:\/\/www.europesays.com\/fr\/391140\/","title":{"rendered":"Orchestre national Bordeaux-Aquitaine\u00a0: Le Belv\u00e9d\u00e8re au diapason"},"content":{"rendered":"<p>\u00c0\u00a021\u00a0h\u00a010, il suffisait de fermer les yeux. On n\u2019\u00e9tait plus \u00e0 Bordeaux, mais sur la lagune de Venise, voguant vers la place Saint-Marc avant de prendre une gondole pour le Lido. Au programme du concert de rentr\u00e9e de l\u2019Orchestre national Bordeaux-Aquitaine, diffus\u00e9 en direct le 12\u00a0septembre depuis l\u2019auditorium, figurait\u00a0l\u2019Adagietto de la \u00ab\u00a0Cinqui\u00e8me symphonie\u00a0\u00bb de Gustav Mahler, qui a sublim\u00e9 le film \u00ab\u00a0Mort \u00e0 Venise\u00a0\u00bb, chef-d\u2019\u0153uvre de Luchino Visconti. Malgr\u00e9 les bruits de la ville et les m\u00e9lodies plus actuelles s\u2019\u00e9chappant d\u2019un autre rendez-vous festif, plus rien n\u2019existe \u00e0 l\u2019\u00e9coute de cette tension dramatique.<\/p>\n<p>\u00ab\u00a0\u00c0 refaire\u00a0\u00bb<\/p>\n<p>Arriv\u00e9s les premiers, Isabelle et Laurent, qui habitent juste en face, \u00e9taient assis sur les caisses de bois pr\u00e9vues \u00e0 cet effet, l\u2019une supportant leurs deux verres de ros\u00e9 bien frais. \u00ab\u00a0Pour int\u00e9resser des gens qui n\u2019iraient pas forc\u00e9ment \u00e0 l\u2019Op\u00e9ra, c\u2019est bien de commencer par des choses hyper connues\u00a0\u00bb, remarquaient-ils. En l\u2019occurrence la \u00ab\u00a0Marche triomphale\u00a0\u00bb d\u2019A\u00efda, de Giuseppe Verdi. Le d\u00e9cor pyramidal de cette place s\u2019y pr\u00eatait parfaitement. En plus de ce parterre de caissettes qui pla\u00eet beaucoup aux enfants, les plus jeunes les superposant pour en faire des sortes de fortifications, il y a deux s\u00e9ries de gradins, surplomb\u00e9s par une terrasse.<\/p>\n<p>Ce th\u00e9\u00e2tre de plein air faisait partie des onze sites, diss\u00e9min\u00e9s dans tout Bordeaux, o\u00f9 l\u2019on pouvait partager cette exp\u00e9rience. Dans ce nouveau quartier de la rive droite, c\u2019\u00e9tait une premi\u00e8re, tout comme aux Halles de Bacalan. Parmi les spectateurs, Anne, 81\u00a0ans, abonn\u00e9e \u00e0 l\u2019Op\u00e9ra de Bordeaux et qui s\u2019est mise \u00e0 l\u2019orgue \u00e0 70\u00a0ans, ou encore Rafa\u00ebla, 7\u00a0ans, et son fr\u00e8re Luca, 11\u00a0ans, qui jouent respectivement du violoncelle et du luth.<\/p>\n<p>L\u2019\u00e9cran g\u00e9ant \u00e9tait orient\u00e9 en direction des tables du Bien Public, \u00e9tablissement associ\u00e9 \u00e0 l\u2019op\u00e9ration, qui fait \u00e0 la fois salle de spectacle, bar et restaurant. \u00c0 la fin, des applaudissements ont accompagn\u00e9 ceux, particuli\u00e8rement nourris, de l\u2019auditorium. \u00ab\u00a0\u00c0 refaire, approuvent Isabelle et Laurent. \u00c7a fait vivre le quartier\u00a0\u00bb.<\/p>\n","protected":false},"excerpt":{"rendered":"\u00c0\u00a021\u00a0h\u00a010, il suffisait de fermer les yeux. On n\u2019\u00e9tait plus \u00e0 Bordeaux, mais sur la lagune de Venise,&hellip;\n","protected":false},"author":2,"featured_media":391141,"comment_status":"","ping_status":"","sticky":false,"template":"","format":"standard","meta":{"footnotes":""},"categories":[2817],"tags":[1111,11,1997,1777,674,1011,27,12,2219,25],"class_list":{"0":"post-391140","1":"post","2":"type-post","3":"status-publish","4":"format-standard","5":"has-post-thumbnail","7":"category-bordeaux","8":"tag-actu","9":"tag-actualites","10":"tag-bordeaux","11":"tag-eu","12":"tag-europe","13":"tag-fr","14":"tag-france","15":"tag-news","16":"tag-nouvelle-aquitaine","17":"tag-republique-francaise"},"share_on_mastodon":{"url":"https:\/\/pubeurope.com\/@fr\/115204856459721897","error":""},"_links":{"self":[{"href":"https:\/\/www.europesays.com\/fr\/wp-json\/wp\/v2\/posts\/391140","targetHints":{"allow":["GET"]}}],"collection":[{"href":"https:\/\/www.europesays.com\/fr\/wp-json\/wp\/v2\/posts"}],"about":[{"href":"https:\/\/www.europesays.com\/fr\/wp-json\/wp\/v2\/types\/post"}],"author":[{"embeddable":true,"href":"https:\/\/www.europesays.com\/fr\/wp-json\/wp\/v2\/users\/2"}],"replies":[{"embeddable":true,"href":"https:\/\/www.europesays.com\/fr\/wp-json\/wp\/v2\/comments?post=391140"}],"version-history":[{"count":0,"href":"https:\/\/www.europesays.com\/fr\/wp-json\/wp\/v2\/posts\/391140\/revisions"}],"wp:featuredmedia":[{"embeddable":true,"href":"https:\/\/www.europesays.com\/fr\/wp-json\/wp\/v2\/media\/391141"}],"wp:attachment":[{"href":"https:\/\/www.europesays.com\/fr\/wp-json\/wp\/v2\/media?parent=391140"}],"wp:term":[{"taxonomy":"category","embeddable":true,"href":"https:\/\/www.europesays.com\/fr\/wp-json\/wp\/v2\/categories?post=391140"},{"taxonomy":"post_tag","embeddable":true,"href":"https:\/\/www.europesays.com\/fr\/wp-json\/wp\/v2\/tags?post=391140"}],"curies":[{"name":"wp","href":"https:\/\/api.w.org\/{rel}","templated":true}]}}